{"id":679,"date":"2014-07-24T09:30:39","date_gmt":"2014-07-24T08:30:39","guid":{"rendered":"https:\/\/www.activasalut.com\/capsula-de-coneixement-habits-nocius-de-succio\/"},"modified":"2015-09-02T18:50:56","modified_gmt":"2015-09-02T16:50:56","slug":"capsula-de-coneixement-habits-nocius-de-succio","status":"publish","type":"post","link":"https:\/\/www.activasalut.com\/ca\/capsula-de-coneixement-habits-nocius-de-succio\/","title":{"rendered":"H\u00e0bits nocius de succi\u00f3"},"content":{"rendered":"<p style=\"text-align: justify;\"><span style=\"color: #000000;\">\u201cNo et xuclis el dit!\u201d, \u201cno et mosseguis el jersei!!\u201d, \u201cencara portes xumet?\u201d, \u201cno et mosseguis les ungles!!\u201d<\/span><\/p>\n<p style=\"text-align: justify;\"><span style=\"color: #000000;\">Per qu\u00e8 no???<\/span><!--more--><\/p>\n<p style=\"text-align: justify;\"><strong><span style=\"color: #000000;\">Aquests h\u00e0bits poden afectar a la implantaci\u00f3 dent\u00e0ria i\/o a altres \u00f2rgans actius de l&#8217;articulaci\u00f3 produint disl\u00e0lies o alteracions en alguns dels \u00f2rgans que intervenen en la parla.<\/span><\/strong><\/p>\n<p style=\"text-align: justify;\"><span style=\"color: #000000;\">1.-<strong>SUCCI\u00d3 DIGITAL<\/strong>. \u201cxuclar-se el dit\u201d, segons la pressi\u00f3 que s&#8217;exerceixi pot provocar deformaci\u00f3 del paladar, alteraci\u00f3 en la implantaci\u00f3 de les dents i alteracions en l&#8217;articulaci\u00f3 de sons del parla \/r\/, \/s\/ etc.<\/span><\/p>\n<p style=\"text-align: justify;\"><span style=\"color: #000000;\">2.- <strong>SUCCI\u00d3 DEL XUMET.<\/strong> L&#8217;\u00fas d&#8217;un xumet adequat, amb tetina anat\u00f2mica i respectant pautes d&#8217;intensitat i durada sense sobrepassar l&#8217;\u00fas fins als dos, dos anys i mig d&#8217;edat, no \u00e9s lesiu, \u00e9s fins i tot important per afavorir la succi\u00f3 i el creixement del maxil\u00b7lar superior. Del contrari pot produir alteracions en la implantaci\u00f3 dent\u00e0ria, en la degluci\u00f3, en l&#8217;articulaci\u00f3, en totes o en alguna d&#8217;elles.<\/span><\/p>\n<p style=\"text-align: justify;\"><span style=\"color: #000000;\">3.- <strong>SUCCI\u00d3 LABIAL, LINGUAL O DE LES GALTES.<\/strong> \u201cmossegar-se el llavi, la llengua i\/o les galtes\u201d, pot produir despla\u00e7ament dels incisius inferiors i superiors, en ocasions tamb\u00e9 alteracions en les mand\u00edbules.<\/span><\/p>\n<p style=\"text-align: justify;\">\n<p style=\"text-align: justify;\"><span style=\"color: #000000;\">\u00a04.- <strong>SUCCI\u00d3 D&#8217;OBJECTES.<\/strong> \u201cmossegar els punys del jersei, el coll de la samarreta, el llapis&#8230; Pot provocar en casos extrems desviacions de la mand\u00edbula.<\/span><\/p>\n<p style=\"text-align: justify;\"><span style=\"color: #000000;\">5.- <strong>ONICOF\u00c0GIA.<\/strong> \u201cmossegar-se les ungles\u201d, pot produir disfuncions en les arcades dent\u00e0ries.<\/span><\/p>\n<p style=\"text-align: justify;\"><span style=\"color: #000000;\">\u00a0<a href=\"https:\/\/www.activasalut.com\/wp-content\/uploads\/2014\/07\/foto-2.jpg\"><img decoding=\"async\" loading=\"lazy\" class=\"alignnone size-medium wp-image-269\" src=\"https:\/\/www.activasalut.com\/wp-content\/uploads\/2014\/07\/foto-2-300x225.jpg\" alt=\"Moderse las u\u00f1as\" width=\"300\" height=\"225\" srcset=\"https:\/\/www.activasalut.com\/wp-content\/uploads\/2014\/07\/foto-2-300x225.jpg 300w, https:\/\/www.activasalut.com\/wp-content\/uploads\/2014\/07\/foto-2.jpg 640w\" sizes=\"(max-width: 300px) 100vw, 300px\" \/><\/a><\/span><\/p>\n<p style=\"text-align: justify;\"><span style=\"color: #000000;\">Els h\u00e0bits nocius juntament amb alteracions en la respiraci\u00f3 pot comportar problemes de degluci\u00f3 at\u00edpica i d&#8217;articulaci\u00f3. Per aquest motiu \u00e9s recomanable evitar-ho o en defecte d&#8217;aix\u00f2 intervenir el m\u00e9s aviat possible.<\/span><\/p>\n","protected":false},"excerpt":{"rendered":"<p>\u201cNo et xuclis el dit!\u201d, \u201cno et mosseguis el jersei!!\u201d, \u201cencara portes xumet?\u201d, \u201cno et mosseguis les ungles!!\u201d Per qu\u00e8 no???<\/p>\n","protected":false},"author":11,"featured_media":1254,"comment_status":"open","ping_status":"open","sticky":false,"template":"","format":"standard","meta":[],"categories":[783,88,611],"tags":[882,913,459,914,915,916],"yoast_head":"<!-- This site is optimized with the Yoast SEO plugin v20.0 - https:\/\/yoast.com\/wordpress\/plugins\/seo\/ -->\n<title>H\u00e0bits nocius de succi\u00f3- Corporaci\u00f3 Fisiogesti\u00f3n<\/title>\n<meta name=\"description\" content=\"Els h\u00e0bits nocius poden afectar a la implantaci\u00f3 dent\u00e0ria i\/o a altres \u00f2rgans actius de l&#039;articulaci\u00f3...\" \/>\n<meta name=\"robots\" content=\"index, follow, max-snippet:-1, max-image-preview:large, max-video-preview:-1\" \/>\n<link rel=\"canonical\" href=\"https:\/\/www.activasalut.com\/ca\/capsula-de-coneixement-habits-nocius-de-succio\/\" \/>\n<meta property=\"og:locale\" content=\"ca_ES\" \/>\n<meta property=\"og:type\" content=\"article\" \/>\n<meta property=\"og:title\" content=\"H\u00e0bits nocius de succi\u00f3- Corporaci\u00f3 Fisiogesti\u00f3n\" \/>\n<meta property=\"og:description\" content=\"Els h\u00e0bits nocius poden afectar a la implantaci\u00f3 dent\u00e0ria i\/o a altres \u00f2rgans actius de l&#039;articulaci\u00f3...\" \/>\n<meta property=\"og:url\" content=\"https:\/\/www.activasalut.com\/ca\/capsula-de-coneixement-habits-nocius-de-succio\/\" \/>\n<meta property=\"og:site_name\" content=\"Corporaci\u00f3 Fisiogesti\u00f3\" \/>\n<meta property=\"article:published_time\" content=\"2014-07-24T08:30:39+00:00\" \/>\n<meta property=\"article:modified_time\" content=\"2015-09-02T16:50:56+00:00\" \/>\n<meta property=\"og:image\" content=\"https:\/\/www.activasalut.com\/wp-content\/uploads\/2014\/07\/C\u00e1psula-de-conocimiento.png\" \/>\n\t<meta property=\"og:image:width\" content=\"225\" \/>\n\t<meta property=\"og:image:height\" content=\"300\" \/>\n\t<meta property=\"og:image:type\" content=\"image\/png\" \/>\n<meta name=\"author\" content=\"Marta S\u00e1nchez\" \/>\n<meta name=\"twitter:label1\" content=\"Escrit per\" \/>\n\t<meta name=\"twitter:data1\" content=\"Marta S\u00e1nchez\" \/>\n\t<meta name=\"twitter:label2\" content=\"Temps estimat de lectura\" \/>\n\t<meta name=\"twitter:data2\" content=\"1 minut\" \/>\n<script type=\"application\/ld+json\" class=\"yoast-schema-graph\">{\"@context\":\"https:\/\/schema.org\",\"@graph\":[{\"@type\":\"WebPage\",\"@id\":\"https:\/\/www.activasalut.com\/ca\/capsula-de-coneixement-habits-nocius-de-succio\/\",\"url\":\"https:\/\/www.activasalut.com\/ca\/capsula-de-coneixement-habits-nocius-de-succio\/\",\"name\":\"H\u00e0bits nocius de succi\u00f3- Corporaci\u00f3 Fisiogesti\u00f3n\",\"isPartOf\":{\"@id\":\"https:\/\/www.activasalut.com\/ca\/#website\"},\"datePublished\":\"2014-07-24T08:30:39+00:00\",\"dateModified\":\"2015-09-02T16:50:56+00:00\",\"author\":{\"@id\":\"https:\/\/www.activasalut.com\/ca\/#\/schema\/person\/d5143be2de4caf189b0d7ac707abe439\"},\"description\":\"Els h\u00e0bits nocius poden afectar a la implantaci\u00f3 dent\u00e0ria i\/o a altres \u00f2rgans actius de l'articulaci\u00f3...\",\"breadcrumb\":{\"@id\":\"https:\/\/www.activasalut.com\/ca\/capsula-de-coneixement-habits-nocius-de-succio\/#breadcrumb\"},\"inLanguage\":\"ca\",\"potentialAction\":[{\"@type\":\"ReadAction\",\"target\":[\"https:\/\/www.activasalut.com\/ca\/capsula-de-coneixement-habits-nocius-de-succio\/\"]}]},{\"@type\":\"BreadcrumbList\",\"@id\":\"https:\/\/www.activasalut.com\/ca\/capsula-de-coneixement-habits-nocius-de-succio\/#breadcrumb\",\"itemListElement\":[{\"@type\":\"ListItem\",\"position\":1,\"name\":\"Portada\",\"item\":\"https:\/\/www.activasalut.com\/ca\/\"},{\"@type\":\"ListItem\",\"position\":2,\"name\":\"H\u00e0bits nocius de succi\u00f3\"}]},{\"@type\":\"WebSite\",\"@id\":\"https:\/\/www.activasalut.com\/ca\/#website\",\"url\":\"https:\/\/www.activasalut.com\/ca\/\",\"name\":\"Corporaci\u00f3n fisiogesti\u00f3n\",\"description\":\"Activa la teva salut\",\"potentialAction\":[{\"@type\":\"SearchAction\",\"target\":{\"@type\":\"EntryPoint\",\"urlTemplate\":\"https:\/\/www.activasalut.com\/ca\/?s={search_term_string}\"},\"query-input\":\"required name=search_term_string\"}],\"inLanguage\":\"ca\"},{\"@type\":\"Person\",\"@id\":\"https:\/\/www.activasalut.com\/ca\/#\/schema\/person\/d5143be2de4caf189b0d7ac707abe439\",\"name\":\"Marta S\u00e1nchez\",\"image\":{\"@type\":\"ImageObject\",\"inLanguage\":\"ca\",\"@id\":\"https:\/\/www.activasalut.com\/ca\/#\/schema\/person\/image\/\",\"url\":\"https:\/\/secure.gravatar.com\/avatar\/e1567da7ae4b7e10e7eae46b3fb124e4?s=96&d=mm&r=g\",\"contentUrl\":\"https:\/\/secure.gravatar.com\/avatar\/e1567da7ae4b7e10e7eae46b3fb124e4?s=96&d=mm&r=g\",\"caption\":\"Marta S\u00e1nchez\"},\"url\":\"https:\/\/www.activasalut.com\/ca\/author\/marta-sanchez\/\"}]}<\/script>\n<!-- \/ Yoast SEO plugin. -->","yoast_head_json":{"title":"H\u00e0bits nocius de succi\u00f3- Corporaci\u00f3 Fisiogesti\u00f3n","description":"Els h\u00e0bits nocius poden afectar a la implantaci\u00f3 dent\u00e0ria i\/o a altres \u00f2rgans actius de l'articulaci\u00f3...","robots":{"index":"index","follow":"follow","max-snippet":"max-snippet:-1","max-image-preview":"max-image-preview:large","max-video-preview":"max-video-preview:-1"},"canonical":"https:\/\/www.activasalut.com\/ca\/capsula-de-coneixement-habits-nocius-de-succio\/","og_locale":"ca_ES","og_type":"article","og_title":"H\u00e0bits nocius de succi\u00f3- Corporaci\u00f3 Fisiogesti\u00f3n","og_description":"Els h\u00e0bits nocius poden afectar a la implantaci\u00f3 dent\u00e0ria i\/o a altres \u00f2rgans actius de l'articulaci\u00f3...","og_url":"https:\/\/www.activasalut.com\/ca\/capsula-de-coneixement-habits-nocius-de-succio\/","og_site_name":"Corporaci\u00f3 Fisiogesti\u00f3","article_published_time":"2014-07-24T08:30:39+00:00","article_modified_time":"2015-09-02T16:50:56+00:00","og_image":[{"width":225,"height":300,"url":"https:\/\/www.activasalut.com\/wp-content\/uploads\/2014\/07\/C\u00e1psula-de-conocimiento.png","type":"image\/png"}],"author":"Marta S\u00e1nchez","twitter_misc":{"Escrit per":"Marta S\u00e1nchez","Temps estimat de lectura":"1 minut"},"schema":{"@context":"https:\/\/schema.org","@graph":[{"@type":"WebPage","@id":"https:\/\/www.activasalut.com\/ca\/capsula-de-coneixement-habits-nocius-de-succio\/","url":"https:\/\/www.activasalut.com\/ca\/capsula-de-coneixement-habits-nocius-de-succio\/","name":"H\u00e0bits nocius de succi\u00f3- Corporaci\u00f3 Fisiogesti\u00f3n","isPartOf":{"@id":"https:\/\/www.activasalut.com\/ca\/#website"},"datePublished":"2014-07-24T08:30:39+00:00","dateModified":"2015-09-02T16:50:56+00:00","author":{"@id":"https:\/\/www.activasalut.com\/ca\/#\/schema\/person\/d5143be2de4caf189b0d7ac707abe439"},"description":"Els h\u00e0bits nocius poden afectar a la implantaci\u00f3 dent\u00e0ria i\/o a altres \u00f2rgans actius de l'articulaci\u00f3...","breadcrumb":{"@id":"https:\/\/www.activasalut.com\/ca\/capsula-de-coneixement-habits-nocius-de-succio\/#breadcrumb"},"inLanguage":"ca","potentialAction":[{"@type":"ReadAction","target":["https:\/\/www.activasalut.com\/ca\/capsula-de-coneixement-habits-nocius-de-succio\/"]}]},{"@type":"BreadcrumbList","@id":"https:\/\/www.activasalut.com\/ca\/capsula-de-coneixement-habits-nocius-de-succio\/#breadcrumb","itemListElement":[{"@type":"ListItem","position":1,"name":"Portada","item":"https:\/\/www.activasalut.com\/ca\/"},{"@type":"ListItem","position":2,"name":"H\u00e0bits nocius de succi\u00f3"}]},{"@type":"WebSite","@id":"https:\/\/www.activasalut.com\/ca\/#website","url":"https:\/\/www.activasalut.com\/ca\/","name":"Corporaci\u00f3n fisiogesti\u00f3n","description":"Activa la teva salut","potentialAction":[{"@type":"SearchAction","target":{"@type":"EntryPoint","urlTemplate":"https:\/\/www.activasalut.com\/ca\/?s={search_term_string}"},"query-input":"required name=search_term_string"}],"inLanguage":"ca"},{"@type":"Person","@id":"https:\/\/www.activasalut.com\/ca\/#\/schema\/person\/d5143be2de4caf189b0d7ac707abe439","name":"Marta S\u00e1nchez","image":{"@type":"ImageObject","inLanguage":"ca","@id":"https:\/\/www.activasalut.com\/ca\/#\/schema\/person\/image\/","url":"https:\/\/secure.gravatar.com\/avatar\/e1567da7ae4b7e10e7eae46b3fb124e4?s=96&d=mm&r=g","contentUrl":"https:\/\/secure.gravatar.com\/avatar\/e1567da7ae4b7e10e7eae46b3fb124e4?s=96&d=mm&r=g","caption":"Marta S\u00e1nchez"},"url":"https:\/\/www.activasalut.com\/ca\/author\/marta-sanchez\/"}]}},"_links":{"self":[{"href":"https:\/\/www.activasalut.com\/ca\/wp-json\/wp\/v2\/posts\/679"}],"collection":[{"href":"https:\/\/www.activasalut.com\/ca\/wp-json\/wp\/v2\/posts"}],"about":[{"href":"https:\/\/www.activasalut.com\/ca\/wp-json\/wp\/v2\/types\/post"}],"author":[{"embeddable":true,"href":"https:\/\/www.activasalut.com\/ca\/wp-json\/wp\/v2\/users\/11"}],"replies":[{"embeddable":true,"href":"https:\/\/www.activasalut.com\/ca\/wp-json\/wp\/v2\/comments?post=679"}],"version-history":[{"count":3,"href":"https:\/\/www.activasalut.com\/ca\/wp-json\/wp\/v2\/posts\/679\/revisions"}],"predecessor-version":[{"id":1630,"href":"https:\/\/www.activasalut.com\/ca\/wp-json\/wp\/v2\/posts\/679\/revisions\/1630"}],"wp:featuredmedia":[{"embeddable":true,"href":"https:\/\/www.activasalut.com\/ca\/wp-json\/wp\/v2\/media\/1254"}],"wp:attachment":[{"href":"https:\/\/www.activasalut.com\/ca\/wp-json\/wp\/v2\/media?parent=679"}],"wp:term":[{"taxonomy":"category","embeddable":true,"href":"https:\/\/www.activasalut.com\/ca\/wp-json\/wp\/v2\/categories?post=679"},{"taxonomy":"post_tag","embeddable":true,"href":"https:\/\/www.activasalut.com\/ca\/wp-json\/wp\/v2\/tags?post=679"}],"curies":[{"name":"wp","href":"https:\/\/api.w.org\/{rel}","templated":true}]}}