{"id":685,"date":"2014-08-28T14:28:00","date_gmt":"2014-08-28T13:28:00","guid":{"rendered":"https:\/\/www.activasalut.com\/capsula-de-coneixement-dolor-i-disfuncions-crani-mandibulars-i-crani-facials\/"},"modified":"2015-09-02T19:00:45","modified_gmt":"2015-09-02T17:00:45","slug":"capsula-de-coneixement-dolor-i-disfuncions-crani-mandibulars-i-crani-facials","status":"publish","type":"post","link":"https:\/\/www.activasalut.com\/ca\/capsula-de-coneixement-dolor-i-disfuncions-crani-mandibulars-i-crani-facials\/","title":{"rendered":"Dolor i disfuncions crani mandibulars i crani facials"},"content":{"rendered":"<p style=\"text-align: justify;\"><span style=\"color: #000000;\">El dolor i les <strong>disfuncions crani mandibulars i crani facials<\/strong> s\u00f3n afeccions cada vegada m\u00e9s freq\u00fcents en la societat d\u2019avui dia. Reben un diagn\u00f2stic i tractament pluridisciplinar, per\u00f2 cada vegada de forma m\u00e9s habitual s\u00f3n derivats als serveis de fisioter\u00e0pia per al seu tractament, obtenint resultats positius.<\/span><!--more--><\/p>\n<p style=\"text-align: justify;\"><span style=\"color: #000000;\">Davant un episodi de dolor o disfunci\u00f3 de qualsevol altre complex neuromusculoesquel\u00e8tic (genolls, esquena, espatlla) ens sembla normal i habitual el seu tractament mitjan\u00e7ant fisioter\u00e0pia. Sovint acudim a ells en primera o segona inst\u00e0ncia gaireb\u00e9 sense plantejar-nos-ho.<\/span><\/p>\n<p style=\"text-align: justify;\"><span style=\"color: #000000;\">Fins fa ben poc aix\u00f2 no passava amb les disfuncions derivades de la regi\u00f3 crani mandibular i\/o crani facial, que semblen seguir sent unes desconegudes, malgrat ser de caracter\u00edstiques similars i\/o equivalents a altres parts del cos (on intervenen ossos, m\u00fasculs, lligaments, tendons, moviment).<\/span><\/p>\n<p style=\"text-align: justify;\"><span style=\"color: #000000;\">Hem de comprendre aquesta regi\u00f3 sense limitar-nos anal\u00edticament a l&#8217;articulaci\u00f3 temporomandibular, sin\u00f3 pensant d&#8217;una manera m\u00e9s global i considerar la influ\u00e8ncia que exerceix sobre ella els sistemes cranial, facial, cervical i escapular.<\/span><\/p>\n<p style=\"text-align: justify;\"><span style=\"color: #000000;\"><b>Algunes de les causes o factors influents m\u00e9s habituals en el dolor i disfuncions crani mandibulars i crani facials s\u00f3n traumatismes, males postures, estr\u00e8s, mala oclusi\u00f3, per a funcions (<a title=\"H\u00e0bits nocius\" href=\"https:\/\/www.activasalut.com\/ca\/capsula-de-coneixement-habits-nocius-de-succio\/\" target=\"_blank\">mossegar-se les ungles<\/a>, per exemple); i alguns dels seus s\u00edmptomes poden ser dolor cranial, mandibular, facial, brunzits, cefalees, sorolls o espetecs, limitaci\u00f3 de la mobilitat (per exemple de l&#8217;obertura bucal), dolors de coll, espatlla&#8230;<br \/>\n<\/b><\/span><\/p>\n<p style=\"text-align: justify;\"><span style=\"color: #000000;\">En definitiva, la recent evid\u00e8ncia dels beneficis que aporta la fisioter\u00e0pia en el tractament d&#8217;aquestes disfuncions, la converteix en un dels tractaments d&#8217;elecci<\/span>\u00f3.<\/p>\n<p style=\"text-align: justify;\">Mireia Fern\u00e1ndez<\/p>\n","protected":false},"excerpt":{"rendered":"<p>El dolor i les disfuncions crani mandibulars i crani facials s\u00f3n afeccions cada vegada m\u00e9s freq\u00fcents en la societat d\u2019avui dia. Reben un diagn\u00f2stic<a class=\"moretag\" href=\"https:\/\/www.activasalut.com\/ca\/capsula-de-coneixement-dolor-i-disfuncions-crani-mandibulars-i-crani-facials\/\">Llegeix m\u00e9s&#8230;<\/a><\/p>\n","protected":false},"author":15,"featured_media":1251,"comment_status":"open","ping_status":"open","sticky":false,"template":"","format":"standard","meta":[],"categories":[783,88,608,610,831],"tags":[924,923,922,686,892,925,895,927,142,926],"yoast_head":"<!-- This site is optimized with the Yoast SEO plugin v20.0 - https:\/\/yoast.com\/wordpress\/plugins\/seo\/ -->\n<title>Dolor i disfuncions crani mandibulars i crani facials- Corporaci\u00f3 Fisiogesti\u00f3n<\/title>\n<meta name=\"description\" content=\"les disfuncions crani mandibulars i crani facials s\u00f3n afeccions cada vegada m\u00e9s freq\u00fcents en la societat d\u2019avui dia...\" \/>\n<meta name=\"robots\" content=\"index, follow, max-snippet:-1, max-image-preview:large, max-video-preview:-1\" \/>\n<link rel=\"canonical\" href=\"https:\/\/www.activasalut.com\/ca\/capsula-de-coneixement-dolor-i-disfuncions-crani-mandibulars-i-crani-facials\/\" \/>\n<meta property=\"og:locale\" content=\"ca_ES\" \/>\n<meta property=\"og:type\" content=\"article\" \/>\n<meta property=\"og:title\" content=\"Dolor i disfuncions crani mandibulars i crani facials- Corporaci\u00f3 Fisiogesti\u00f3n\" \/>\n<meta property=\"og:description\" content=\"les disfuncions crani mandibulars i crani facials s\u00f3n afeccions cada vegada m\u00e9s freq\u00fcents en la societat d\u2019avui dia...\" \/>\n<meta property=\"og:url\" content=\"https:\/\/www.activasalut.com\/ca\/capsula-de-coneixement-dolor-i-disfuncions-crani-mandibulars-i-crani-facials\/\" \/>\n<meta property=\"og:site_name\" content=\"Corporaci\u00f3 Fisiogesti\u00f3\" \/>\n<meta property=\"article:published_time\" content=\"2014-08-28T13:28:00+00:00\" \/>\n<meta property=\"article:modified_time\" content=\"2015-09-02T17:00:45+00:00\" \/>\n<meta property=\"og:image\" content=\"https:\/\/www.activasalut.com\/wp-content\/uploads\/2014\/08\/capsulas-dolor1.png\" \/>\n\t<meta property=\"og:image:width\" content=\"225\" \/>\n\t<meta property=\"og:image:height\" content=\"300\" \/>\n\t<meta property=\"og:image:type\" content=\"image\/png\" \/>\n<meta name=\"author\" content=\"Mireia Fern\u00e1ndez\" \/>\n<meta name=\"twitter:label1\" content=\"Escrit per\" \/>\n\t<meta name=\"twitter:data1\" content=\"Mireia Fern\u00e1ndez\" \/>\n\t<meta name=\"twitter:label2\" content=\"Temps estimat de lectura\" \/>\n\t<meta name=\"twitter:data2\" content=\"1 minut\" \/>\n<script type=\"application\/ld+json\" class=\"yoast-schema-graph\">{\"@context\":\"https:\/\/schema.org\",\"@graph\":[{\"@type\":\"WebPage\",\"@id\":\"https:\/\/www.activasalut.com\/ca\/capsula-de-coneixement-dolor-i-disfuncions-crani-mandibulars-i-crani-facials\/\",\"url\":\"https:\/\/www.activasalut.com\/ca\/capsula-de-coneixement-dolor-i-disfuncions-crani-mandibulars-i-crani-facials\/\",\"name\":\"Dolor i disfuncions crani mandibulars i crani facials- Corporaci\u00f3 Fisiogesti\u00f3n\",\"isPartOf\":{\"@id\":\"https:\/\/www.activasalut.com\/ca\/#website\"},\"datePublished\":\"2014-08-28T13:28:00+00:00\",\"dateModified\":\"2015-09-02T17:00:45+00:00\",\"author\":{\"@id\":\"https:\/\/www.activasalut.com\/ca\/#\/schema\/person\/45da2457876ec029a920a40a8dc2b436\"},\"description\":\"les disfuncions crani mandibulars i crani facials s\u00f3n afeccions cada vegada m\u00e9s freq\u00fcents en la societat d\u2019avui dia...\",\"breadcrumb\":{\"@id\":\"https:\/\/www.activasalut.com\/ca\/capsula-de-coneixement-dolor-i-disfuncions-crani-mandibulars-i-crani-facials\/#breadcrumb\"},\"inLanguage\":\"ca\",\"potentialAction\":[{\"@type\":\"ReadAction\",\"target\":[\"https:\/\/www.activasalut.com\/ca\/capsula-de-coneixement-dolor-i-disfuncions-crani-mandibulars-i-crani-facials\/\"]}]},{\"@type\":\"BreadcrumbList\",\"@id\":\"https:\/\/www.activasalut.com\/ca\/capsula-de-coneixement-dolor-i-disfuncions-crani-mandibulars-i-crani-facials\/#breadcrumb\",\"itemListElement\":[{\"@type\":\"ListItem\",\"position\":1,\"name\":\"Portada\",\"item\":\"https:\/\/www.activasalut.com\/ca\/\"},{\"@type\":\"ListItem\",\"position\":2,\"name\":\"Dolor i disfuncions crani mandibulars i crani facials\"}]},{\"@type\":\"WebSite\",\"@id\":\"https:\/\/www.activasalut.com\/ca\/#website\",\"url\":\"https:\/\/www.activasalut.com\/ca\/\",\"name\":\"Corporaci\u00f3n fisiogesti\u00f3n\",\"description\":\"Activa la teva salut\",\"potentialAction\":[{\"@type\":\"SearchAction\",\"target\":{\"@type\":\"EntryPoint\",\"urlTemplate\":\"https:\/\/www.activasalut.com\/ca\/?s={search_term_string}\"},\"query-input\":\"required name=search_term_string\"}],\"inLanguage\":\"ca\"},{\"@type\":\"Person\",\"@id\":\"https:\/\/www.activasalut.com\/ca\/#\/schema\/person\/45da2457876ec029a920a40a8dc2b436\",\"name\":\"Mireia Fern\u00e1ndez\",\"image\":{\"@type\":\"ImageObject\",\"inLanguage\":\"ca\",\"@id\":\"https:\/\/www.activasalut.com\/ca\/#\/schema\/person\/image\/\",\"url\":\"https:\/\/secure.gravatar.com\/avatar\/e508af31e8afb75889264394da614050?s=96&d=mm&r=g\",\"contentUrl\":\"https:\/\/secure.gravatar.com\/avatar\/e508af31e8afb75889264394da614050?s=96&d=mm&r=g\",\"caption\":\"Mireia Fern\u00e1ndez\"},\"url\":\"https:\/\/www.activasalut.com\/ca\/author\/mireia-fernandez\/\"}]}<\/script>\n<!-- \/ Yoast SEO plugin. -->","yoast_head_json":{"title":"Dolor i disfuncions crani mandibulars i crani facials- Corporaci\u00f3 Fisiogesti\u00f3n","description":"les disfuncions crani mandibulars i crani facials s\u00f3n afeccions cada vegada m\u00e9s freq\u00fcents en la societat d\u2019avui dia...","robots":{"index":"index","follow":"follow","max-snippet":"max-snippet:-1","max-image-preview":"max-image-preview:large","max-video-preview":"max-video-preview:-1"},"canonical":"https:\/\/www.activasalut.com\/ca\/capsula-de-coneixement-dolor-i-disfuncions-crani-mandibulars-i-crani-facials\/","og_locale":"ca_ES","og_type":"article","og_title":"Dolor i disfuncions crani mandibulars i crani facials- Corporaci\u00f3 Fisiogesti\u00f3n","og_description":"les disfuncions crani mandibulars i crani facials s\u00f3n afeccions cada vegada m\u00e9s freq\u00fcents en la societat d\u2019avui dia...","og_url":"https:\/\/www.activasalut.com\/ca\/capsula-de-coneixement-dolor-i-disfuncions-crani-mandibulars-i-crani-facials\/","og_site_name":"Corporaci\u00f3 Fisiogesti\u00f3","article_published_time":"2014-08-28T13:28:00+00:00","article_modified_time":"2015-09-02T17:00:45+00:00","og_image":[{"width":225,"height":300,"url":"https:\/\/www.activasalut.com\/wp-content\/uploads\/2014\/08\/capsulas-dolor1.png","type":"image\/png"}],"author":"Mireia Fern\u00e1ndez","twitter_misc":{"Escrit per":"Mireia Fern\u00e1ndez","Temps estimat de lectura":"1 minut"},"schema":{"@context":"https:\/\/schema.org","@graph":[{"@type":"WebPage","@id":"https:\/\/www.activasalut.com\/ca\/capsula-de-coneixement-dolor-i-disfuncions-crani-mandibulars-i-crani-facials\/","url":"https:\/\/www.activasalut.com\/ca\/capsula-de-coneixement-dolor-i-disfuncions-crani-mandibulars-i-crani-facials\/","name":"Dolor i disfuncions crani mandibulars i crani facials- Corporaci\u00f3 Fisiogesti\u00f3n","isPartOf":{"@id":"https:\/\/www.activasalut.com\/ca\/#website"},"datePublished":"2014-08-28T13:28:00+00:00","dateModified":"2015-09-02T17:00:45+00:00","author":{"@id":"https:\/\/www.activasalut.com\/ca\/#\/schema\/person\/45da2457876ec029a920a40a8dc2b436"},"description":"les disfuncions crani mandibulars i crani facials s\u00f3n afeccions cada vegada m\u00e9s freq\u00fcents en la societat d\u2019avui dia...","breadcrumb":{"@id":"https:\/\/www.activasalut.com\/ca\/capsula-de-coneixement-dolor-i-disfuncions-crani-mandibulars-i-crani-facials\/#breadcrumb"},"inLanguage":"ca","potentialAction":[{"@type":"ReadAction","target":["https:\/\/www.activasalut.com\/ca\/capsula-de-coneixement-dolor-i-disfuncions-crani-mandibulars-i-crani-facials\/"]}]},{"@type":"BreadcrumbList","@id":"https:\/\/www.activasalut.com\/ca\/capsula-de-coneixement-dolor-i-disfuncions-crani-mandibulars-i-crani-facials\/#breadcrumb","itemListElement":[{"@type":"ListItem","position":1,"name":"Portada","item":"https:\/\/www.activasalut.com\/ca\/"},{"@type":"ListItem","position":2,"name":"Dolor i disfuncions crani mandibulars i crani facials"}]},{"@type":"WebSite","@id":"https:\/\/www.activasalut.com\/ca\/#website","url":"https:\/\/www.activasalut.com\/ca\/","name":"Corporaci\u00f3n fisiogesti\u00f3n","description":"Activa la teva salut","potentialAction":[{"@type":"SearchAction","target":{"@type":"EntryPoint","urlTemplate":"https:\/\/www.activasalut.com\/ca\/?s={search_term_string}"},"query-input":"required name=search_term_string"}],"inLanguage":"ca"},{"@type":"Person","@id":"https:\/\/www.activasalut.com\/ca\/#\/schema\/person\/45da2457876ec029a920a40a8dc2b436","name":"Mireia Fern\u00e1ndez","image":{"@type":"ImageObject","inLanguage":"ca","@id":"https:\/\/www.activasalut.com\/ca\/#\/schema\/person\/image\/","url":"https:\/\/secure.gravatar.com\/avatar\/e508af31e8afb75889264394da614050?s=96&d=mm&r=g","contentUrl":"https:\/\/secure.gravatar.com\/avatar\/e508af31e8afb75889264394da614050?s=96&d=mm&r=g","caption":"Mireia Fern\u00e1ndez"},"url":"https:\/\/www.activasalut.com\/ca\/author\/mireia-fernandez\/"}]}},"_links":{"self":[{"href":"https:\/\/www.activasalut.com\/ca\/wp-json\/wp\/v2\/posts\/685"}],"collection":[{"href":"https:\/\/www.activasalut.com\/ca\/wp-json\/wp\/v2\/posts"}],"about":[{"href":"https:\/\/www.activasalut.com\/ca\/wp-json\/wp\/v2\/types\/post"}],"author":[{"embeddable":true,"href":"https:\/\/www.activasalut.com\/ca\/wp-json\/wp\/v2\/users\/15"}],"replies":[{"embeddable":true,"href":"https:\/\/www.activasalut.com\/ca\/wp-json\/wp\/v2\/comments?post=685"}],"version-history":[{"count":3,"href":"https:\/\/www.activasalut.com\/ca\/wp-json\/wp\/v2\/posts\/685\/revisions"}],"predecessor-version":[{"id":1635,"href":"https:\/\/www.activasalut.com\/ca\/wp-json\/wp\/v2\/posts\/685\/revisions\/1635"}],"wp:featuredmedia":[{"embeddable":true,"href":"https:\/\/www.activasalut.com\/ca\/wp-json\/wp\/v2\/media\/1251"}],"wp:attachment":[{"href":"https:\/\/www.activasalut.com\/ca\/wp-json\/wp\/v2\/media?parent=685"}],"wp:term":[{"taxonomy":"category","embeddable":true,"href":"https:\/\/www.activasalut.com\/ca\/wp-json\/wp\/v2\/categories?post=685"},{"taxonomy":"post_tag","embeddable":true,"href":"https:\/\/www.activasalut.com\/ca\/wp-json\/wp\/v2\/tags?post=685"}],"curies":[{"name":"wp","href":"https:\/\/api.w.org\/{rel}","templated":true}]}}