{"id":6857,"date":"2020-12-01T12:33:21","date_gmt":"2020-12-01T11:33:21","guid":{"rendered":"https:\/\/www.activasalut.com\/?p=6857"},"modified":"2020-12-14T14:02:57","modified_gmt":"2020-12-14T13:02:57","slug":"el-sol-pelvia-el-gran-desconegut","status":"publish","type":"post","link":"https:\/\/www.activasalut.com\/ca\/el-sol-pelvia-el-gran-desconegut\/","title":{"rendered":"El s\u00f2l pelvi\u00e0, el gran desconegut"},"content":{"rendered":"\n<p>En els \u00faltims anys, la visibilitat de l&#8217;univers femen\u00ed ha anat en augment, i temes com la salut i la sexualitat de les dones han deixat de ser tab\u00fa. Les converses i la informaci\u00f3&#8230; sobretot aix\u00f2 s&#8217;ha comen\u00e7at a normalitzar. Parlem de les p\u00e8rdues d&#8217;orina, els dolors menstruals, la salut sexual, els dolors pelvians que no s\u00f3n normals i que poden tenir soluci\u00f3.<\/p>\n\n\n\n<p>S\u00f3n moltes dones (i tamb\u00e9 homes) que ens arriben a la nostra consulta amb diverses afeccions relacionades amb el seu <strong>s\u00f2l pelvi\u00e0<\/strong>, i per molt estrany que sembli, el desconeixement d&#8217;aquesta zona continua sent molt habitual.<\/p>\n\n\n\n<p>No obstant aix\u00f2, aquest gran desconegut \u00e9s molt important per al nostre benestar f\u00edsic i emocional, i en definitiva per a tenir una bona qualitat de vida.<\/p>\n\n\n\n<!--more-->\n\n\n\n<h2><strong>Qu\u00e8 \u00e9s i com funciona el s\u00f2l pelvi\u00e0?<\/strong><\/h2>\n\n\n\n<div class=\"wp-block-image\"><figure class=\"aligncenter size-large is-resized\"><img decoding=\"async\" loading=\"lazy\" src=\"https:\/\/www.activasalut.com\/wp-content\/uploads\/2020\/12\/Suelo-pelvico-2.jpg\" alt=\"El suelo p\u00e9lvico, el gran desconocido\" class=\"wp-image-6872\" width=\"391\" height=\"261\" srcset=\"https:\/\/www.activasalut.com\/wp-content\/uploads\/2020\/12\/Suelo-pelvico-2.jpg 1000w, https:\/\/www.activasalut.com\/wp-content\/uploads\/2020\/12\/Suelo-pelvico-2-300x200.jpg 300w, https:\/\/www.activasalut.com\/wp-content\/uploads\/2020\/12\/Suelo-pelvico-2-768x513.jpg 768w, https:\/\/www.activasalut.com\/wp-content\/uploads\/2020\/12\/Suelo-pelvico-2-604x402.jpg 604w\" sizes=\"(max-width: 391px) 100vw, 391px\" \/><\/figure><\/div>\n\n\n\n<p>Est\u00e0 format per un conjunt de m\u00fasculs i lligaments que tanquen la cavitat abdominal en la seva part inferior, t\u00e9 forma de c\u00fapula.<\/p>\n\n\n\n<ul><li>Sost\u00e9 els \u00f2rgans pelvians en la posici\u00f3 adequada.<\/li><li>\u00c9s la musculatura encarregada de la contin\u00e8ncia urin\u00e0ria.<\/li><li>T\u00e9 una important funci\u00f3 sexual.<\/li><\/ul>\n\n\n\n<p>Perqu\u00e8 el s\u00f2l pelvi\u00e0 tingui una activitat normal, la resta d&#8217;estructures que formen les parets de la cavitat abdominal han d&#8217;estar en bon estat.<\/p>\n\n\n\n<h2><strong>I a qui ens referim?, estem parlant del core.<\/strong><\/h2>\n\n\n\n<p>El<strong> <a href=\"https:\/\/www.activasalut.com\/ca\/core-per-que-treballar-lo-i-com\/\">core<\/a><\/strong> s\u00f3n els m\u00fasculs centrals del cos (diafragma, faixa abdominal, m\u00fasculs de la part inferior de l&#8217;esquena i tamb\u00e9 el mateix <strong>s\u00f2l pelvi\u00e0<\/strong>).<\/p>\n\n\n\n<p>La funci\u00f3 d&#8217;aquesta estructura \u00e9s la de donar gaireb\u00e9 el 90% d&#8217;estabilitat a la nostra columna i \u00e9s l&#8217;encarregat de gestionar i transferir les pressions correctament.<\/p>\n\n\n\n<p>\u00c9s a dir, si el conjunt d&#8217;estructures que pertanyen al core no funciona b\u00e9, estan febles o sobrecarregades, poden provocar alteracions a llarg termini com lesions a l&#8217;esquena, p\u00e8rdues d&#8217;orina o descens de les nostres v\u00edsceres.<\/p>\n\n\n\n<h2>Q<strong>u\u00e8 pot afeblir el nostre s\u00f2l pelvi\u00e0 i core?<\/strong><\/h2>\n\n\n\n<div class=\"wp-block-image\"><figure class=\"aligncenter size-large is-resized\"><img decoding=\"async\" loading=\"lazy\" src=\"https:\/\/www.activasalut.com\/wp-content\/uploads\/2020\/12\/Suelo-pelvico-1.jpg\" alt=\"El suelo p\u00e9lvico, el gran desconocido\" class=\"wp-image-6870\" width=\"405\" height=\"270\" srcset=\"https:\/\/www.activasalut.com\/wp-content\/uploads\/2020\/12\/Suelo-pelvico-1.jpg 1000w, https:\/\/www.activasalut.com\/wp-content\/uploads\/2020\/12\/Suelo-pelvico-1-300x200.jpg 300w, https:\/\/www.activasalut.com\/wp-content\/uploads\/2020\/12\/Suelo-pelvico-1-768x513.jpg 768w, https:\/\/www.activasalut.com\/wp-content\/uploads\/2020\/12\/Suelo-pelvico-1-604x402.jpg 604w\" sizes=\"(max-width: 405px) 100vw, 405px\" \/><\/figure><\/div>\n\n\n\n<ul><li>L&#8217;embar\u00e0s i el part.<\/li><li>El sobrep\u00e8s.<\/li><li>H\u00e0bits posturals dolents i sedentarisme.<\/li><li>Activitats f\u00edsiques de molta pressi\u00f3.<\/li><li>Restrenyiment cr\u00f2nic o alteracions digestives.<\/li><li>Malalties respirat\u00f2ries greus (tos cr\u00f2nica, tabaquisme).<\/li><\/ul>\n\n\n\n<p>Existeixen <strong>exercicis espec\u00edfics<\/strong> per a mantenir aquestes estructures en bon estat i fins i tot rehabilitar-les si hi ha hagut alguna lesi\u00f3.<\/p>\n\n\n\n<ul><li>Els <strong>exercicis de Kegel<\/strong> ajuden a enfortir la musculatura del s\u00f2l pelvi\u00e0, prevenen els s\u00edmptomes d&#8217;incontin\u00e8ncia urin\u00e0ria i ajuden a recon\u00e8ixer millor la teva zona \u00edntima.<\/li><li>La <strong>gimn\u00e0stica abdominal hipopresiva<\/strong> i altres exercicis funcionals realitzats de manera correcta ajuden a enfortir la faixa abdominal i perineal sense riscos, milloren la salut de la nostra esquena, contribueixen a millorar el nostre control de la respiraci\u00f3 i la nostra postura.<\/li><\/ul>\n\n\n\n<p>Acudir a professionals que t&#8217;ajudin i t&#8217;ensenyin les millors t\u00e8cniques per a cada cas \u00e9s essencial.<\/p>\n\n\n\n<p>Per\u00f2 existeixen <strong>uns h\u00e0bits saludables<\/strong> que podem seguir en el nostre dia a dia, <strong>per a tenir una bona salut perineal i un benestar general<\/strong>. Aquests s\u00f3n:<\/p>\n\n\n\n<ul><li>Moure&#8217;ns, caminar i realitzar exercicis moderats estimularan la regeneraci\u00f3 muscular.<\/li><li>Mantenir una bona postura \u00e9s &#8220;fonamental&#8221;.<\/li><li>Hem d&#8217;evitar el sobrep\u00e8s.<\/li><li>Tenir una bona alimentaci\u00f3, intentar no ingerir menjars processats (no excedir-nos amb els sucres, ja que s\u00f3n aliments inflamatoris). Realitzar una dieta rica en prote\u00efnes, verdures i fruita \u00e9s l&#8217;ideal.<\/li><li>Beure uns 2 l d&#8217;aigua al dia.<\/li><li>Anar a fer pip\u00ed cada 2,5 &#8211; 3 hores, no aguantar-se!<\/li><li>Dormir.<\/li><li>Realitzar exercicis indicats pel teu <a href=\"https:\/\/www.fisiogestion.com\/ca\/servicios-en-centros\/fisioterapia\/\"><strong>fisioterapeuta<\/strong><\/a>.<\/li><\/ul>\n\n\n\n<p>En definitiva, el <strong>s\u00f2l pelvi\u00e0<\/strong> pren especial import\u00e0ncia en la vida de qualsevol dona i home, per la qual cosa \u00e9s imprescindible que el coneguem i el cuidem.<\/p>\n\n\n\n<h3>Necessites un tractament de fisioter\u00e0pia personalitzat? <\/h3>\n\n\n\n<h3 id=\"block-1a8df215-709f-49ba-a922-126940d38772\">Entra a la nostra <a href=\"https:\/\/ecommerce.fisiogestion.com\/ca\/categoria-producte\/tractaments-centre\/\">botiga en l\u00ednia<\/a> i reserva el teu tractament.<\/h3>\n\n\n\n<h3 id=\"block-51b49815-b966-425e-8210-90df2cb13ed5\">Pots consultar els nostres serveis de <a href=\"https:\/\/www.fisiogestion.com\/ca\/servicios-en-centros\/fisioterapia\/\">fisioter\u00e0pia<\/a> en la nostra xarxa de <a href=\"https:\/\/www.fisiogestion.com\/ca\/centros\/\">centres <\/a>o emplenar aquest formulari i et contactarem.<\/h3>\n\n\n\n<p id=\"block-ea910edc-7d1c-4133-b5c0-46299b5b9450\">\n<div class=\"wpcf7 no-js\" id=\"wpcf7-f5253-o1\" lang=\"es-ES\" dir=\"ltr\">\n<div class=\"screen-reader-response\"><p role=\"status\" aria-live=\"polite\" aria-atomic=\"true\"><\/p> <ul><\/ul><\/div>\n<form action=\"\/ca\/wp-json\/wp\/v2\/posts\/6857#wpcf7-f5253-o1\" method=\"post\" class=\"wpcf7-form init\" aria-label=\"Formulario de contacto\" novalidate=\"novalidate\" data-status=\"init\">\n<div style=\"display: none;\">\n<input type=\"hidden\" name=\"_wpcf7\" value=\"5253\" \/>\n<input type=\"hidden\" name=\"_wpcf7_version\" value=\"5.7.3\" \/>\n<input type=\"hidden\" name=\"_wpcf7_locale\" value=\"es_ES\" \/>\n<input type=\"hidden\" name=\"_wpcf7_unit_tag\" value=\"wpcf7-f5253-o1\" \/>\n<input type=\"hidden\" name=\"_wpcf7_container_post\" value=\"0\" \/>\n<input type=\"hidden\" name=\"_wpcf7_posted_data_hash\" value=\"\" \/>\n<input type=\"hidden\" name=\"_wpcf7_recaptcha_response\" value=\"\" \/>\n<\/div>\n<div class=\"wpcf7-response-output\" aria-hidden=\"true\"><\/div>\n<div class='comment-form'>\n\t<div class=\"comment-form-inputs\">\n\t\t<p><span class=\"wpcf7-form-control-wrap\" data-name=\"nombre\"><input size=\"40\" class=\"wpcf7-form-control wpcf7-text wpcf7-validates-as-required\" id=\"nombre\" aria-required=\"true\" aria-invalid=\"false\" placeholder=\"Nom (requerit)\" value=\"\" type=\"text\" name=\"nombre\" \/><\/span>\n\t\t<\/p>\n\t\t<p><span class=\"wpcf7-form-control-wrap\" data-name=\"apellidos\"><input size=\"40\" class=\"wpcf7-form-control wpcf7-text wpcf7-validates-as-required\" id=\"apellidos\" aria-required=\"true\" aria-invalid=\"false\" placeholder=\"Cognoms (requerit)\" value=\"\" type=\"text\" name=\"apellidos\" \/><\/span>\n\t\t<\/p>\n\t\t<p><span class=\"wpcf7-form-control-wrap\" data-name=\"email\"><input size=\"40\" class=\"wpcf7-form-control wpcf7-text wpcf7-email wpcf7-validates-as-required wpcf7-validates-as-email\" id=\"email\" aria-required=\"true\" aria-invalid=\"false\" placeholder=\"Email (requerit)\" value=\"\" type=\"email\" name=\"email\" \/><\/span>\n\t\t<\/p>\n\t\t<p><span class=\"wpcf7-form-control-wrap\" data-name=\"telefono\"><input size=\"40\" class=\"wpcf7-form-control wpcf7-text wpcf7-tel wpcf7-validates-as-required wpcf7-validates-as-tel\" id=\"telefono\" aria-required=\"true\" aria-invalid=\"false\" placeholder=\"Tel\u00e8fon (requerit)\" value=\"\" type=\"tel\" name=\"telefono\" \/><\/span>\n\t\t<\/p>\n\t<\/div>\n\t<p><span class=\"wpcf7-form-control-wrap\" data-name=\"mensaje\"><textarea cols=\"39\" rows=\"10\" class=\"wpcf7-form-control wpcf7-textarea wpcf7-validates-as-required\" id=\"mensaje\" aria-required=\"true\" aria-invalid=\"false\" placeholder=\"Missatge (requerit)\" name=\"mensaje\"><\/textarea><\/span>\n\t<\/p>\n\t<p class=\"form-submit\"><input class=\"wpcf7-form-control has-spinner wpcf7-submit\" type=\"submit\" value=\"Enviar\" \/>\n\t<\/p>\n<\/div>\n<p style=\"text-align:justify; color:#383838;\"><br \/>\n<em>L\u2019informem que les dades recollides al present formulari, seran tractades per Corporaci\u00f3 d'Administraci\u00f3 Sanit\u00e0ria A.I.E., per poder atendre i donar resposta a la seva sol\u00b7licitud d\u2018informaci\u00f3. Si necessita m\u00e9s informaci\u00f3 o vol exercir els seus drets sobre aquestes dades consulti la nostra <a href=\"https:\/\/www.fisiogestion.com\/ca\/politica-privacidad\/\">Pol\u00edtica de Privacitat<\/a>.<\/em>\n<\/p>\n<\/form>\n<\/div>\n\n\n\n\n<figure class=\"wp-block-image\" id=\"block-9946c81b-fccb-46c0-aaaa-09117c400f38\"><a href=\"https:\/\/www.fisiogestion.com\/ca\/noticias\/corporacion-fisiogestion-la-primera-red-de-centros-de-rehabilitacion-fisica-certificada-por-aenor-frente-al-covid-19\/\"><img decoding=\"async\" src=\"https:\/\/www.activasalut.com\/wp-content\/uploads\/2020\/09\/Banner-COVI19-Blog_CAT-01.png\" alt=\"La imagen tiene un atributo ALT vac\u00edo; su nombre de archivo es Banner-COVI19-Blog_CAT-01.png\"\/><\/a><\/figure>\n","protected":false},"excerpt":{"rendered":"<p>En els \u00faltims anys, la visibilitat de l&#8217;univers femen\u00ed ha anat en augment, i temes com la salut i la sexualitat de les dones<a class=\"moretag\" href=\"https:\/\/www.activasalut.com\/ca\/el-sol-pelvia-el-gran-desconegut\/\">Llegeix m\u00e9s&#8230;<\/a><\/p>\n","protected":false},"author":61,"featured_media":6868,"comment_status":"open","ping_status":"closed","sticky":false,"template":"","format":"standard","meta":[],"categories":[621],"tags":[851,2167,855,1957,860,861],"yoast_head":"<!-- This site is optimized with the Yoast SEO plugin v20.0 - https:\/\/yoast.com\/wordpress\/plugins\/seo\/ -->\n<title>El s\u00f2l pelvi\u00e0, el gran desconegut<\/title>\n<meta name=\"description\" content=\"S\u00f3n moltes dones (i tamb\u00e9 homes) que ens arriben a la nostra consulta amb diverses afeccions relacionades amb el seu s\u00f2l pelvi\u00e0.\" \/>\n<meta name=\"robots\" content=\"index, follow, max-snippet:-1, max-image-preview:large, max-video-preview:-1\" \/>\n<link rel=\"canonical\" href=\"https:\/\/www.activasalut.com\/ca\/el-sol-pelvia-el-gran-desconegut\/\" \/>\n<meta property=\"og:locale\" content=\"ca_ES\" \/>\n<meta property=\"og:type\" content=\"article\" \/>\n<meta property=\"og:title\" content=\"El s\u00f2l pelvi\u00e0, el gran desconegut\" \/>\n<meta property=\"og:description\" content=\"S\u00f3n moltes dones (i tamb\u00e9 homes) que ens arriben a la nostra consulta amb diverses afeccions relacionades amb el seu s\u00f2l pelvi\u00e0.\" \/>\n<meta property=\"og:url\" content=\"https:\/\/www.activasalut.com\/ca\/el-sol-pelvia-el-gran-desconegut\/\" \/>\n<meta property=\"og:site_name\" content=\"Corporaci\u00f3 Fisiogesti\u00f3\" \/>\n<meta property=\"article:published_time\" content=\"2020-12-01T11:33:21+00:00\" \/>\n<meta property=\"article:modified_time\" content=\"2020-12-14T13:02:57+00:00\" \/>\n<meta property=\"og:image\" content=\"https:\/\/www.activasalut.com\/wp-content\/uploads\/2020\/12\/Foto-destacada-suelo-pelvico.jpg\" \/>\n\t<meta property=\"og:image:width\" content=\"1000\" \/>\n\t<meta property=\"og:image:height\" content=\"654\" \/>\n\t<meta property=\"og:image:type\" content=\"image\/jpeg\" \/>\n<meta name=\"author\" content=\"S\u00edlvia D\u00edaz\" \/>\n<meta name=\"twitter:label1\" content=\"Escrit per\" \/>\n\t<meta name=\"twitter:data1\" content=\"S\u00edlvia D\u00edaz\" \/>\n\t<meta name=\"twitter:label2\" content=\"Temps estimat de lectura\" \/>\n\t<meta name=\"twitter:data2\" content=\"3 minuts\" \/>\n<script type=\"application\/ld+json\" class=\"yoast-schema-graph\">{\"@context\":\"https:\/\/schema.org\",\"@graph\":[{\"@type\":\"WebPage\",\"@id\":\"https:\/\/www.activasalut.com\/ca\/el-sol-pelvia-el-gran-desconegut\/\",\"url\":\"https:\/\/www.activasalut.com\/ca\/el-sol-pelvia-el-gran-desconegut\/\",\"name\":\"El s\u00f2l pelvi\u00e0, el gran desconegut\",\"isPartOf\":{\"@id\":\"https:\/\/www.activasalut.com\/ca\/#website\"},\"datePublished\":\"2020-12-01T11:33:21+00:00\",\"dateModified\":\"2020-12-14T13:02:57+00:00\",\"author\":{\"@id\":\"https:\/\/www.activasalut.com\/ca\/#\/schema\/person\/95d459a006e19e0074ae8d3e9f6a7bc7\"},\"description\":\"S\u00f3n moltes dones (i tamb\u00e9 homes) que ens arriben a la nostra consulta amb diverses afeccions relacionades amb el seu s\u00f2l pelvi\u00e0.\",\"breadcrumb\":{\"@id\":\"https:\/\/www.activasalut.com\/ca\/el-sol-pelvia-el-gran-desconegut\/#breadcrumb\"},\"inLanguage\":\"ca\",\"potentialAction\":[{\"@type\":\"ReadAction\",\"target\":[\"https:\/\/www.activasalut.com\/ca\/el-sol-pelvia-el-gran-desconegut\/\"]}]},{\"@type\":\"BreadcrumbList\",\"@id\":\"https:\/\/www.activasalut.com\/ca\/el-sol-pelvia-el-gran-desconegut\/#breadcrumb\",\"itemListElement\":[{\"@type\":\"ListItem\",\"position\":1,\"name\":\"Portada\",\"item\":\"https:\/\/www.activasalut.com\/ca\/\"},{\"@type\":\"ListItem\",\"position\":2,\"name\":\"El s\u00f2l pelvi\u00e0, el gran desconegut\"}]},{\"@type\":\"WebSite\",\"@id\":\"https:\/\/www.activasalut.com\/ca\/#website\",\"url\":\"https:\/\/www.activasalut.com\/ca\/\",\"name\":\"Corporaci\u00f3n fisiogesti\u00f3n\",\"description\":\"Activa la teva salut\",\"potentialAction\":[{\"@type\":\"SearchAction\",\"target\":{\"@type\":\"EntryPoint\",\"urlTemplate\":\"https:\/\/www.activasalut.com\/ca\/?s={search_term_string}\"},\"query-input\":\"required name=search_term_string\"}],\"inLanguage\":\"ca\"},{\"@type\":\"Person\",\"@id\":\"https:\/\/www.activasalut.com\/ca\/#\/schema\/person\/95d459a006e19e0074ae8d3e9f6a7bc7\",\"name\":\"S\u00edlvia D\u00edaz\",\"image\":{\"@type\":\"ImageObject\",\"inLanguage\":\"ca\",\"@id\":\"https:\/\/www.activasalut.com\/ca\/#\/schema\/person\/image\/\",\"url\":\"https:\/\/secure.gravatar.com\/avatar\/2ed81e7fa1c376be2c57d6eddfc8af85?s=96&d=mm&r=g\",\"contentUrl\":\"https:\/\/secure.gravatar.com\/avatar\/2ed81e7fa1c376be2c57d6eddfc8af85?s=96&d=mm&r=g\",\"caption\":\"S\u00edlvia D\u00edaz\"},\"url\":\"https:\/\/www.activasalut.com\/ca\/author\/silvia-diaz\/\"}]}<\/script>\n<!-- \/ Yoast SEO plugin. -->","yoast_head_json":{"title":"El s\u00f2l pelvi\u00e0, el gran desconegut","description":"S\u00f3n moltes dones (i tamb\u00e9 homes) que ens arriben a la nostra consulta amb diverses afeccions relacionades amb el seu s\u00f2l pelvi\u00e0.","robots":{"index":"index","follow":"follow","max-snippet":"max-snippet:-1","max-image-preview":"max-image-preview:large","max-video-preview":"max-video-preview:-1"},"canonical":"https:\/\/www.activasalut.com\/ca\/el-sol-pelvia-el-gran-desconegut\/","og_locale":"ca_ES","og_type":"article","og_title":"El s\u00f2l pelvi\u00e0, el gran desconegut","og_description":"S\u00f3n moltes dones (i tamb\u00e9 homes) que ens arriben a la nostra consulta amb diverses afeccions relacionades amb el seu s\u00f2l pelvi\u00e0.","og_url":"https:\/\/www.activasalut.com\/ca\/el-sol-pelvia-el-gran-desconegut\/","og_site_name":"Corporaci\u00f3 Fisiogesti\u00f3","article_published_time":"2020-12-01T11:33:21+00:00","article_modified_time":"2020-12-14T13:02:57+00:00","og_image":[{"width":1000,"height":654,"url":"https:\/\/www.activasalut.com\/wp-content\/uploads\/2020\/12\/Foto-destacada-suelo-pelvico.jpg","type":"image\/jpeg"}],"author":"S\u00edlvia D\u00edaz","twitter_misc":{"Escrit per":"S\u00edlvia D\u00edaz","Temps estimat de lectura":"3 minuts"},"schema":{"@context":"https:\/\/schema.org","@graph":[{"@type":"WebPage","@id":"https:\/\/www.activasalut.com\/ca\/el-sol-pelvia-el-gran-desconegut\/","url":"https:\/\/www.activasalut.com\/ca\/el-sol-pelvia-el-gran-desconegut\/","name":"El s\u00f2l pelvi\u00e0, el gran desconegut","isPartOf":{"@id":"https:\/\/www.activasalut.com\/ca\/#website"},"datePublished":"2020-12-01T11:33:21+00:00","dateModified":"2020-12-14T13:02:57+00:00","author":{"@id":"https:\/\/www.activasalut.com\/ca\/#\/schema\/person\/95d459a006e19e0074ae8d3e9f6a7bc7"},"description":"S\u00f3n moltes dones (i tamb\u00e9 homes) que ens arriben a la nostra consulta amb diverses afeccions relacionades amb el seu s\u00f2l pelvi\u00e0.","breadcrumb":{"@id":"https:\/\/www.activasalut.com\/ca\/el-sol-pelvia-el-gran-desconegut\/#breadcrumb"},"inLanguage":"ca","potentialAction":[{"@type":"ReadAction","target":["https:\/\/www.activasalut.com\/ca\/el-sol-pelvia-el-gran-desconegut\/"]}]},{"@type":"BreadcrumbList","@id":"https:\/\/www.activasalut.com\/ca\/el-sol-pelvia-el-gran-desconegut\/#breadcrumb","itemListElement":[{"@type":"ListItem","position":1,"name":"Portada","item":"https:\/\/www.activasalut.com\/ca\/"},{"@type":"ListItem","position":2,"name":"El s\u00f2l pelvi\u00e0, el gran desconegut"}]},{"@type":"WebSite","@id":"https:\/\/www.activasalut.com\/ca\/#website","url":"https:\/\/www.activasalut.com\/ca\/","name":"Corporaci\u00f3n fisiogesti\u00f3n","description":"Activa la teva salut","potentialAction":[{"@type":"SearchAction","target":{"@type":"EntryPoint","urlTemplate":"https:\/\/www.activasalut.com\/ca\/?s={search_term_string}"},"query-input":"required name=search_term_string"}],"inLanguage":"ca"},{"@type":"Person","@id":"https:\/\/www.activasalut.com\/ca\/#\/schema\/person\/95d459a006e19e0074ae8d3e9f6a7bc7","name":"S\u00edlvia D\u00edaz","image":{"@type":"ImageObject","inLanguage":"ca","@id":"https:\/\/www.activasalut.com\/ca\/#\/schema\/person\/image\/","url":"https:\/\/secure.gravatar.com\/avatar\/2ed81e7fa1c376be2c57d6eddfc8af85?s=96&d=mm&r=g","contentUrl":"https:\/\/secure.gravatar.com\/avatar\/2ed81e7fa1c376be2c57d6eddfc8af85?s=96&d=mm&r=g","caption":"S\u00edlvia D\u00edaz"},"url":"https:\/\/www.activasalut.com\/ca\/author\/silvia-diaz\/"}]}},"_links":{"self":[{"href":"https:\/\/www.activasalut.com\/ca\/wp-json\/wp\/v2\/posts\/6857"}],"collection":[{"href":"https:\/\/www.activasalut.com\/ca\/wp-json\/wp\/v2\/posts"}],"about":[{"href":"https:\/\/www.activasalut.com\/ca\/wp-json\/wp\/v2\/types\/post"}],"author":[{"embeddable":true,"href":"https:\/\/www.activasalut.com\/ca\/wp-json\/wp\/v2\/users\/61"}],"replies":[{"embeddable":true,"href":"https:\/\/www.activasalut.com\/ca\/wp-json\/wp\/v2\/comments?post=6857"}],"version-history":[{"count":11,"href":"https:\/\/www.activasalut.com\/ca\/wp-json\/wp\/v2\/posts\/6857\/revisions"}],"predecessor-version":[{"id":6887,"href":"https:\/\/www.activasalut.com\/ca\/wp-json\/wp\/v2\/posts\/6857\/revisions\/6887"}],"wp:featuredmedia":[{"embeddable":true,"href":"https:\/\/www.activasalut.com\/ca\/wp-json\/wp\/v2\/media\/6868"}],"wp:attachment":[{"href":"https:\/\/www.activasalut.com\/ca\/wp-json\/wp\/v2\/media?parent=6857"}],"wp:term":[{"taxonomy":"category","embeddable":true,"href":"https:\/\/www.activasalut.com\/ca\/wp-json\/wp\/v2\/categories?post=6857"},{"taxonomy":"post_tag","embeddable":true,"href":"https:\/\/www.activasalut.com\/ca\/wp-json\/wp\/v2\/tags?post=6857"}],"curies":[{"name":"wp","href":"https:\/\/api.w.org\/{rel}","templated":true}]}}