{"id":689,"date":"2014-09-12T16:41:56","date_gmt":"2014-09-12T15:41:56","guid":{"rendered":"https:\/\/www.activasalut.com\/lesquena-capitol-4-la-medul%c2%b7la-espinal\/"},"modified":"2015-09-02T19:11:31","modified_gmt":"2015-09-02T17:11:31","slug":"lesquena-capitol-4-la-medul%c2%b7la-espinal","status":"publish","type":"post","link":"https:\/\/www.activasalut.com\/ca\/lesquena-capitol-4-la-medul%c2%b7la-espinal\/","title":{"rendered":"L&#8217;esquena. Cap\u00edtol 4: La medul\u00b7la espinal"},"content":{"rendered":"<p style=\"text-align: justify;\"><span style=\"color: #000000;\">En aquest v\u00eddeo descobrir\u00e0s la import\u00e0ncia de la medul\u00b7la espinal com a canal pel qual circulen tots els est\u00edmuls interns i externs, i per on transita la informaci\u00f3. Al situar-se a l&#8217;interior de la columna vertebral \u00e9s primordial cuidar-la,\u00a0 un mal gest o una postura inadequada pot ser molt perjudicial\u2026 <\/span><!--more--><\/p>\n<p style=\"text-align: justify;\"><span style=\"color: #000000;\">Pensem que tenir una columna vertebral sana equival a un sistema nervi\u00f3s sa, i per tant\u00a0 a \u00a0una \u201cmens sana in corpore sa\u201d (ment sana en un cos sa)<\/span><\/p>\n<p><iframe loading=\"lazy\" src=\"\/\/player.vimeo.com\/video\/72965465?title=0&amp;byline=0&amp;portrait=0\" width=\"500\" height=\"281\" frameborder=\"0\" allowfullscreen=\"allowfullscreen\"><\/iframe><\/p>\n<p>&nbsp;<\/p>\n","protected":false},"excerpt":{"rendered":"<p>En aquest v\u00eddeo descobrir\u00e0s la import\u00e0ncia de la medul\u00b7la espinal com a canal pel qual circulen tots els est\u00edmuls interns i externs, i per<a class=\"moretag\" href=\"https:\/\/www.activasalut.com\/ca\/lesquena-capitol-4-la-medul%c2%b7la-espinal\/\">Llegeix m\u00e9s&#8230;<\/a><\/p>\n","protected":false},"author":18,"featured_media":1250,"comment_status":"open","ping_status":"open","sticky":false,"template":"","format":"standard","meta":[],"categories":[606,609,555,831,467],"tags":[879,931,449],"yoast_head":"<!-- This site is optimized with the Yoast SEO plugin v20.0 - https:\/\/yoast.com\/wordpress\/plugins\/seo\/ -->\n<title>L&#039;esquena. Cap\u00edtol 4: La medul\u00b7la espinal- Corporaci\u00f3 Fisiogesti\u00f3n<\/title>\n<meta name=\"description\" content=\"La medul\u00b7la espinal \u00e9s una de les parts del sistema nervios central i que est\u00e0 situada dins de la columna vertebral.\" \/>\n<meta name=\"robots\" content=\"index, follow, max-snippet:-1, max-image-preview:large, max-video-preview:-1\" \/>\n<link rel=\"canonical\" href=\"https:\/\/www.activasalut.com\/ca\/lesquena-capitol-4-la-medul\u00b7la-espinal\/\" \/>\n<meta property=\"og:locale\" content=\"ca_ES\" \/>\n<meta property=\"og:type\" content=\"article\" \/>\n<meta property=\"og:title\" content=\"L&#039;esquena. Cap\u00edtol 4: La medul\u00b7la espinal- Corporaci\u00f3 Fisiogesti\u00f3n\" \/>\n<meta property=\"og:description\" content=\"La medul\u00b7la espinal \u00e9s una de les parts del sistema nervios central i que est\u00e0 situada dins de la columna vertebral.\" \/>\n<meta property=\"og:url\" content=\"https:\/\/www.activasalut.com\/ca\/lesquena-capitol-4-la-medul\u00b7la-espinal\/\" \/>\n<meta property=\"og:site_name\" content=\"Corporaci\u00f3 Fisiogesti\u00f3\" \/>\n<meta property=\"article:published_time\" content=\"2014-09-12T15:41:56+00:00\" \/>\n<meta property=\"article:modified_time\" content=\"2015-09-02T17:11:31+00:00\" \/>\n<meta property=\"og:image\" content=\"https:\/\/www.activasalut.com\/wp-content\/uploads\/2014\/09\/medula1.png\" \/>\n\t<meta property=\"og:image:width\" content=\"225\" \/>\n\t<meta property=\"og:image:height\" content=\"300\" \/>\n\t<meta property=\"og:image:type\" content=\"image\/png\" \/>\n<meta name=\"author\" content=\"Corporaci\u00f3n Fisiogesti\u00f3n\" \/>\n<meta name=\"twitter:label1\" content=\"Escrit per\" \/>\n\t<meta name=\"twitter:data1\" content=\"Corporaci\u00f3n Fisiogesti\u00f3n\" \/>\n<script type=\"application\/ld+json\" class=\"yoast-schema-graph\">{\"@context\":\"https:\/\/schema.org\",\"@graph\":[{\"@type\":\"WebPage\",\"@id\":\"https:\/\/www.activasalut.com\/ca\/lesquena-capitol-4-la-medul%c2%b7la-espinal\/\",\"url\":\"https:\/\/www.activasalut.com\/ca\/lesquena-capitol-4-la-medul%c2%b7la-espinal\/\",\"name\":\"L'esquena. Cap\u00edtol 4: La medul\u00b7la espinal- Corporaci\u00f3 Fisiogesti\u00f3n\",\"isPartOf\":{\"@id\":\"https:\/\/www.activasalut.com\/ca\/#website\"},\"datePublished\":\"2014-09-12T15:41:56+00:00\",\"dateModified\":\"2015-09-02T17:11:31+00:00\",\"author\":{\"@id\":\"https:\/\/www.activasalut.com\/ca\/#\/schema\/person\/443a7fe6551be14fdf19f1325fe4dec8\"},\"description\":\"La medul\u00b7la espinal \u00e9s una de les parts del sistema nervios central i que est\u00e0 situada dins de la columna vertebral.\",\"breadcrumb\":{\"@id\":\"https:\/\/www.activasalut.com\/ca\/lesquena-capitol-4-la-medul%c2%b7la-espinal\/#breadcrumb\"},\"inLanguage\":\"ca\",\"potentialAction\":[{\"@type\":\"ReadAction\",\"target\":[\"https:\/\/www.activasalut.com\/ca\/lesquena-capitol-4-la-medul%c2%b7la-espinal\/\"]}]},{\"@type\":\"BreadcrumbList\",\"@id\":\"https:\/\/www.activasalut.com\/ca\/lesquena-capitol-4-la-medul%c2%b7la-espinal\/#breadcrumb\",\"itemListElement\":[{\"@type\":\"ListItem\",\"position\":1,\"name\":\"Portada\",\"item\":\"https:\/\/www.activasalut.com\/ca\/\"},{\"@type\":\"ListItem\",\"position\":2,\"name\":\"L&#8217;esquena. Cap\u00edtol 4: La medul\u00b7la espinal\"}]},{\"@type\":\"WebSite\",\"@id\":\"https:\/\/www.activasalut.com\/ca\/#website\",\"url\":\"https:\/\/www.activasalut.com\/ca\/\",\"name\":\"Corporaci\u00f3n fisiogesti\u00f3n\",\"description\":\"Activa la teva salut\",\"potentialAction\":[{\"@type\":\"SearchAction\",\"target\":{\"@type\":\"EntryPoint\",\"urlTemplate\":\"https:\/\/www.activasalut.com\/ca\/?s={search_term_string}\"},\"query-input\":\"required name=search_term_string\"}],\"inLanguage\":\"ca\"},{\"@type\":\"Person\",\"@id\":\"https:\/\/www.activasalut.com\/ca\/#\/schema\/person\/443a7fe6551be14fdf19f1325fe4dec8\",\"name\":\"Corporaci\u00f3n Fisiogesti\u00f3n\",\"image\":{\"@type\":\"ImageObject\",\"inLanguage\":\"ca\",\"@id\":\"https:\/\/www.activasalut.com\/ca\/#\/schema\/person\/image\/\",\"url\":\"https:\/\/secure.gravatar.com\/avatar\/baf13b6213ba0ce3c40e9be94159bcd7?s=96&d=mm&r=g\",\"contentUrl\":\"https:\/\/secure.gravatar.com\/avatar\/baf13b6213ba0ce3c40e9be94159bcd7?s=96&d=mm&r=g\",\"caption\":\"Corporaci\u00f3n Fisiogesti\u00f3n\"},\"url\":\"https:\/\/www.activasalut.com\/ca\/author\/corporacion-fisiogestion\/\"}]}<\/script>\n<!-- \/ Yoast SEO plugin. -->","yoast_head_json":{"title":"L'esquena. Cap\u00edtol 4: La medul\u00b7la espinal- Corporaci\u00f3 Fisiogesti\u00f3n","description":"La medul\u00b7la espinal \u00e9s una de les parts del sistema nervios central i que est\u00e0 situada dins de la columna vertebral.","robots":{"index":"index","follow":"follow","max-snippet":"max-snippet:-1","max-image-preview":"max-image-preview:large","max-video-preview":"max-video-preview:-1"},"canonical":"https:\/\/www.activasalut.com\/ca\/lesquena-capitol-4-la-medul\u00b7la-espinal\/","og_locale":"ca_ES","og_type":"article","og_title":"L'esquena. Cap\u00edtol 4: La medul\u00b7la espinal- Corporaci\u00f3 Fisiogesti\u00f3n","og_description":"La medul\u00b7la espinal \u00e9s una de les parts del sistema nervios central i que est\u00e0 situada dins de la columna vertebral.","og_url":"https:\/\/www.activasalut.com\/ca\/lesquena-capitol-4-la-medul\u00b7la-espinal\/","og_site_name":"Corporaci\u00f3 Fisiogesti\u00f3","article_published_time":"2014-09-12T15:41:56+00:00","article_modified_time":"2015-09-02T17:11:31+00:00","og_image":[{"width":225,"height":300,"url":"https:\/\/www.activasalut.com\/wp-content\/uploads\/2014\/09\/medula1.png","type":"image\/png"}],"author":"Corporaci\u00f3n Fisiogesti\u00f3n","twitter_misc":{"Escrit per":"Corporaci\u00f3n Fisiogesti\u00f3n"},"schema":{"@context":"https:\/\/schema.org","@graph":[{"@type":"WebPage","@id":"https:\/\/www.activasalut.com\/ca\/lesquena-capitol-4-la-medul%c2%b7la-espinal\/","url":"https:\/\/www.activasalut.com\/ca\/lesquena-capitol-4-la-medul%c2%b7la-espinal\/","name":"L'esquena. Cap\u00edtol 4: La medul\u00b7la espinal- Corporaci\u00f3 Fisiogesti\u00f3n","isPartOf":{"@id":"https:\/\/www.activasalut.com\/ca\/#website"},"datePublished":"2014-09-12T15:41:56+00:00","dateModified":"2015-09-02T17:11:31+00:00","author":{"@id":"https:\/\/www.activasalut.com\/ca\/#\/schema\/person\/443a7fe6551be14fdf19f1325fe4dec8"},"description":"La medul\u00b7la espinal \u00e9s una de les parts del sistema nervios central i que est\u00e0 situada dins de la columna vertebral.","breadcrumb":{"@id":"https:\/\/www.activasalut.com\/ca\/lesquena-capitol-4-la-medul%c2%b7la-espinal\/#breadcrumb"},"inLanguage":"ca","potentialAction":[{"@type":"ReadAction","target":["https:\/\/www.activasalut.com\/ca\/lesquena-capitol-4-la-medul%c2%b7la-espinal\/"]}]},{"@type":"BreadcrumbList","@id":"https:\/\/www.activasalut.com\/ca\/lesquena-capitol-4-la-medul%c2%b7la-espinal\/#breadcrumb","itemListElement":[{"@type":"ListItem","position":1,"name":"Portada","item":"https:\/\/www.activasalut.com\/ca\/"},{"@type":"ListItem","position":2,"name":"L&#8217;esquena. Cap\u00edtol 4: La medul\u00b7la espinal"}]},{"@type":"WebSite","@id":"https:\/\/www.activasalut.com\/ca\/#website","url":"https:\/\/www.activasalut.com\/ca\/","name":"Corporaci\u00f3n fisiogesti\u00f3n","description":"Activa la teva salut","potentialAction":[{"@type":"SearchAction","target":{"@type":"EntryPoint","urlTemplate":"https:\/\/www.activasalut.com\/ca\/?s={search_term_string}"},"query-input":"required name=search_term_string"}],"inLanguage":"ca"},{"@type":"Person","@id":"https:\/\/www.activasalut.com\/ca\/#\/schema\/person\/443a7fe6551be14fdf19f1325fe4dec8","name":"Corporaci\u00f3n Fisiogesti\u00f3n","image":{"@type":"ImageObject","inLanguage":"ca","@id":"https:\/\/www.activasalut.com\/ca\/#\/schema\/person\/image\/","url":"https:\/\/secure.gravatar.com\/avatar\/baf13b6213ba0ce3c40e9be94159bcd7?s=96&d=mm&r=g","contentUrl":"https:\/\/secure.gravatar.com\/avatar\/baf13b6213ba0ce3c40e9be94159bcd7?s=96&d=mm&r=g","caption":"Corporaci\u00f3n Fisiogesti\u00f3n"},"url":"https:\/\/www.activasalut.com\/ca\/author\/corporacion-fisiogestion\/"}]}},"_links":{"self":[{"href":"https:\/\/www.activasalut.com\/ca\/wp-json\/wp\/v2\/posts\/689"}],"collection":[{"href":"https:\/\/www.activasalut.com\/ca\/wp-json\/wp\/v2\/posts"}],"about":[{"href":"https:\/\/www.activasalut.com\/ca\/wp-json\/wp\/v2\/types\/post"}],"author":[{"embeddable":true,"href":"https:\/\/www.activasalut.com\/ca\/wp-json\/wp\/v2\/users\/18"}],"replies":[{"embeddable":true,"href":"https:\/\/www.activasalut.com\/ca\/wp-json\/wp\/v2\/comments?post=689"}],"version-history":[{"count":3,"href":"https:\/\/www.activasalut.com\/ca\/wp-json\/wp\/v2\/posts\/689\/revisions"}],"predecessor-version":[{"id":1639,"href":"https:\/\/www.activasalut.com\/ca\/wp-json\/wp\/v2\/posts\/689\/revisions\/1639"}],"wp:featuredmedia":[{"embeddable":true,"href":"https:\/\/www.activasalut.com\/ca\/wp-json\/wp\/v2\/media\/1250"}],"wp:attachment":[{"href":"https:\/\/www.activasalut.com\/ca\/wp-json\/wp\/v2\/media?parent=689"}],"wp:term":[{"taxonomy":"category","embeddable":true,"href":"https:\/\/www.activasalut.com\/ca\/wp-json\/wp\/v2\/categories?post=689"},{"taxonomy":"post_tag","embeddable":true,"href":"https:\/\/www.activasalut.com\/ca\/wp-json\/wp\/v2\/tags?post=689"}],"curies":[{"name":"wp","href":"https:\/\/api.w.org\/{rel}","templated":true}]}}