{"id":691,"date":"2014-09-18T09:16:27","date_gmt":"2014-09-18T08:16:27","guid":{"rendered":"https:\/\/www.activasalut.com\/com-podem-augmentar-el-nostre-vocabulari\/"},"modified":"2015-09-02T19:24:01","modified_gmt":"2015-09-02T17:24:01","slug":"com-podem-augmentar-el-nostre-vocabulari","status":"publish","type":"post","link":"https:\/\/www.activasalut.com\/ca\/com-podem-augmentar-el-nostre-vocabulari\/","title":{"rendered":"Com podem augmentar el nostre vocabulari?"},"content":{"rendered":"<p style=\"text-align: justify;\">Els idiomes espanyol i catal\u00e0 es calcula que estan composts per aproximadament 100.000 paraules, aix\u00ed doncs, podem sentir-nos orgullosos de parlar uns idiomes amb un l\u00e8xic molt ampli i ric.<!--more--><\/p>\n<p style=\"text-align: justify;\">\n<p style=\"text-align: justify;\">Fem un r\u00e0pid rep\u00e0s a l&#8217;evoluci\u00f3 de l&#8217;adquisici\u00f3 quantitativa del llenguatge:<\/p>\n<p style=\"text-align: justify;\"><b>&#8211;<\/b> <b>De 9 a 12 mesos:<\/b> Si un nen\/a rep un est\u00edmul i afecte adequats i no presenta cap patologia, la producci\u00f3 del llenguatge s&#8217;iniciar\u00e0 al voltant dels 9-12 mesos, en aquest moment els nens ja <b>comprenen unes 50 paraules i produeixen 10<\/b>.<\/p>\n<p style=\"text-align: justify;\"><b>&#8211;<\/b> <b>18 mesos: <\/b>El l\u00e8xic va augmentant lenta i progressivament, als 18 mesos els nens <b>produeixen entre 50 i 100 paraules<\/b>. Aquest vocabulari est\u00e0 compost per paraules apreses gr\u00e0cies a la pres\u00e8ncia de repetides rutines verbals de relaci\u00f3 adult-nen.<\/p>\n<p style=\"text-align: justify;\"><b>&#8211;<\/b> <b>3 anys: <\/b>Els nens <b>ja coneixen unes 1.400 paraules, adquirint unes 300 paraules per any<\/b>.<\/p>\n<p style=\"text-align: justify;\"><b>&#8211; 4 anys:<\/b> El llenguatge s&#8217;automatitza i es converteix en un instrument comunicatiu sobre els 4 anys, moment en el qual <b>produiran entre 1.300 i 22.000 paraules<\/b> ( I. P\u00e9rez P\u00e9rez).<\/p>\n<p style=\"text-align: justify;\"><b>&#8211; Adults:<\/b> <b>Els adults produ\u00efm una mitjana de 150 paraules per minut, tenint un l\u00e8xic de m\u00e9s de 50.00 paraules<\/b>. Ens podem trobar oscil\u00b7lacions entre 50.000 i 100.000 paraules. ( I. P\u00e9rez P\u00e9rez)<\/p>\n<p style=\"text-align: justify;\">Perqu\u00e8 aquesta evoluci\u00f3 qualitativa i quantitativa es produeixi, \u00e9s necessari que el nen presenti inter\u00e8s per l&#8217;entorn social, que existeixi un estimulant i c\u00e0lid contacte amb els adults i amb les persones m\u00e9s properes.<\/p>\n<p style=\"text-align: justify;\">Els adults s\u00f3n el model ling\u00fc\u00edstic a imitar dels nens des dels primers mesos de la vida, \u00e9s important\u00edssim l&#8217;\u00fas d&#8217;un vocabulari, un l\u00e8xic apropiat per a cada situaci\u00f3.<\/p>\n<p style=\"text-align: justify;\"><b>En un exercici d&#8217;an\u00e0lisi de les produccions \u201cdel carrer\u201d, concloem que el vocabulari quotidi\u00e0 s&#8217;est\u00e0 reduint alarmantment. Aix\u00ed, observem que una mateixa paraula es pot utilitzar per expressar sentiments, descriure situacions, definir qualitats f\u00edsiques de persones o paisatges. Per exemple sentim \u201cqu\u00e8 maco\u201d en refer\u00e8ncia a un nen, a un monument, un quadre, un paisatge, una pe\u00e7a de roba\u2026<\/b><\/p>\n<p style=\"text-align: justify;\">Produccions com per exemple \u201ctiu\u201d, \u201cno\u201d, \u201cval\u201d, s\u00f3n \u201cmots crossa\u201d que es repeteixen una vegada i una altra en les converses dels nostres adolescents ( i no tan adolescents), o l&#8217;\u00fas dels d\u00edctics \u201call\u00f2\u201d \u201caquest\u201d substitueixen als substantius que costen d\u2019evocar i que cada vegada costar\u00e0 m\u00e9s si no es realitza un esfor\u00e7 per accedir al l\u00e8xic.<\/p>\n<p style=\"text-align: justify;\"><a href=\"https:\/\/www.activasalut.com\/wp-content\/uploads\/2014\/09\/foto25.jpg\"><img decoding=\"async\" loading=\"lazy\" class=\"alignnone size-medium wp-image-309\" src=\"https:\/\/www.activasalut.com\/wp-content\/uploads\/2014\/09\/foto25-300x300.jpg\" alt=\"libros\" width=\"300\" height=\"300\" srcset=\"https:\/\/www.activasalut.com\/wp-content\/uploads\/2014\/09\/foto25-300x300.jpg 300w, https:\/\/www.activasalut.com\/wp-content\/uploads\/2014\/09\/foto25-150x150.jpg 150w, https:\/\/www.activasalut.com\/wp-content\/uploads\/2014\/09\/foto25-50x50.jpg 50w, https:\/\/www.activasalut.com\/wp-content\/uploads\/2014\/09\/foto25.jpg 640w\" sizes=\"(max-width: 300px) 100vw, 300px\" \/><\/a><\/p>\n<p style=\"text-align: justify;\">Activitats com llegir, realitzar mots encreuats, escoltar programes \u201cde qualitat\u201d en la r\u00e0dio o la televisi\u00f3, apuntar-nos les paraules noves que sentim o llegim per posteriorment esfor\u00e7ar-nos a utilitzar-les, buscar sin\u00f2nims i ant\u00f2nims\u2026..ens ajudaran a augmentar el nostre vocabulari i a mantenir la riquesa l\u00e8xica del nostre vehicle de comunicaci\u00f3 per excel\u00b7l\u00e8ncia: <b>el llenguatge<\/b>.<\/p>\n<p style=\"text-align: justify;\">Esther L\u00f3pez<\/p>\n<p style=\"text-align: justify;\">\n","protected":false},"excerpt":{"rendered":"<p>Els idiomes espanyol i catal\u00e0 es calcula que estan composts per aproximadament 100.000 paraules, aix\u00ed doncs, podem sentir-nos orgullosos de parlar uns idiomes amb<a class=\"moretag\" href=\"https:\/\/www.activasalut.com\/ca\/com-podem-augmentar-el-nostre-vocabulari\/\">Llegeix m\u00e9s&#8230;<\/a><\/p>\n","protected":false},"author":25,"featured_media":308,"comment_status":"open","ping_status":"open","sticky":false,"template":"","format":"standard","meta":[],"categories":[581,611],"tags":[933,1123,1103,910,871,1107,928,904,932],"yoast_head":"<!-- This site is optimized with the Yoast SEO plugin v20.0 - https:\/\/yoast.com\/wordpress\/plugins\/seo\/ -->\n<title>Augmentar el nostre vocabulari?- Corporaci\u00f3 Fisiogesti\u00f3n<\/title>\n<meta name=\"description\" content=\"Els idiomes espanyol i catal\u00e0 es calcula que estan composts per aproximadament 100.000 paraules, \u00e9s molt important el vocabulari.\" \/>\n<meta name=\"robots\" content=\"index, follow, max-snippet:-1, max-image-preview:large, max-video-preview:-1\" \/>\n<link rel=\"canonical\" href=\"https:\/\/www.activasalut.com\/ca\/com-podem-augmentar-el-nostre-vocabulari\/\" \/>\n<meta property=\"og:locale\" content=\"ca_ES\" \/>\n<meta property=\"og:type\" content=\"article\" \/>\n<meta property=\"og:title\" content=\"Augmentar el nostre vocabulari?- Corporaci\u00f3 Fisiogesti\u00f3n\" \/>\n<meta property=\"og:description\" content=\"Els idiomes espanyol i catal\u00e0 es calcula que estan composts per aproximadament 100.000 paraules, \u00e9s molt important el vocabulari.\" \/>\n<meta property=\"og:url\" content=\"https:\/\/www.activasalut.com\/ca\/com-podem-augmentar-el-nostre-vocabulari\/\" \/>\n<meta property=\"og:site_name\" content=\"Corporaci\u00f3 Fisiogesti\u00f3\" \/>\n<meta property=\"article:published_time\" content=\"2014-09-18T08:16:27+00:00\" \/>\n<meta property=\"article:modified_time\" content=\"2015-09-02T17:24:01+00:00\" \/>\n<meta property=\"og:image\" content=\"https:\/\/www.activasalut.com\/wp-content\/uploads\/2014\/09\/palabrascat.jpg\" \/>\n\t<meta property=\"og:image:width\" content=\"800\" \/>\n\t<meta property=\"og:image:height\" content=\"600\" \/>\n\t<meta property=\"og:image:type\" content=\"image\/jpeg\" \/>\n<meta name=\"author\" content=\"Esther L\u00f3pez\" \/>\n<meta name=\"twitter:label1\" content=\"Escrit per\" \/>\n\t<meta name=\"twitter:data1\" content=\"Esther L\u00f3pez\" \/>\n\t<meta name=\"twitter:label2\" content=\"Temps estimat de lectura\" \/>\n\t<meta name=\"twitter:data2\" content=\"2 minuts\" \/>\n<script type=\"application\/ld+json\" class=\"yoast-schema-graph\">{\"@context\":\"https:\/\/schema.org\",\"@graph\":[{\"@type\":\"WebPage\",\"@id\":\"https:\/\/www.activasalut.com\/ca\/com-podem-augmentar-el-nostre-vocabulari\/\",\"url\":\"https:\/\/www.activasalut.com\/ca\/com-podem-augmentar-el-nostre-vocabulari\/\",\"name\":\"Augmentar el nostre vocabulari?- Corporaci\u00f3 Fisiogesti\u00f3n\",\"isPartOf\":{\"@id\":\"https:\/\/www.activasalut.com\/ca\/#website\"},\"datePublished\":\"2014-09-18T08:16:27+00:00\",\"dateModified\":\"2015-09-02T17:24:01+00:00\",\"author\":{\"@id\":\"https:\/\/www.activasalut.com\/ca\/#\/schema\/person\/58c021e0d12eb6ce725a0f94ec2962cd\"},\"description\":\"Els idiomes espanyol i catal\u00e0 es calcula que estan composts per aproximadament 100.000 paraules, \u00e9s molt important el vocabulari.\",\"breadcrumb\":{\"@id\":\"https:\/\/www.activasalut.com\/ca\/com-podem-augmentar-el-nostre-vocabulari\/#breadcrumb\"},\"inLanguage\":\"ca\",\"potentialAction\":[{\"@type\":\"ReadAction\",\"target\":[\"https:\/\/www.activasalut.com\/ca\/com-podem-augmentar-el-nostre-vocabulari\/\"]}]},{\"@type\":\"BreadcrumbList\",\"@id\":\"https:\/\/www.activasalut.com\/ca\/com-podem-augmentar-el-nostre-vocabulari\/#breadcrumb\",\"itemListElement\":[{\"@type\":\"ListItem\",\"position\":1,\"name\":\"Portada\",\"item\":\"https:\/\/www.activasalut.com\/ca\/\"},{\"@type\":\"ListItem\",\"position\":2,\"name\":\"Com podem augmentar el nostre vocabulari?\"}]},{\"@type\":\"WebSite\",\"@id\":\"https:\/\/www.activasalut.com\/ca\/#website\",\"url\":\"https:\/\/www.activasalut.com\/ca\/\",\"name\":\"Corporaci\u00f3n fisiogesti\u00f3n\",\"description\":\"Activa la teva salut\",\"potentialAction\":[{\"@type\":\"SearchAction\",\"target\":{\"@type\":\"EntryPoint\",\"urlTemplate\":\"https:\/\/www.activasalut.com\/ca\/?s={search_term_string}\"},\"query-input\":\"required name=search_term_string\"}],\"inLanguage\":\"ca\"},{\"@type\":\"Person\",\"@id\":\"https:\/\/www.activasalut.com\/ca\/#\/schema\/person\/58c021e0d12eb6ce725a0f94ec2962cd\",\"name\":\"Esther L\u00f3pez\",\"image\":{\"@type\":\"ImageObject\",\"inLanguage\":\"ca\",\"@id\":\"https:\/\/www.activasalut.com\/ca\/#\/schema\/person\/image\/\",\"url\":\"https:\/\/secure.gravatar.com\/avatar\/c44874e579f3b74c5601fbebe0a1a831?s=96&d=mm&r=g\",\"contentUrl\":\"https:\/\/secure.gravatar.com\/avatar\/c44874e579f3b74c5601fbebe0a1a831?s=96&d=mm&r=g\",\"caption\":\"Esther L\u00f3pez\"},\"url\":\"https:\/\/www.activasalut.com\/ca\/author\/esther-lopez\/\"}]}<\/script>\n<!-- \/ Yoast SEO plugin. -->","yoast_head_json":{"title":"Augmentar el nostre vocabulari?- Corporaci\u00f3 Fisiogesti\u00f3n","description":"Els idiomes espanyol i catal\u00e0 es calcula que estan composts per aproximadament 100.000 paraules, \u00e9s molt important el vocabulari.","robots":{"index":"index","follow":"follow","max-snippet":"max-snippet:-1","max-image-preview":"max-image-preview:large","max-video-preview":"max-video-preview:-1"},"canonical":"https:\/\/www.activasalut.com\/ca\/com-podem-augmentar-el-nostre-vocabulari\/","og_locale":"ca_ES","og_type":"article","og_title":"Augmentar el nostre vocabulari?- Corporaci\u00f3 Fisiogesti\u00f3n","og_description":"Els idiomes espanyol i catal\u00e0 es calcula que estan composts per aproximadament 100.000 paraules, \u00e9s molt important el vocabulari.","og_url":"https:\/\/www.activasalut.com\/ca\/com-podem-augmentar-el-nostre-vocabulari\/","og_site_name":"Corporaci\u00f3 Fisiogesti\u00f3","article_published_time":"2014-09-18T08:16:27+00:00","article_modified_time":"2015-09-02T17:24:01+00:00","og_image":[{"width":800,"height":600,"url":"https:\/\/www.activasalut.com\/wp-content\/uploads\/2014\/09\/palabrascat.jpg","type":"image\/jpeg"}],"author":"Esther L\u00f3pez","twitter_misc":{"Escrit per":"Esther L\u00f3pez","Temps estimat de lectura":"2 minuts"},"schema":{"@context":"https:\/\/schema.org","@graph":[{"@type":"WebPage","@id":"https:\/\/www.activasalut.com\/ca\/com-podem-augmentar-el-nostre-vocabulari\/","url":"https:\/\/www.activasalut.com\/ca\/com-podem-augmentar-el-nostre-vocabulari\/","name":"Augmentar el nostre vocabulari?- Corporaci\u00f3 Fisiogesti\u00f3n","isPartOf":{"@id":"https:\/\/www.activasalut.com\/ca\/#website"},"datePublished":"2014-09-18T08:16:27+00:00","dateModified":"2015-09-02T17:24:01+00:00","author":{"@id":"https:\/\/www.activasalut.com\/ca\/#\/schema\/person\/58c021e0d12eb6ce725a0f94ec2962cd"},"description":"Els idiomes espanyol i catal\u00e0 es calcula que estan composts per aproximadament 100.000 paraules, \u00e9s molt important el vocabulari.","breadcrumb":{"@id":"https:\/\/www.activasalut.com\/ca\/com-podem-augmentar-el-nostre-vocabulari\/#breadcrumb"},"inLanguage":"ca","potentialAction":[{"@type":"ReadAction","target":["https:\/\/www.activasalut.com\/ca\/com-podem-augmentar-el-nostre-vocabulari\/"]}]},{"@type":"BreadcrumbList","@id":"https:\/\/www.activasalut.com\/ca\/com-podem-augmentar-el-nostre-vocabulari\/#breadcrumb","itemListElement":[{"@type":"ListItem","position":1,"name":"Portada","item":"https:\/\/www.activasalut.com\/ca\/"},{"@type":"ListItem","position":2,"name":"Com podem augmentar el nostre vocabulari?"}]},{"@type":"WebSite","@id":"https:\/\/www.activasalut.com\/ca\/#website","url":"https:\/\/www.activasalut.com\/ca\/","name":"Corporaci\u00f3n fisiogesti\u00f3n","description":"Activa la teva salut","potentialAction":[{"@type":"SearchAction","target":{"@type":"EntryPoint","urlTemplate":"https:\/\/www.activasalut.com\/ca\/?s={search_term_string}"},"query-input":"required name=search_term_string"}],"inLanguage":"ca"},{"@type":"Person","@id":"https:\/\/www.activasalut.com\/ca\/#\/schema\/person\/58c021e0d12eb6ce725a0f94ec2962cd","name":"Esther L\u00f3pez","image":{"@type":"ImageObject","inLanguage":"ca","@id":"https:\/\/www.activasalut.com\/ca\/#\/schema\/person\/image\/","url":"https:\/\/secure.gravatar.com\/avatar\/c44874e579f3b74c5601fbebe0a1a831?s=96&d=mm&r=g","contentUrl":"https:\/\/secure.gravatar.com\/avatar\/c44874e579f3b74c5601fbebe0a1a831?s=96&d=mm&r=g","caption":"Esther L\u00f3pez"},"url":"https:\/\/www.activasalut.com\/ca\/author\/esther-lopez\/"}]}},"_links":{"self":[{"href":"https:\/\/www.activasalut.com\/ca\/wp-json\/wp\/v2\/posts\/691"}],"collection":[{"href":"https:\/\/www.activasalut.com\/ca\/wp-json\/wp\/v2\/posts"}],"about":[{"href":"https:\/\/www.activasalut.com\/ca\/wp-json\/wp\/v2\/types\/post"}],"author":[{"embeddable":true,"href":"https:\/\/www.activasalut.com\/ca\/wp-json\/wp\/v2\/users\/25"}],"replies":[{"embeddable":true,"href":"https:\/\/www.activasalut.com\/ca\/wp-json\/wp\/v2\/comments?post=691"}],"version-history":[{"count":3,"href":"https:\/\/www.activasalut.com\/ca\/wp-json\/wp\/v2\/posts\/691\/revisions"}],"predecessor-version":[{"id":1641,"href":"https:\/\/www.activasalut.com\/ca\/wp-json\/wp\/v2\/posts\/691\/revisions\/1641"}],"wp:featuredmedia":[{"embeddable":true,"href":"https:\/\/www.activasalut.com\/ca\/wp-json\/wp\/v2\/media\/308"}],"wp:attachment":[{"href":"https:\/\/www.activasalut.com\/ca\/wp-json\/wp\/v2\/media?parent=691"}],"wp:term":[{"taxonomy":"category","embeddable":true,"href":"https:\/\/www.activasalut.com\/ca\/wp-json\/wp\/v2\/categories?post=691"},{"taxonomy":"post_tag","embeddable":true,"href":"https:\/\/www.activasalut.com\/ca\/wp-json\/wp\/v2\/tags?post=691"}],"curies":[{"name":"wp","href":"https:\/\/api.w.org\/{rel}","templated":true}]}}