{"id":7009,"date":"2021-01-19T11:26:06","date_gmt":"2021-01-19T10:26:06","guid":{"rendered":"https:\/\/www.activasalut.com\/?p=7009"},"modified":"2021-01-19T12:04:15","modified_gmt":"2021-01-19T11:04:15","slug":"que-es-la-tercarterapia","status":"publish","type":"post","link":"https:\/\/www.activasalut.com\/ca\/que-es-la-tercarterapia\/","title":{"rendered":"Qu\u00e8 \u00e9s la tercarter\u00e0pia?"},"content":{"rendered":"\n<p>La <strong><a href=\"https:\/\/www.activasalut.com\/ca\/tecarterapia-una-terapia-dolor\/\">tecarter\u00e0pia<\/a><\/strong> o <strong>diat\u00e8rmia <\/strong>\u00e9s una t\u00e8cnica d&#8217;electroter\u00e0pia, que utilitza la radiofreq\u00fc\u00e8ncia per a provocar <strong>un augment de temperatura en els diferents teixits<\/strong> amb <strong>finalitats terap\u00e8utiques<\/strong>. L&#8217;<strong>objectiu<\/strong> \u00e9s millorar la recuperaci\u00f3, la nutrici\u00f3 i l&#8217;oxigenaci\u00f3 d&#8217;aquests teixits, mitjan\u00e7ant l&#8217;augment del reg sanguini en la zona d&#8217;aplicaci\u00f3.<\/p>\n\n\n\n<!--more-->\n\n\n\n<h2><strong>Indicacions<\/strong> de la tecarter\u00e0pia<\/h2>\n\n\n\n<ul><li><strong>Lesions tendinoses agudes i cr\u00f2niques:<\/strong> tendinitis, tendinosis, trencaments tendinosos.<\/li><li><strong>Lesions musculars: <\/strong>sobrec\u00e0rregues, contractures i trencaments musculars.<\/li><li><strong>Lesions articulars agudes i cr\u00f2niques: <\/strong>artrosi, edemes articulars, contusions.<\/li><li><strong>Lesions lligamentoses: <\/strong>esquin\u00e7os, trencaments.<\/li><li><strong>Lesions de la columna vertebral:<\/strong> cervic\u00e0lgies, dors\u00e0lgies i lumb\u00e0lgies.<\/li><li><strong>Problemes de la circulaci\u00f3 sangu\u00ednia i limf\u00e0tica.<\/strong><\/li><\/ul>\n\n\n\n<div class=\"wp-block-image\"><figure class=\"aligncenter size-large is-resized\"><a href=\"https:\/\/www.activasalut.com\/wp-content\/uploads\/2021\/01\/tecarterapia.jpg\"><img decoding=\"async\" loading=\"lazy\" src=\"https:\/\/www.activasalut.com\/wp-content\/uploads\/2021\/01\/tecarterapia.jpg\" alt=\"\u00bfQu\u00e9 es la tecarterapia?\" class=\"wp-image-6980\" width=\"227\" height=\"168\" srcset=\"https:\/\/www.activasalut.com\/wp-content\/uploads\/2021\/01\/tecarterapia.jpg 378w, https:\/\/www.activasalut.com\/wp-content\/uploads\/2021\/01\/tecarterapia-300x222.jpg 300w\" sizes=\"(max-width: 227px) 100vw, 227px\" \/><\/a><\/figure><\/div>\n\n\n\n<h2><strong>Contraindicacions<\/strong> de la tecarter\u00e0pia<\/h2>\n\n\n\n<ul><li><strong>Pacients oncol\u00f2gics.<\/strong><\/li><li><strong>Cardiopaties, malalties del sistema cardiocirculatori.<\/strong><\/li><li><strong>Pres\u00e8ncia de material d&#8217;osteos\u00edntesi a la zona del tractament <\/strong>(en la manera resistiva).<\/li><li><strong>Pacients embarassades.<\/strong><\/li><\/ul>\n\n\n\n<h2><strong>Aplicaci\u00f3 de la t\u00e8cnica<\/strong><\/h2>\n\n\n\n<p>En aquesta ter\u00e0pia s&#8217;utilitzen dues modalitats d&#8217;aplicaci\u00f3 en funci\u00f3 del teixit principal que tractem. Aquestes s\u00f3n, la modalitat <strong>CAPACITIVA<\/strong> i la modalitat <strong>RESISTIVA<\/strong>.<\/p>\n\n\n\n<p>El principal criteri d&#8217;elecci\u00f3 d&#8217;una modalitat o una altra radica, en el major o menor grau d&#8217;hidrataci\u00f3 o percentatge aqu\u00f3s que contingui el teixit diana. Aix\u00ed, triarem preferentment la <strong>modalitat capacitiva<\/strong> per a <strong>teixits molt hidratats<\/strong> com poden ser els <strong>m\u00fasculs<\/strong>, o la <strong>modalitat resistiva <\/strong>per a teixits amb menor percentatge aqu\u00f3s o <strong>menys hidratats<\/strong>, com per exemple el <strong>teixit ossi<\/strong>.<\/p>\n\n\n\n<div class=\"wp-block-image\"><figure class=\"aligncenter size-large is-resized\"><a href=\"https:\/\/www.activasalut.com\/wp-content\/uploads\/2021\/01\/diatermia-capacitiva.jpg\"><img decoding=\"async\" loading=\"lazy\" src=\"https:\/\/www.activasalut.com\/wp-content\/uploads\/2021\/01\/diatermia-capacitiva.jpg\" alt=\"\u00bfQu\u00e9 es la tecarterapia?\" class=\"wp-image-6976\" width=\"278\" height=\"159\" srcset=\"https:\/\/www.activasalut.com\/wp-content\/uploads\/2021\/01\/diatermia-capacitiva.jpg 700w, https:\/\/www.activasalut.com\/wp-content\/uploads\/2021\/01\/diatermia-capacitiva-300x171.jpg 300w\" sizes=\"(max-width: 278px) 100vw, 278px\" \/><\/a><\/figure><\/div>\n\n\n\n<p>Normalment, en una sessi\u00f3 de tractament se solen utilitzar tots dos m\u00e8todes de forma combinada per a poder abastar el teixit diana al costat d&#8217;altres teixits adjacents que poden veure&#8217;s afectats a conseq\u00fc\u00e8ncia de la lesi\u00f3 prim\u00e0ria.<\/p>\n\n\n\n<p>El pacient percebr\u00e0 principalment una <strong>sensaci\u00f3 de calor<\/strong>, m\u00e9s o menys profund i intens en funci\u00f3 de la mena d&#8217;aplicaci\u00f3 i la durada del tractament.<\/p>\n\n\n\n<h2><strong>Principals efectes de la tecarter\u00e0pia sobre l\u2019organisme<\/strong><\/h2>\n\n\n\n<ul><li><strong>Efecte t\u00e8rmic<\/strong>: el tractament genera un augment de la temperatura local en el segment tractat mitjan\u00e7ant els principis f\u00edsics del corrent el\u00e8ctric.<\/li><li><strong>Efecte circulatori<\/strong>: a conseq\u00fc\u00e8ncia de l&#8217;augment de temperatura, es produeix alhora un augment del reg sanguini local, cosa que permet l&#8217;oxigenaci\u00f3 dels teixits irrigats, aportaci\u00f3 extra de nutrients i l&#8217;eliminaci\u00f3 de restes metab\u00f2liques. Al mateix temps afavoreix la propagaci\u00f3 de la calor a estructures ve\u00efnes.<\/li><li><strong>Efecte analg\u00e8sic:<\/strong> les&nbsp;fibres nervioses sensitives reaccionen a l&#8217;aplicaci\u00f3 dels corrents electromagn\u00e8tics elevant la permeabilitat de les seves membranes i en conseq\u00fc\u00e8ncia, millorant el llindar de dolor.<\/li><li><strong>Efecte antiinflamatori:<\/strong> la hiper\u00e8mia resultant redueix l&#8217;edema que acompanya la lesi\u00f3 augmentant la permeabilitat dels teixits, la qual cosa afavoreix el drenatge del l\u00edquid acumulat.<\/li><li><strong>Efecte regenerador<\/strong>: es redueixen significativament <strong>els temps de recuperaci\u00f3 de les lesions<\/strong> respecte a altres t\u00e8cniques habituals de fisioter\u00e0pia. Ja que <strong>s&#8217;accelera la regeneraci\u00f3 dels teixits<\/strong> a conseq\u00fc\u00e8ncia d&#8217;una major aportaci\u00f3 d&#8217;oxigen, nutrients i eliminaci\u00f3 de restes metab\u00f2liques provocades per l&#8217;augment de reg sanguini a la zona lesionada.<\/li><\/ul>\n\n\n\n<h2><strong>Sessions<\/strong> de tractament amb la tecarter\u00e0pia<\/h2>\n\n\n\n<div class=\"wp-block-image\"><figure class=\"aligncenter size-large is-resized\"><a href=\"https:\/\/www.activasalut.com\/wp-content\/uploads\/2021\/01\/MitosTecarterapia2.jpg\"><img decoding=\"async\" loading=\"lazy\" src=\"https:\/\/www.activasalut.com\/wp-content\/uploads\/2021\/01\/MitosTecarterapia2.jpg\" alt=\"\u00bfQu\u00e9 es la tecarterapia?\" class=\"wp-image-6996\" width=\"434\" height=\"227\" srcset=\"https:\/\/www.activasalut.com\/wp-content\/uploads\/2021\/01\/MitosTecarterapia2.jpg 800w, https:\/\/www.activasalut.com\/wp-content\/uploads\/2021\/01\/MitosTecarterapia2-300x158.jpg 300w, https:\/\/www.activasalut.com\/wp-content\/uploads\/2021\/01\/MitosTecarterapia2-768x403.jpg 768w\" sizes=\"(max-width: 434px) 100vw, 434px\" \/><\/a><\/figure><\/div>\n\n\n\n<p>En les <strong>lesions agudes<\/strong>, es recomana realitzar entre <strong>3-10 sessions <\/strong>en funci\u00f3 de l&#8217;evoluci\u00f3 del pacient o fins a la remissi\u00f3 completa del dolor.<\/p>\n\n\n\n<p>En les <strong>lesions cr\u00f2niques<\/strong>, sobretot d&#8217;origen articular, es recomana realitzar un tractament de manteniment amb una freq\u00fc\u00e8ncia setmanal, quinzenal o mensual en funci\u00f3 de la mena de lesi\u00f3 i la intensitat del dolor que pateix el pacient.<\/p>\n\n\n\n<p>El <strong>temps d&#8217;aplicaci\u00f3<\/strong> de la t\u00e8cnica sol anar entre els <strong>10-30&#8242;<\/strong> en funci\u00f3 de la lesi\u00f3 i de l&#8217;\u00e0rea a tractar. La sessi\u00f3 de tractament normalment es complementa amb altres t\u00e8cniques habituals de <a href=\"https:\/\/www.fisiogestion.com\/ca\/servicios-en-centros\/fisioterapia\/\"><strong>fisioter\u00e0pia<\/strong><\/a>.<\/p>\n\n\n\n<pre class=\"wp-block-preformatted\"><strong>Bibliografia:<\/strong>\nBenacloy Mart\u00ednez E., Barrios Marco F. Diatermia capacitiva y resistiva. La Excelencia en electroterapia. Therapy Global Solutions 2016.\n<\/pre>\n\n\n\n<h3>Tens alguna lesi\u00f3 o problema del sistema m\u00fascul-esquel\u00e8tic?? Necessites un tractament de <a href=\"https:\/\/ecommerce.fisiogestion.com\/ca\/producto\/fisioterapia\/\">fisioter\u00e0pia<\/a>? El podem ajudar.<\/h3>\n\n\n\n<h3>Pots consultar els nostres serveis de <a href=\"https:\/\/www.fisiogestion.com\/ca\/servicios-en-centros\/fisioterapia\/\">fisioter\u00e0pia<\/a> en la nostra xarxa de <a href=\"https:\/\/www.fisiogestion.com\/ca\/centros\/\">centres <\/a>o emplenar aquest formulari i et contactarem.<\/h3>\n\n\n\n\n<div class=\"wpcf7 no-js\" id=\"wpcf7-f5253-o1\" lang=\"es-ES\" dir=\"ltr\">\n<div class=\"screen-reader-response\"><p role=\"status\" aria-live=\"polite\" aria-atomic=\"true\"><\/p> <ul><\/ul><\/div>\n<form action=\"\/ca\/wp-json\/wp\/v2\/posts\/7009#wpcf7-f5253-o1\" method=\"post\" class=\"wpcf7-form init\" aria-label=\"Formulario de contacto\" novalidate=\"novalidate\" data-status=\"init\">\n<div style=\"display: none;\">\n<input type=\"hidden\" name=\"_wpcf7\" value=\"5253\" \/>\n<input type=\"hidden\" name=\"_wpcf7_version\" value=\"5.7.3\" \/>\n<input type=\"hidden\" name=\"_wpcf7_locale\" value=\"es_ES\" \/>\n<input type=\"hidden\" name=\"_wpcf7_unit_tag\" value=\"wpcf7-f5253-o1\" \/>\n<input type=\"hidden\" name=\"_wpcf7_container_post\" value=\"0\" \/>\n<input type=\"hidden\" name=\"_wpcf7_posted_data_hash\" value=\"\" \/>\n<input type=\"hidden\" name=\"_wpcf7_recaptcha_response\" value=\"\" \/>\n<\/div>\n<div class=\"wpcf7-response-output\" aria-hidden=\"true\"><\/div>\n<div class='comment-form'>\n\t<div class=\"comment-form-inputs\">\n\t\t<p><span class=\"wpcf7-form-control-wrap\" data-name=\"nombre\"><input size=\"40\" class=\"wpcf7-form-control wpcf7-text wpcf7-validates-as-required\" id=\"nombre\" aria-required=\"true\" aria-invalid=\"false\" placeholder=\"Nom (requerit)\" value=\"\" type=\"text\" name=\"nombre\" \/><\/span>\n\t\t<\/p>\n\t\t<p><span class=\"wpcf7-form-control-wrap\" data-name=\"apellidos\"><input size=\"40\" class=\"wpcf7-form-control wpcf7-text wpcf7-validates-as-required\" id=\"apellidos\" aria-required=\"true\" aria-invalid=\"false\" placeholder=\"Cognoms (requerit)\" value=\"\" type=\"text\" name=\"apellidos\" \/><\/span>\n\t\t<\/p>\n\t\t<p><span class=\"wpcf7-form-control-wrap\" data-name=\"email\"><input size=\"40\" class=\"wpcf7-form-control wpcf7-text wpcf7-email wpcf7-validates-as-required wpcf7-validates-as-email\" id=\"email\" aria-required=\"true\" aria-invalid=\"false\" placeholder=\"Email (requerit)\" value=\"\" type=\"email\" name=\"email\" \/><\/span>\n\t\t<\/p>\n\t\t<p><span class=\"wpcf7-form-control-wrap\" data-name=\"telefono\"><input size=\"40\" class=\"wpcf7-form-control wpcf7-text wpcf7-tel wpcf7-validates-as-required wpcf7-validates-as-tel\" id=\"telefono\" aria-required=\"true\" aria-invalid=\"false\" placeholder=\"Tel\u00e8fon (requerit)\" value=\"\" type=\"tel\" name=\"telefono\" \/><\/span>\n\t\t<\/p>\n\t<\/div>\n\t<p><span class=\"wpcf7-form-control-wrap\" data-name=\"mensaje\"><textarea cols=\"39\" rows=\"10\" class=\"wpcf7-form-control wpcf7-textarea wpcf7-validates-as-required\" id=\"mensaje\" aria-required=\"true\" aria-invalid=\"false\" placeholder=\"Missatge (requerit)\" name=\"mensaje\"><\/textarea><\/span>\n\t<\/p>\n\t<p class=\"form-submit\"><input class=\"wpcf7-form-control has-spinner wpcf7-submit\" type=\"submit\" value=\"Enviar\" \/>\n\t<\/p>\n<\/div>\n<p style=\"text-align:justify; color:#383838;\"><br \/>\n<em>L\u2019informem que les dades recollides al present formulari, seran tractades per Corporaci\u00f3 d'Administraci\u00f3 Sanit\u00e0ria A.I.E., per poder atendre i donar resposta a la seva sol\u00b7licitud d\u2018informaci\u00f3. Si necessita m\u00e9s informaci\u00f3 o vol exercir els seus drets sobre aquestes dades consulti la nostra <a href=\"https:\/\/www.fisiogestion.com\/ca\/politica-privacidad\/\">Pol\u00edtica de Privacitat<\/a>.<\/em>\n<\/p>\n<\/form>\n<\/div>\n\n\n\n\n<figure class=\"wp-block-image\"><a href=\"https:\/\/www.fisiogestion.com\/ca\/noticias\/corporacion-fisiogestion-la-primera-red-de-centros-de-rehabilitacion-fisica-certificada-por-aenor-frente-al-covid-19\/\"><img decoding=\"async\" src=\"https:\/\/www.activasalut.com\/wp-content\/uploads\/2020\/09\/Banner-COVI19-Blog_CAT-01.png\" alt=\"La imagen tiene un atributo ALT vac\u00edo; su nombre de archivo es Banner-COVI19-Blog_CAT-01.png\"\/><\/a><\/figure>\n\n\n\n<p><\/p>\n","protected":false},"excerpt":{"rendered":"<p>La tecarter\u00e0pia o diat\u00e8rmia \u00e9s una t\u00e8cnica d&#8217;electroter\u00e0pia, que utilitza la radiofreq\u00fc\u00e8ncia per a provocar un augment de temperatura en els diferents teixits amb<a class=\"moretag\" href=\"https:\/\/www.activasalut.com\/ca\/que-es-la-tercarterapia\/\">Llegeix m\u00e9s&#8230;<\/a><\/p>\n","protected":false},"author":108,"featured_media":6982,"comment_status":"open","ping_status":"closed","sticky":false,"template":"","format":"standard","meta":[],"categories":[609,610,475,555,469,2302],"tags":[2695,1683,2870],"yoast_head":"<!-- This site is optimized with the Yoast SEO plugin v20.0 - https:\/\/yoast.com\/wordpress\/plugins\/seo\/ -->\n<title>Qu\u00e8 \u00e9s la tercarter\u00e0pia?<\/title>\n<meta name=\"description\" content=\"La tecarter\u00e0pia o diat\u00e8rmia \u00e9s una t\u00e8cnica d&#039;electroter\u00e0pia, que utilitza la radiofreq\u00fc\u00e8ncia amb finalitats terap\u00e8utiques.\" \/>\n<meta name=\"robots\" content=\"index, follow, max-snippet:-1, max-image-preview:large, max-video-preview:-1\" \/>\n<link rel=\"canonical\" href=\"https:\/\/www.activasalut.com\/ca\/que-es-la-tercarterapia\/\" \/>\n<meta property=\"og:locale\" content=\"ca_ES\" \/>\n<meta property=\"og:type\" content=\"article\" \/>\n<meta property=\"og:title\" content=\"Qu\u00e8 \u00e9s la tercarter\u00e0pia?\" \/>\n<meta property=\"og:description\" content=\"La tecarter\u00e0pia o diat\u00e8rmia \u00e9s una t\u00e8cnica d&#039;electroter\u00e0pia, que utilitza la radiofreq\u00fc\u00e8ncia amb finalitats terap\u00e8utiques.\" \/>\n<meta property=\"og:url\" content=\"https:\/\/www.activasalut.com\/ca\/que-es-la-tercarterapia\/\" \/>\n<meta property=\"og:site_name\" content=\"Corporaci\u00f3 Fisiogesti\u00f3\" \/>\n<meta property=\"article:published_time\" content=\"2021-01-19T10:26:06+00:00\" \/>\n<meta property=\"article:modified_time\" content=\"2021-01-19T11:04:15+00:00\" \/>\n<meta property=\"og:image\" content=\"https:\/\/www.activasalut.com\/wp-content\/uploads\/2021\/01\/Tecarterapia-foto-destacada.jpg\" \/>\n\t<meta property=\"og:image:width\" content=\"1000\" \/>\n\t<meta property=\"og:image:height\" content=\"667\" \/>\n\t<meta property=\"og:image:type\" content=\"image\/jpeg\" \/>\n<meta name=\"author\" content=\"Angelo Paolo Bottero\" \/>\n<meta name=\"twitter:label1\" content=\"Escrit per\" \/>\n\t<meta name=\"twitter:data1\" content=\"Angelo Paolo Bottero\" \/>\n\t<meta name=\"twitter:label2\" content=\"Temps estimat de lectura\" \/>\n\t<meta name=\"twitter:data2\" content=\"3 minuts\" \/>\n<script type=\"application\/ld+json\" class=\"yoast-schema-graph\">{\"@context\":\"https:\/\/schema.org\",\"@graph\":[{\"@type\":\"WebPage\",\"@id\":\"https:\/\/www.activasalut.com\/ca\/que-es-la-tercarterapia\/\",\"url\":\"https:\/\/www.activasalut.com\/ca\/que-es-la-tercarterapia\/\",\"name\":\"Qu\u00e8 \u00e9s la tercarter\u00e0pia?\",\"isPartOf\":{\"@id\":\"https:\/\/www.activasalut.com\/ca\/#website\"},\"datePublished\":\"2021-01-19T10:26:06+00:00\",\"dateModified\":\"2021-01-19T11:04:15+00:00\",\"author\":{\"@id\":\"https:\/\/www.activasalut.com\/ca\/#\/schema\/person\/95d79ea6330fe76ad9145d88ee4c7fd1\"},\"description\":\"La tecarter\u00e0pia o diat\u00e8rmia \u00e9s una t\u00e8cnica d'electroter\u00e0pia, que utilitza la radiofreq\u00fc\u00e8ncia amb finalitats terap\u00e8utiques.\",\"breadcrumb\":{\"@id\":\"https:\/\/www.activasalut.com\/ca\/que-es-la-tercarterapia\/#breadcrumb\"},\"inLanguage\":\"ca\",\"potentialAction\":[{\"@type\":\"ReadAction\",\"target\":[\"https:\/\/www.activasalut.com\/ca\/que-es-la-tercarterapia\/\"]}]},{\"@type\":\"BreadcrumbList\",\"@id\":\"https:\/\/www.activasalut.com\/ca\/que-es-la-tercarterapia\/#breadcrumb\",\"itemListElement\":[{\"@type\":\"ListItem\",\"position\":1,\"name\":\"Portada\",\"item\":\"https:\/\/www.activasalut.com\/ca\/\"},{\"@type\":\"ListItem\",\"position\":2,\"name\":\"Qu\u00e8 \u00e9s la tercarter\u00e0pia?\"}]},{\"@type\":\"WebSite\",\"@id\":\"https:\/\/www.activasalut.com\/ca\/#website\",\"url\":\"https:\/\/www.activasalut.com\/ca\/\",\"name\":\"Corporaci\u00f3n fisiogesti\u00f3n\",\"description\":\"Activa la teva salut\",\"potentialAction\":[{\"@type\":\"SearchAction\",\"target\":{\"@type\":\"EntryPoint\",\"urlTemplate\":\"https:\/\/www.activasalut.com\/ca\/?s={search_term_string}\"},\"query-input\":\"required name=search_term_string\"}],\"inLanguage\":\"ca\"},{\"@type\":\"Person\",\"@id\":\"https:\/\/www.activasalut.com\/ca\/#\/schema\/person\/95d79ea6330fe76ad9145d88ee4c7fd1\",\"name\":\"Angelo Paolo Bottero\",\"image\":{\"@type\":\"ImageObject\",\"inLanguage\":\"ca\",\"@id\":\"https:\/\/www.activasalut.com\/ca\/#\/schema\/person\/image\/\",\"url\":\"https:\/\/secure.gravatar.com\/avatar\/ee51c0e2589500a17614d8ba9619c503?s=96&d=mm&r=g\",\"contentUrl\":\"https:\/\/secure.gravatar.com\/avatar\/ee51c0e2589500a17614d8ba9619c503?s=96&d=mm&r=g\",\"caption\":\"Angelo Paolo Bottero\"},\"description\":\"Angelo Paolo Bottero Gestor de casos y fisioterapeuta en Corporaci\u00f3n Fisiogesti\u00f3n\",\"url\":\"https:\/\/www.activasalut.com\/ca\/author\/angelo-paolo-bottero\/\"}]}<\/script>\n<!-- \/ Yoast SEO plugin. -->","yoast_head_json":{"title":"Qu\u00e8 \u00e9s la tercarter\u00e0pia?","description":"La tecarter\u00e0pia o diat\u00e8rmia \u00e9s una t\u00e8cnica d'electroter\u00e0pia, que utilitza la radiofreq\u00fc\u00e8ncia amb finalitats terap\u00e8utiques.","robots":{"index":"index","follow":"follow","max-snippet":"max-snippet:-1","max-image-preview":"max-image-preview:large","max-video-preview":"max-video-preview:-1"},"canonical":"https:\/\/www.activasalut.com\/ca\/que-es-la-tercarterapia\/","og_locale":"ca_ES","og_type":"article","og_title":"Qu\u00e8 \u00e9s la tercarter\u00e0pia?","og_description":"La tecarter\u00e0pia o diat\u00e8rmia \u00e9s una t\u00e8cnica d'electroter\u00e0pia, que utilitza la radiofreq\u00fc\u00e8ncia amb finalitats terap\u00e8utiques.","og_url":"https:\/\/www.activasalut.com\/ca\/que-es-la-tercarterapia\/","og_site_name":"Corporaci\u00f3 Fisiogesti\u00f3","article_published_time":"2021-01-19T10:26:06+00:00","article_modified_time":"2021-01-19T11:04:15+00:00","og_image":[{"width":1000,"height":667,"url":"https:\/\/www.activasalut.com\/wp-content\/uploads\/2021\/01\/Tecarterapia-foto-destacada.jpg","type":"image\/jpeg"}],"author":"Angelo Paolo Bottero","twitter_misc":{"Escrit per":"Angelo Paolo Bottero","Temps estimat de lectura":"3 minuts"},"schema":{"@context":"https:\/\/schema.org","@graph":[{"@type":"WebPage","@id":"https:\/\/www.activasalut.com\/ca\/que-es-la-tercarterapia\/","url":"https:\/\/www.activasalut.com\/ca\/que-es-la-tercarterapia\/","name":"Qu\u00e8 \u00e9s la tercarter\u00e0pia?","isPartOf":{"@id":"https:\/\/www.activasalut.com\/ca\/#website"},"datePublished":"2021-01-19T10:26:06+00:00","dateModified":"2021-01-19T11:04:15+00:00","author":{"@id":"https:\/\/www.activasalut.com\/ca\/#\/schema\/person\/95d79ea6330fe76ad9145d88ee4c7fd1"},"description":"La tecarter\u00e0pia o diat\u00e8rmia \u00e9s una t\u00e8cnica d'electroter\u00e0pia, que utilitza la radiofreq\u00fc\u00e8ncia amb finalitats terap\u00e8utiques.","breadcrumb":{"@id":"https:\/\/www.activasalut.com\/ca\/que-es-la-tercarterapia\/#breadcrumb"},"inLanguage":"ca","potentialAction":[{"@type":"ReadAction","target":["https:\/\/www.activasalut.com\/ca\/que-es-la-tercarterapia\/"]}]},{"@type":"BreadcrumbList","@id":"https:\/\/www.activasalut.com\/ca\/que-es-la-tercarterapia\/#breadcrumb","itemListElement":[{"@type":"ListItem","position":1,"name":"Portada","item":"https:\/\/www.activasalut.com\/ca\/"},{"@type":"ListItem","position":2,"name":"Qu\u00e8 \u00e9s la tercarter\u00e0pia?"}]},{"@type":"WebSite","@id":"https:\/\/www.activasalut.com\/ca\/#website","url":"https:\/\/www.activasalut.com\/ca\/","name":"Corporaci\u00f3n fisiogesti\u00f3n","description":"Activa la teva salut","potentialAction":[{"@type":"SearchAction","target":{"@type":"EntryPoint","urlTemplate":"https:\/\/www.activasalut.com\/ca\/?s={search_term_string}"},"query-input":"required name=search_term_string"}],"inLanguage":"ca"},{"@type":"Person","@id":"https:\/\/www.activasalut.com\/ca\/#\/schema\/person\/95d79ea6330fe76ad9145d88ee4c7fd1","name":"Angelo Paolo Bottero","image":{"@type":"ImageObject","inLanguage":"ca","@id":"https:\/\/www.activasalut.com\/ca\/#\/schema\/person\/image\/","url":"https:\/\/secure.gravatar.com\/avatar\/ee51c0e2589500a17614d8ba9619c503?s=96&d=mm&r=g","contentUrl":"https:\/\/secure.gravatar.com\/avatar\/ee51c0e2589500a17614d8ba9619c503?s=96&d=mm&r=g","caption":"Angelo Paolo Bottero"},"description":"Angelo Paolo Bottero Gestor de casos y fisioterapeuta en Corporaci\u00f3n Fisiogesti\u00f3n","url":"https:\/\/www.activasalut.com\/ca\/author\/angelo-paolo-bottero\/"}]}},"_links":{"self":[{"href":"https:\/\/www.activasalut.com\/ca\/wp-json\/wp\/v2\/posts\/7009"}],"collection":[{"href":"https:\/\/www.activasalut.com\/ca\/wp-json\/wp\/v2\/posts"}],"about":[{"href":"https:\/\/www.activasalut.com\/ca\/wp-json\/wp\/v2\/types\/post"}],"author":[{"embeddable":true,"href":"https:\/\/www.activasalut.com\/ca\/wp-json\/wp\/v2\/users\/108"}],"replies":[{"embeddable":true,"href":"https:\/\/www.activasalut.com\/ca\/wp-json\/wp\/v2\/comments?post=7009"}],"version-history":[{"count":7,"href":"https:\/\/www.activasalut.com\/ca\/wp-json\/wp\/v2\/posts\/7009\/revisions"}],"predecessor-version":[{"id":7021,"href":"https:\/\/www.activasalut.com\/ca\/wp-json\/wp\/v2\/posts\/7009\/revisions\/7021"}],"wp:featuredmedia":[{"embeddable":true,"href":"https:\/\/www.activasalut.com\/ca\/wp-json\/wp\/v2\/media\/6982"}],"wp:attachment":[{"href":"https:\/\/www.activasalut.com\/ca\/wp-json\/wp\/v2\/media?parent=7009"}],"wp:term":[{"taxonomy":"category","embeddable":true,"href":"https:\/\/www.activasalut.com\/ca\/wp-json\/wp\/v2\/categories?post=7009"},{"taxonomy":"post_tag","embeddable":true,"href":"https:\/\/www.activasalut.com\/ca\/wp-json\/wp\/v2\/tags?post=7009"}],"curies":[{"name":"wp","href":"https:\/\/api.w.org\/{rel}","templated":true}]}}