{"id":7069,"date":"2020-12-15T13:32:00","date_gmt":"2020-12-15T12:32:00","guid":{"rendered":"https:\/\/www.activasalut.com\/?p=7069"},"modified":"2021-01-28T13:35:47","modified_gmt":"2021-01-28T12:35:47","slug":"tractament-de-la-capsulitis-adhesiva-de-lespatlla","status":"publish","type":"post","link":"https:\/\/www.activasalut.com\/ca\/tractament-de-la-capsulitis-adhesiva-de-lespatlla\/","title":{"rendered":"Tractament de la capsulitis adhesiva de l&#8217;espatlla"},"content":{"rendered":"\n<p>La <strong>capsulitis adhesiva<\/strong> o<strong> retr\u00e0ctil de l&#8217;espatlla<\/strong> \u00e9s una patologia de la c\u00e0psula articular que \u00e9s la que exerceix el paper protagonista, aquesta es trobar\u00e0 engrossida i endurida. Tamb\u00e9 es denomina \u00abEspatlla Congelada\u00bb i en aquest post t&#8217;explico quin \u00e9s el seu <strong>tractament<\/strong>.<\/p>\n\n\n\n<p>Els <strong>s\u00edmptomes<\/strong> principals s\u00f3n una <strong>limitaci\u00f3 de la mobilitat de l&#8217;espatlla<\/strong> <strong>important<\/strong> i <strong>dolor intens<\/strong> que poden apar\u00e8ixer de manera sobtada, encara que el m\u00e9s freq\u00fcent \u00e9s que aparegui de manera lenta i progressiva.<\/p>\n\n\n\n<!--more-->\n\n\n\n<p><br>Afecta m\u00e9s a dones (70%) que a homes<sup>(2)<\/sup>, i a m\u00e9s se sap que entre el 20 i el 30% d&#8217;aquests pacients afectats acaben desenvolupant el mateix proc\u00e9s en l&#8217;espatlla contr\u00e0ria. Rarament esdev\u00e9 en la mateixa espatlla dues vegades<sup>(3)<\/sup>. Patologies com la diabetis<sup>(4)<\/sup>, l&#8217;hipotiro\u00efdisme i la malaltia de Parkinson s&#8217;han associat amb la capsulitis, sent la diabetis la que t\u00e9 una associaci\u00f3 m\u00e9s forta.<\/p>\n\n\n\n<h2>Classificaci\u00f3 de les&nbsp;capsulitis&nbsp;adhesives<\/h2>\n\n\n\n<p><br>Els membres de l&#8217;American&nbsp;Shoulder&nbsp;and&nbsp;Elbow&nbsp;Surgeons&nbsp;van consensuar en 2011, realitzar dues classificacions per a la capsulitis de l&#8217;espatlla:<\/p>\n\n\n\n<div class=\"wp-block-image\"><figure class=\"alignright size-large is-resized\"><img decoding=\"async\" loading=\"lazy\" src=\"https:\/\/www.activasalut.com\/wp-content\/uploads\/2020\/12\/3d-render-of-male-figure-with-close-up-of-shoulder-joint-1024x1024.jpg\" alt=\"Tratamiento capsulitis adhesiva\" class=\"wp-image-6915\" width=\"300\" height=\"300\" srcset=\"https:\/\/www.activasalut.com\/wp-content\/uploads\/2020\/12\/3d-render-of-male-figure-with-close-up-of-shoulder-joint-1024x1024.jpg 1024w, https:\/\/www.activasalut.com\/wp-content\/uploads\/2020\/12\/3d-render-of-male-figure-with-close-up-of-shoulder-joint-300x300.jpg 300w, https:\/\/www.activasalut.com\/wp-content\/uploads\/2020\/12\/3d-render-of-male-figure-with-close-up-of-shoulder-joint-150x150.jpg 150w, https:\/\/www.activasalut.com\/wp-content\/uploads\/2020\/12\/3d-render-of-male-figure-with-close-up-of-shoulder-joint-768x768.jpg 768w, https:\/\/www.activasalut.com\/wp-content\/uploads\/2020\/12\/3d-render-of-male-figure-with-close-up-of-shoulder-joint-1536x1536.jpg 1536w, https:\/\/www.activasalut.com\/wp-content\/uploads\/2020\/12\/3d-render-of-male-figure-with-close-up-of-shoulder-joint-2048x2048.jpg 2048w, https:\/\/www.activasalut.com\/wp-content\/uploads\/2020\/12\/3d-render-of-male-figure-with-close-up-of-shoulder-joint-220x220.jpg 220w\" sizes=\"(max-width: 300px) 100vw, 300px\" \/><\/figure><\/div>\n\n\n\n<ul><li>La<strong> capsulitis adhesiva prim\u00e0ria<\/strong>: de<strong> causa desconeguda<\/strong> (idiop\u00e0tica), afecta el 5% de la poblaci\u00f3<sup>(1)<\/sup>. Malgrat aquesta alta incid\u00e8ncia, el coneixement sobre la seva etiologia \u00e9s limitat.<\/li><li>La <strong>capsulitis adhesiva secund\u00e0ria<\/strong>: de <strong>causes conegudes<\/strong>, es classifiquen segons siguin:<ul><li><strong>Causes intr\u00ednseques<\/strong>: De la pr\u00f2pia espatlla, com la patologia del tend\u00f3 del b\u00edceps o del maniguet del rotador, o calcificacions.<\/li><li><strong>Causes extr\u00ednseques<\/strong>:&nbsp; L&#8217;origen se situa fora de l&#8217;espatlla, per\u00f2 es reflecteixen en aquest, com s\u00f3n les fractures d&#8217;h\u00famer, v\u00e8rtebres cervicals, lesions en la clav\u00edcula, ictus, problemes cervicals.<\/li><li><strong>Causes sist\u00e8miques<\/strong>: L&#8217;origen se situa en patologies que afecten a tot el cos, com s\u00f3n la diabetis, els trastorns tiroidals o cardiol\u00f2gics.<\/li><\/ul><\/li><\/ul>\n\n\n\n<h2>Fases de la capsulitis adhesiva<\/h2>\n\n\n\n<p>La seva resoluci\u00f3 t\u00e9 una <strong>evoluci\u00f3 molt lenta<\/strong>, de 12 a 36 meses. Es descriuen tres fases:<\/p>\n\n\n\n<div class=\"wp-block-image\"><figure class=\"alignright size-large is-resized\"><img decoding=\"async\" loading=\"lazy\" src=\"https:\/\/www.activasalut.com\/wp-content\/uploads\/2020\/12\/240_F_208633988_5K0ns8CvvQxvoKrxSuD3FSM1HDjrtcyo.jpg\" alt=\"Tratamiento capsulitis adhesiva\" class=\"wp-image-6918\" width=\"312\" height=\"208\" srcset=\"https:\/\/www.activasalut.com\/wp-content\/uploads\/2020\/12\/240_F_208633988_5K0ns8CvvQxvoKrxSuD3FSM1HDjrtcyo.jpg 360w, https:\/\/www.activasalut.com\/wp-content\/uploads\/2020\/12\/240_F_208633988_5K0ns8CvvQxvoKrxSuD3FSM1HDjrtcyo-300x200.jpg 300w\" sizes=\"(max-width: 312px) 100vw, 312px\" \/><\/figure><\/div>\n\n\n\n<ol type=\"1\"><li><strong>Fase inflamat\u00f2ria<\/strong> (fins a 9 meses)*: Dolor dif\u00fas escapular que irradia fins a l&#8217;avantbra\u00e7, intens i permanent, que <strong>s&#8217;intensifica de nit<\/strong> o amb <strong>rep\u00f2s absolut<\/strong><\/li><li><strong>Fase de rigidesa<\/strong> (dels 4 a 12 mesos)*: Disminuci\u00f3 del dolor, per\u00f2 en aquesta fase hi ha una important limitaci\u00f3 del moviment.<\/li><li><strong>Fase de desgla\u00e7 o resoluci\u00f3<\/strong> (del mes 12 al 36)*: Eliminaci\u00f3 progressiva de la rigidesa i del dolor residual.<\/li><\/ol>\n\n\n\n<p><em>(*S&#8217;expressen els mesos m\u00e0xims que pot durar, generalment s&#8217;aconsegueix reduir a un ter\u00e7 o la meitat del temps).<\/em><\/p>\n\n\n\n<h2>Tractament per a la capsulitis adhesiva<\/h2>\n\n\n\n<p>De la mateixa manera, el <strong>tractament <\/strong>es divideix segons aquestes fases:<\/p>\n\n\n\n<div class=\"wp-block-image\"><figure class=\"alignright size-large is-resized\"><img decoding=\"async\" loading=\"lazy\" src=\"https:\/\/www.activasalut.com\/wp-content\/uploads\/2020\/12\/shoulder-physiotherapy-doctor-therapist-and-woman-1024x683.jpg\" alt=\"Tratamiento capsulitis adhesiva\" class=\"wp-image-6914\" width=\"275\" height=\"183\" srcset=\"https:\/\/www.activasalut.com\/wp-content\/uploads\/2020\/12\/shoulder-physiotherapy-doctor-therapist-and-woman-1024x683.jpg 1024w, https:\/\/www.activasalut.com\/wp-content\/uploads\/2020\/12\/shoulder-physiotherapy-doctor-therapist-and-woman-300x200.jpg 300w, https:\/\/www.activasalut.com\/wp-content\/uploads\/2020\/12\/shoulder-physiotherapy-doctor-therapist-and-woman-768x512.jpg 768w, https:\/\/www.activasalut.com\/wp-content\/uploads\/2020\/12\/shoulder-physiotherapy-doctor-therapist-and-woman-1536x1024.jpg 1536w, https:\/\/www.activasalut.com\/wp-content\/uploads\/2020\/12\/shoulder-physiotherapy-doctor-therapist-and-woman-2048x1365.jpg 2048w, https:\/\/www.activasalut.com\/wp-content\/uploads\/2020\/12\/shoulder-physiotherapy-doctor-therapist-and-woman-604x402.jpg 604w\" sizes=\"(max-width: 275px) 100vw, 275px\" \/><\/figure><\/div>\n\n\n\n<ol type=\"1\"><li><strong>Disminuci\u00f3 del dolor<\/strong>: \u00c9s l&#8217;objectiu principal, encara que, de manera passiva tamb\u00e9 s&#8217;intenta mantenir i millorar la mobilitat.<\/li><li><strong>Millora de la mobilitat<\/strong>: T\u00e8cniques de fisioter\u00e0pia per a recuperar el rang articular de l&#8217;espatlla en tota la seva amplitud, i millorar la for\u00e7a.<\/li><li><strong>Mobilitat, for\u00e7a i propiocepci\u00f3<\/strong>: En aquesta \u00faltima fase, s&#8217;incideix a realitzar un bon enfortiment muscular i millorar la propiocepci\u00f3.<\/li><\/ol>\n\n\n\n<p>Els <strong>resultats del tractament conservador<\/strong> s\u00f3n molt bons a llarg termini, per\u00f2 requereixen paci\u00e8ncia i esfor\u00e7 per part del pacient. El <strong><a href=\"https:\/\/www.fisiogestion.com\/ca\/servicios-en-centros\/fisioterapia\/\">fisioterapeuta <\/a><\/strong>pot ajudar-te a aconseguir-ho.<\/p>\n\n\n\n<pre class=\"wp-block-preformatted\">Bibliografia\n\n(1)&nbsp;&nbsp;&nbsp; Hsu JE, Anakwenze OA, Warrender WJ, Abboud JA. Current review of adhesive capsulitis. J Shoulder Elbow Surg. 2011;20(3):502-14.\n(2)&nbsp;&nbsp;&nbsp; Hand C, Clipsham K, Rees JL, Carr AJ. Long-term outcome of frozen shoulder. J Shoulder Elbow Surg. 2008;17(2):231-6.\n(3)&nbsp;&nbsp;&nbsp; Binder A, Hazleman BL, Parr G, Roberts S. A controlled study of oral prednisolone in frozen shoulder. Br J Rheumatol. 1986;25(3):288-92.\n(4)&nbsp;&nbsp;&nbsp; Thomas SJ, McDougall C, Brown ID, Jaberoo MC, Stearns A, Ashraf R, et al. Prevalence of symptoms and signs of shoulder problems in people with diabetes mellitus. J Shoulder Elbow Surg. 2007;16(6):748-51.\n(5)&nbsp;&nbsp;&nbsp; Forthomme B. <em>Reeducaci\u00f3n del hombro<\/em>. Badalona. Editorial Paidotribo. 2007. P 65-68.<\/pre>\n\n\n\n<h3>Tens capsulitis adhesiva? Necessites un tractament de <a href=\"https:\/\/ecommerce.fisiogestion.com\/ca\/producto\/fisioterapia\/\">fisioter\u00e0pia<\/a>? El podem ajudar. <\/h3>\n\n\n\n<h3>Pots consultar els nostres serveis de <a href=\"https:\/\/www.fisiogestion.com\/ca\/servicios-en-centros\/fisioterapia\/\">fisioter\u00e0pia<\/a> en la nostra xarxa de <a href=\"https:\/\/www.fisiogestion.com\/ca\/centros\/\">centres <\/a>o emplenar aquest formulari i et contactarem.<\/h3>\n\n\n\n\n<div class=\"wpcf7 no-js\" id=\"wpcf7-f5253-o1\" lang=\"es-ES\" dir=\"ltr\">\n<div class=\"screen-reader-response\"><p role=\"status\" aria-live=\"polite\" aria-atomic=\"true\"><\/p> <ul><\/ul><\/div>\n<form action=\"\/ca\/wp-json\/wp\/v2\/posts\/7069#wpcf7-f5253-o1\" method=\"post\" class=\"wpcf7-form init\" aria-label=\"Formulario de contacto\" novalidate=\"novalidate\" data-status=\"init\">\n<div style=\"display: none;\">\n<input type=\"hidden\" name=\"_wpcf7\" value=\"5253\" \/>\n<input type=\"hidden\" name=\"_wpcf7_version\" value=\"5.7.3\" \/>\n<input type=\"hidden\" name=\"_wpcf7_locale\" value=\"es_ES\" \/>\n<input type=\"hidden\" name=\"_wpcf7_unit_tag\" value=\"wpcf7-f5253-o1\" \/>\n<input type=\"hidden\" name=\"_wpcf7_container_post\" value=\"0\" \/>\n<input type=\"hidden\" name=\"_wpcf7_posted_data_hash\" value=\"\" \/>\n<input type=\"hidden\" name=\"_wpcf7_recaptcha_response\" value=\"\" \/>\n<\/div>\n<div class=\"wpcf7-response-output\" aria-hidden=\"true\"><\/div>\n<div class='comment-form'>\n\t<div class=\"comment-form-inputs\">\n\t\t<p><span class=\"wpcf7-form-control-wrap\" data-name=\"nombre\"><input size=\"40\" class=\"wpcf7-form-control wpcf7-text wpcf7-validates-as-required\" id=\"nombre\" aria-required=\"true\" aria-invalid=\"false\" placeholder=\"Nom (requerit)\" value=\"\" type=\"text\" name=\"nombre\" \/><\/span>\n\t\t<\/p>\n\t\t<p><span class=\"wpcf7-form-control-wrap\" data-name=\"apellidos\"><input size=\"40\" class=\"wpcf7-form-control wpcf7-text wpcf7-validates-as-required\" id=\"apellidos\" aria-required=\"true\" aria-invalid=\"false\" placeholder=\"Cognoms (requerit)\" value=\"\" type=\"text\" name=\"apellidos\" \/><\/span>\n\t\t<\/p>\n\t\t<p><span class=\"wpcf7-form-control-wrap\" data-name=\"email\"><input size=\"40\" class=\"wpcf7-form-control wpcf7-text wpcf7-email wpcf7-validates-as-required wpcf7-validates-as-email\" id=\"email\" aria-required=\"true\" aria-invalid=\"false\" placeholder=\"Email (requerit)\" value=\"\" type=\"email\" name=\"email\" \/><\/span>\n\t\t<\/p>\n\t\t<p><span class=\"wpcf7-form-control-wrap\" data-name=\"telefono\"><input size=\"40\" class=\"wpcf7-form-control wpcf7-text wpcf7-tel wpcf7-validates-as-required wpcf7-validates-as-tel\" id=\"telefono\" aria-required=\"true\" aria-invalid=\"false\" placeholder=\"Tel\u00e8fon (requerit)\" value=\"\" type=\"tel\" name=\"telefono\" \/><\/span>\n\t\t<\/p>\n\t<\/div>\n\t<p><span class=\"wpcf7-form-control-wrap\" data-name=\"mensaje\"><textarea cols=\"39\" rows=\"10\" class=\"wpcf7-form-control wpcf7-textarea wpcf7-validates-as-required\" id=\"mensaje\" aria-required=\"true\" aria-invalid=\"false\" placeholder=\"Missatge (requerit)\" name=\"mensaje\"><\/textarea><\/span>\n\t<\/p>\n\t<p class=\"form-submit\"><input class=\"wpcf7-form-control has-spinner wpcf7-submit\" type=\"submit\" value=\"Enviar\" \/>\n\t<\/p>\n<\/div>\n<p style=\"text-align:justify; color:#383838;\"><br \/>\n<em>L\u2019informem que les dades recollides al present formulari, seran tractades per Corporaci\u00f3 d'Administraci\u00f3 Sanit\u00e0ria A.I.E., per poder atendre i donar resposta a la seva sol\u00b7licitud d\u2018informaci\u00f3. Si necessita m\u00e9s informaci\u00f3 o vol exercir els seus drets sobre aquestes dades consulti la nostra <a href=\"https:\/\/www.fisiogestion.com\/ca\/politica-privacidad\/\">Pol\u00edtica de Privacitat<\/a>.<\/em>\n<\/p>\n<\/form>\n<\/div>\n\n\n\n\n<figure class=\"wp-block-image\"><a href=\"https:\/\/www.fisiogestion.com\/ca\/noticias\/corporacion-fisiogestion-la-primera-red-de-centros-de-rehabilitacion-fisica-certificada-por-aenor-frente-al-covid-19\/\"><img decoding=\"async\" src=\"https:\/\/www.activasalut.com\/wp-content\/uploads\/2020\/09\/Banner-COVI19-Blog_CAT-01.png\" alt=\"La imagen tiene un atributo ALT vac\u00edo; su nombre de archivo es Banner-COVI19-Blog_CAT-01.png\"\/><\/a><\/figure>\n","protected":false},"excerpt":{"rendered":"<p>La capsulitis adhesiva o retr\u00e0ctil de l&#8217;espatlla \u00e9s una patologia de la c\u00e0psula articular que \u00e9s la que exerceix el paper protagonista, aquesta es<a class=\"moretag\" href=\"https:\/\/www.activasalut.com\/ca\/tractament-de-la-capsulitis-adhesiva-de-lespatlla\/\">Llegeix m\u00e9s&#8230;<\/a><\/p>\n","protected":false},"author":107,"featured_media":6920,"comment_status":"open","ping_status":"closed","sticky":false,"template":"","format":"standard","meta":[],"categories":[502,573,606,527,570,478],"tags":[3523,686,3529,854,3167,3525],"yoast_head":"<!-- This site is optimized with the Yoast SEO plugin v20.0 - https:\/\/yoast.com\/wordpress\/plugins\/seo\/ -->\n<title>Tractament de la capsulitis adhesiva de l&#039;espatlla<\/title>\n<meta name=\"description\" content=\"La capsulitis adhesiva o retr\u00e0ctil de l&#039;espatlla \u00e9s una patologia la c\u00e0psula articular que que es trobar\u00e0 engrossida i endurida.\" \/>\n<meta name=\"robots\" content=\"index, follow, max-snippet:-1, max-image-preview:large, max-video-preview:-1\" \/>\n<link rel=\"canonical\" href=\"https:\/\/www.activasalut.com\/ca\/tractament-de-la-capsulitis-adhesiva-de-lespatlla\/\" \/>\n<meta property=\"og:locale\" content=\"ca_ES\" \/>\n<meta property=\"og:type\" content=\"article\" \/>\n<meta property=\"og:title\" content=\"Tractament de la capsulitis adhesiva de l&#039;espatlla\" \/>\n<meta property=\"og:description\" content=\"La capsulitis adhesiva o retr\u00e0ctil de l&#039;espatlla \u00e9s una patologia la c\u00e0psula articular que que es trobar\u00e0 engrossida i endurida.\" \/>\n<meta property=\"og:url\" content=\"https:\/\/www.activasalut.com\/ca\/tractament-de-la-capsulitis-adhesiva-de-lespatlla\/\" \/>\n<meta property=\"og:site_name\" content=\"Corporaci\u00f3 Fisiogesti\u00f3\" \/>\n<meta property=\"article:published_time\" content=\"2020-12-15T12:32:00+00:00\" \/>\n<meta property=\"article:modified_time\" content=\"2021-01-28T12:35:47+00:00\" \/>\n<meta property=\"og:image\" content=\"https:\/\/www.activasalut.com\/wp-content\/uploads\/2020\/12\/Foto-destacada-capsulitis-adhesiva.jpg\" \/>\n\t<meta property=\"og:image:width\" content=\"1000\" \/>\n\t<meta property=\"og:image:height\" content=\"668\" \/>\n\t<meta property=\"og:image:type\" content=\"image\/jpeg\" \/>\n<meta name=\"author\" content=\"Robert Vallcanera\" \/>\n<meta name=\"twitter:label1\" content=\"Escrit per\" \/>\n\t<meta name=\"twitter:data1\" content=\"Robert Vallcanera\" \/>\n\t<meta name=\"twitter:label2\" content=\"Temps estimat de lectura\" \/>\n\t<meta name=\"twitter:data2\" content=\"3 minuts\" \/>\n<script type=\"application\/ld+json\" class=\"yoast-schema-graph\">{\"@context\":\"https:\/\/schema.org\",\"@graph\":[{\"@type\":\"WebPage\",\"@id\":\"https:\/\/www.activasalut.com\/ca\/tractament-de-la-capsulitis-adhesiva-de-lespatlla\/\",\"url\":\"https:\/\/www.activasalut.com\/ca\/tractament-de-la-capsulitis-adhesiva-de-lespatlla\/\",\"name\":\"Tractament de la capsulitis adhesiva de l'espatlla\",\"isPartOf\":{\"@id\":\"https:\/\/www.activasalut.com\/ca\/#website\"},\"datePublished\":\"2020-12-15T12:32:00+00:00\",\"dateModified\":\"2021-01-28T12:35:47+00:00\",\"author\":{\"@id\":\"https:\/\/www.activasalut.com\/ca\/#\/schema\/person\/c819770b0cf441515c2de1f615f6a615\"},\"description\":\"La capsulitis adhesiva o retr\u00e0ctil de l'espatlla \u00e9s una patologia la c\u00e0psula articular que que es trobar\u00e0 engrossida i endurida.\",\"breadcrumb\":{\"@id\":\"https:\/\/www.activasalut.com\/ca\/tractament-de-la-capsulitis-adhesiva-de-lespatlla\/#breadcrumb\"},\"inLanguage\":\"ca\",\"potentialAction\":[{\"@type\":\"ReadAction\",\"target\":[\"https:\/\/www.activasalut.com\/ca\/tractament-de-la-capsulitis-adhesiva-de-lespatlla\/\"]}]},{\"@type\":\"BreadcrumbList\",\"@id\":\"https:\/\/www.activasalut.com\/ca\/tractament-de-la-capsulitis-adhesiva-de-lespatlla\/#breadcrumb\",\"itemListElement\":[{\"@type\":\"ListItem\",\"position\":1,\"name\":\"Portada\",\"item\":\"https:\/\/www.activasalut.com\/ca\/\"},{\"@type\":\"ListItem\",\"position\":2,\"name\":\"Tractament de la capsulitis adhesiva de l&#8217;espatlla\"}]},{\"@type\":\"WebSite\",\"@id\":\"https:\/\/www.activasalut.com\/ca\/#website\",\"url\":\"https:\/\/www.activasalut.com\/ca\/\",\"name\":\"Corporaci\u00f3n fisiogesti\u00f3n\",\"description\":\"Activa la teva salut\",\"potentialAction\":[{\"@type\":\"SearchAction\",\"target\":{\"@type\":\"EntryPoint\",\"urlTemplate\":\"https:\/\/www.activasalut.com\/ca\/?s={search_term_string}\"},\"query-input\":\"required name=search_term_string\"}],\"inLanguage\":\"ca\"},{\"@type\":\"Person\",\"@id\":\"https:\/\/www.activasalut.com\/ca\/#\/schema\/person\/c819770b0cf441515c2de1f615f6a615\",\"name\":\"Robert Vallcanera\",\"image\":{\"@type\":\"ImageObject\",\"inLanguage\":\"ca\",\"@id\":\"https:\/\/www.activasalut.com\/ca\/#\/schema\/person\/image\/\",\"url\":\"https:\/\/secure.gravatar.com\/avatar\/0bef17014f67bce5c5e73148f45ec905?s=96&d=mm&r=g\",\"contentUrl\":\"https:\/\/secure.gravatar.com\/avatar\/0bef17014f67bce5c5e73148f45ec905?s=96&d=mm&r=g\",\"caption\":\"Robert Vallcanera\"},\"description\":\"Dr. Robert Vallcanera M\u00e9dico rehabilitador\",\"url\":\"https:\/\/www.activasalut.com\/ca\/author\/robert-vallcanera\/\"}]}<\/script>\n<!-- \/ Yoast SEO plugin. -->","yoast_head_json":{"title":"Tractament de la capsulitis adhesiva de l'espatlla","description":"La capsulitis adhesiva o retr\u00e0ctil de l'espatlla \u00e9s una patologia la c\u00e0psula articular que que es trobar\u00e0 engrossida i endurida.","robots":{"index":"index","follow":"follow","max-snippet":"max-snippet:-1","max-image-preview":"max-image-preview:large","max-video-preview":"max-video-preview:-1"},"canonical":"https:\/\/www.activasalut.com\/ca\/tractament-de-la-capsulitis-adhesiva-de-lespatlla\/","og_locale":"ca_ES","og_type":"article","og_title":"Tractament de la capsulitis adhesiva de l'espatlla","og_description":"La capsulitis adhesiva o retr\u00e0ctil de l'espatlla \u00e9s una patologia la c\u00e0psula articular que que es trobar\u00e0 engrossida i endurida.","og_url":"https:\/\/www.activasalut.com\/ca\/tractament-de-la-capsulitis-adhesiva-de-lespatlla\/","og_site_name":"Corporaci\u00f3 Fisiogesti\u00f3","article_published_time":"2020-12-15T12:32:00+00:00","article_modified_time":"2021-01-28T12:35:47+00:00","og_image":[{"width":1000,"height":668,"url":"https:\/\/www.activasalut.com\/wp-content\/uploads\/2020\/12\/Foto-destacada-capsulitis-adhesiva.jpg","type":"image\/jpeg"}],"author":"Robert Vallcanera","twitter_misc":{"Escrit per":"Robert Vallcanera","Temps estimat de lectura":"3 minuts"},"schema":{"@context":"https:\/\/schema.org","@graph":[{"@type":"WebPage","@id":"https:\/\/www.activasalut.com\/ca\/tractament-de-la-capsulitis-adhesiva-de-lespatlla\/","url":"https:\/\/www.activasalut.com\/ca\/tractament-de-la-capsulitis-adhesiva-de-lespatlla\/","name":"Tractament de la capsulitis adhesiva de l'espatlla","isPartOf":{"@id":"https:\/\/www.activasalut.com\/ca\/#website"},"datePublished":"2020-12-15T12:32:00+00:00","dateModified":"2021-01-28T12:35:47+00:00","author":{"@id":"https:\/\/www.activasalut.com\/ca\/#\/schema\/person\/c819770b0cf441515c2de1f615f6a615"},"description":"La capsulitis adhesiva o retr\u00e0ctil de l'espatlla \u00e9s una patologia la c\u00e0psula articular que que es trobar\u00e0 engrossida i endurida.","breadcrumb":{"@id":"https:\/\/www.activasalut.com\/ca\/tractament-de-la-capsulitis-adhesiva-de-lespatlla\/#breadcrumb"},"inLanguage":"ca","potentialAction":[{"@type":"ReadAction","target":["https:\/\/www.activasalut.com\/ca\/tractament-de-la-capsulitis-adhesiva-de-lespatlla\/"]}]},{"@type":"BreadcrumbList","@id":"https:\/\/www.activasalut.com\/ca\/tractament-de-la-capsulitis-adhesiva-de-lespatlla\/#breadcrumb","itemListElement":[{"@type":"ListItem","position":1,"name":"Portada","item":"https:\/\/www.activasalut.com\/ca\/"},{"@type":"ListItem","position":2,"name":"Tractament de la capsulitis adhesiva de l&#8217;espatlla"}]},{"@type":"WebSite","@id":"https:\/\/www.activasalut.com\/ca\/#website","url":"https:\/\/www.activasalut.com\/ca\/","name":"Corporaci\u00f3n fisiogesti\u00f3n","description":"Activa la teva salut","potentialAction":[{"@type":"SearchAction","target":{"@type":"EntryPoint","urlTemplate":"https:\/\/www.activasalut.com\/ca\/?s={search_term_string}"},"query-input":"required name=search_term_string"}],"inLanguage":"ca"},{"@type":"Person","@id":"https:\/\/www.activasalut.com\/ca\/#\/schema\/person\/c819770b0cf441515c2de1f615f6a615","name":"Robert Vallcanera","image":{"@type":"ImageObject","inLanguage":"ca","@id":"https:\/\/www.activasalut.com\/ca\/#\/schema\/person\/image\/","url":"https:\/\/secure.gravatar.com\/avatar\/0bef17014f67bce5c5e73148f45ec905?s=96&d=mm&r=g","contentUrl":"https:\/\/secure.gravatar.com\/avatar\/0bef17014f67bce5c5e73148f45ec905?s=96&d=mm&r=g","caption":"Robert Vallcanera"},"description":"Dr. Robert Vallcanera M\u00e9dico rehabilitador","url":"https:\/\/www.activasalut.com\/ca\/author\/robert-vallcanera\/"}]}},"_links":{"self":[{"href":"https:\/\/www.activasalut.com\/ca\/wp-json\/wp\/v2\/posts\/7069"}],"collection":[{"href":"https:\/\/www.activasalut.com\/ca\/wp-json\/wp\/v2\/posts"}],"about":[{"href":"https:\/\/www.activasalut.com\/ca\/wp-json\/wp\/v2\/types\/post"}],"author":[{"embeddable":true,"href":"https:\/\/www.activasalut.com\/ca\/wp-json\/wp\/v2\/users\/107"}],"replies":[{"embeddable":true,"href":"https:\/\/www.activasalut.com\/ca\/wp-json\/wp\/v2\/comments?post=7069"}],"version-history":[{"count":1,"href":"https:\/\/www.activasalut.com\/ca\/wp-json\/wp\/v2\/posts\/7069\/revisions"}],"predecessor-version":[{"id":7071,"href":"https:\/\/www.activasalut.com\/ca\/wp-json\/wp\/v2\/posts\/7069\/revisions\/7071"}],"wp:featuredmedia":[{"embeddable":true,"href":"https:\/\/www.activasalut.com\/ca\/wp-json\/wp\/v2\/media\/6920"}],"wp:attachment":[{"href":"https:\/\/www.activasalut.com\/ca\/wp-json\/wp\/v2\/media?parent=7069"}],"wp:term":[{"taxonomy":"category","embeddable":true,"href":"https:\/\/www.activasalut.com\/ca\/wp-json\/wp\/v2\/categories?post=7069"},{"taxonomy":"post_tag","embeddable":true,"href":"https:\/\/www.activasalut.com\/ca\/wp-json\/wp\/v2\/tags?post=7069"}],"curies":[{"name":"wp","href":"https:\/\/api.w.org\/{rel}","templated":true}]}}