{"id":725,"date":"2017-09-01T08:00:39","date_gmt":"2017-09-01T06:00:39","guid":{"rendered":"https:\/\/www.activasalut.com\/que-es-lestimulacio-cognitiva\/"},"modified":"2017-08-31T17:59:48","modified_gmt":"2017-08-31T15:59:48","slug":"que-estimula-el-cerebro","status":"publish","type":"post","link":"https:\/\/www.activasalut.com\/ca\/que-estimula-el-cerebro\/","title":{"rendered":"Qu\u00e8 \u00e9s l&#8217;Estimulaci\u00f3 Cognitiva?"},"content":{"rendered":"<p style=\"text-align: justify;\">El nostre organisme necessita certes atencions, ens posem crema per hidratar la pell, fem activitat f\u00edsica per mantenir en forma els nostres m\u00fasculs&#8230; doncs el nostre cervell tamb\u00e9 necessita que el cuidem.<!--more--><\/p>\n<h3 style=\"text-align: justify;\">Com estimular el cervell?<\/h3>\n<p style=\"text-align: justify;\">Amb les activitats del dia a dia ja fem funcionar el cervell: llegim el diari, parlem amb els companys, resolem problemes quotidians, fem c\u00e0lculs per veure les despeses mensuals, repassem les factures&#8230; Amb el pas dels anys hi ha canvis en totes les parts del nostre cos, i hem d\u2019adaptar les atencions, han de ser m\u00e9s precises, m\u00e9s acurades, m\u00e9s espec\u00edfiques&#8230; En el cas del cervell tamb\u00e9 \u00e9s aix\u00ed, i com a conseq\u00fc\u00e8ncia necessita que l\u2019estimulem amb m\u00e9s dedicaci\u00f3.<\/p>\n<blockquote>\n<p style=\"text-align: justify;\">L\u2019Estimulaci\u00f3 Cognitiva s\u2019encarrega precisament d\u2019aix\u00f2, d\u2019estimular el cervell per potenciar les funcions mentals: mem\u00f2ria, llenguatge, atenci\u00f3, percepci\u00f3, raonament&#8230;.<\/p>\n<\/blockquote>\n<h3 style=\"text-align: justify;\">Activitats<\/h3>\n<ul>\n<li style=\"text-align: justify;\">Podem <strong>practicar jocs de taula que estimulin<\/strong> el cervell: escacs, d\u00f2mino, jocs de cartes&#8230; Tamb\u00e9 podem fer passatemps: Sudoku, sopes de lletres, mots encreuats&#8230; Aquestes activitats s\u00f3n excel\u00b7lents per potenciar l\u2019activitat mental.<\/li>\n<li style=\"text-align: justify;\">D\u2019altra banda, tamb\u00e9 podem <strong>assistir a tallers i activitats de grup dirigides i dissenyades per un especialista<\/strong>, que tenen l\u2019objectiu d\u2019estimular cognitivament als participants, \u00e9s a dir provocar que els seus cervells treballin activament.<\/li>\n<li style=\"text-align: justify;\">Una altra manera d\u2019estimular el nostre cervell \u00e9s <strong>realitzant programes d\u2019estimulaci\u00f3 cognitiva personalitzats<\/strong>, aquests es poden dur a terme directament amb un terapeuta espec\u00edfic o mitjan\u00e7ant l\u2019ordinador. \u00c9s important que en aquest segon cas, el programa estigui dissenyat i supervisat per un especialista.<\/li>\n<\/ul>\n<p>Per tant, ja sigui pel pas dels anys, o per la pres\u00e8ncia d\u2019una lesi\u00f3 o malaltia neurol\u00f2gica, cal que dediquem especial atenci\u00f3 a estimular el cervell, activar-lo per a frenar el deteriorament i mantenir les capacitats el m\u00e0xim possible.<\/p>\n<p style=\"text-align: justify;\"><a href=\"https:\/\/www.activasalut.com\/wp-content\/uploads\/2015\/01\/cerebro.png\"><img decoding=\"async\" loading=\"lazy\" class=\"alignnone size-full wp-image-449\" src=\"https:\/\/www.activasalut.com\/wp-content\/uploads\/2015\/01\/cerebro.png\" alt=\"cerebro\" width=\"173\" height=\"136\" \/><\/a><\/p>\n<p style=\"text-align: justify;\"><strong>L\u2019Estimulaci\u00f3 Cognitiva, emmarca totes aquelles t\u00e8cniques i procediments que tenen l\u2019objectiu d\u2019activar les funcions cerebrals i afavorir el funcionament cognitiu en general (mem\u00f2ria, llenguatge, atenci\u00f3, percepci\u00f3&#8230;). \u00c9s a dir, engloba totes aquelles activitats que tenen l\u2019objectiu d\u2019activar les funcions del cervell per millorar-ne el funcionament.<\/strong><\/p>\n<p style=\"text-align: justify;\">&#x1f449; \u00a0Visita el nostre programa d&#8217;<a href=\"http:\/\/ecommerce.fisiogestion.com\/ca\/producte\/estimulacio-cognitiva-online\/\" target=\"_blank\">Estimulaci\u00f3 Cognitiva Online<\/a><\/p>\n<p style=\"text-align: justify;\">\n","protected":false},"excerpt":{"rendered":"<p>El nostre organisme necessita certes atencions, ens posem crema per hidratar la pell, fem activitat f\u00edsica per mantenir en forma els nostres m\u00fasculs&#8230; doncs<a class=\"moretag\" href=\"https:\/\/www.activasalut.com\/ca\/que-estimula-el-cerebro\/\">Llegeix m\u00e9s&#8230;<\/a><\/p>\n","protected":false},"author":17,"featured_media":3153,"comment_status":"open","ping_status":"closed","sticky":false,"template":"","format":"standard","meta":[],"categories":[471,613,1064,610,831,603,2302],"tags":[2043,1574,1724,937,872,873,1620,871,800,647,1656,870],"yoast_head":"<!-- This site is optimized with the Yoast SEO plugin v20.0 - https:\/\/yoast.com\/wordpress\/plugins\/seo\/ -->\n<title>Qu\u00e8 \u00e9s l&#039;Estimulaci\u00f3 Cognitiva?- Corporaci\u00f3 Fisiogesti\u00f3<\/title>\n<meta name=\"description\" content=\"L&#039;Estimulaci\u00f3 Cognitiva s&#039;encarrega d&#039;estimular el cervell per potenciar les funcions mentals: mem\u00f2ria, llenguatge, atenci\u00f3, percepci\u00f3, raonament...\" \/>\n<meta name=\"robots\" content=\"index, follow, max-snippet:-1, max-image-preview:large, max-video-preview:-1\" \/>\n<link rel=\"canonical\" href=\"https:\/\/www.activasalut.com\/ca\/que-estimula-el-cerebro\/\" \/>\n<meta property=\"og:locale\" content=\"ca_ES\" \/>\n<meta property=\"og:type\" content=\"article\" \/>\n<meta property=\"og:title\" content=\"Qu\u00e8 \u00e9s l&#039;Estimulaci\u00f3 Cognitiva?- Corporaci\u00f3 Fisiogesti\u00f3\" \/>\n<meta property=\"og:description\" content=\"L&#039;Estimulaci\u00f3 Cognitiva s&#039;encarrega d&#039;estimular el cervell per potenciar les funcions mentals: mem\u00f2ria, llenguatge, atenci\u00f3, percepci\u00f3, raonament...\" \/>\n<meta property=\"og:url\" content=\"https:\/\/www.activasalut.com\/ca\/que-estimula-el-cerebro\/\" \/>\n<meta property=\"og:site_name\" content=\"Corporaci\u00f3 Fisiogesti\u00f3\" \/>\n<meta property=\"article:published_time\" content=\"2017-09-01T06:00:39+00:00\" \/>\n<meta property=\"article:modified_time\" content=\"2017-08-31T15:59:48+00:00\" \/>\n<meta property=\"og:image\" content=\"https:\/\/www.activasalut.com\/wp-content\/uploads\/2015\/08\/cerebrob.jpg\" \/>\n\t<meta property=\"og:image:width\" content=\"300\" \/>\n\t<meta property=\"og:image:height\" content=\"225\" \/>\n\t<meta property=\"og:image:type\" content=\"image\/jpeg\" \/>\n<meta name=\"author\" content=\"Judit S\u00e0nchez\" \/>\n<meta name=\"twitter:label1\" content=\"Escrit per\" \/>\n\t<meta name=\"twitter:data1\" content=\"Judit S\u00e0nchez\" \/>\n\t<meta name=\"twitter:label2\" content=\"Temps estimat de lectura\" \/>\n\t<meta name=\"twitter:data2\" content=\"2 minuts\" \/>\n<script type=\"application\/ld+json\" class=\"yoast-schema-graph\">{\"@context\":\"https:\/\/schema.org\",\"@graph\":[{\"@type\":\"WebPage\",\"@id\":\"https:\/\/www.activasalut.com\/ca\/que-estimula-el-cerebro\/\",\"url\":\"https:\/\/www.activasalut.com\/ca\/que-estimula-el-cerebro\/\",\"name\":\"Qu\u00e8 \u00e9s l'Estimulaci\u00f3 Cognitiva?- Corporaci\u00f3 Fisiogesti\u00f3\",\"isPartOf\":{\"@id\":\"https:\/\/www.activasalut.com\/ca\/#website\"},\"datePublished\":\"2017-09-01T06:00:39+00:00\",\"dateModified\":\"2017-08-31T15:59:48+00:00\",\"author\":{\"@id\":\"https:\/\/www.activasalut.com\/ca\/#\/schema\/person\/d246593c417f1b95fe3cb830129105b0\"},\"description\":\"L'Estimulaci\u00f3 Cognitiva s'encarrega d'estimular el cervell per potenciar les funcions mentals: mem\u00f2ria, llenguatge, atenci\u00f3, percepci\u00f3, raonament...\",\"breadcrumb\":{\"@id\":\"https:\/\/www.activasalut.com\/ca\/que-estimula-el-cerebro\/#breadcrumb\"},\"inLanguage\":\"ca\",\"potentialAction\":[{\"@type\":\"ReadAction\",\"target\":[\"https:\/\/www.activasalut.com\/ca\/que-estimula-el-cerebro\/\"]}]},{\"@type\":\"BreadcrumbList\",\"@id\":\"https:\/\/www.activasalut.com\/ca\/que-estimula-el-cerebro\/#breadcrumb\",\"itemListElement\":[{\"@type\":\"ListItem\",\"position\":1,\"name\":\"Portada\",\"item\":\"https:\/\/www.activasalut.com\/ca\/\"},{\"@type\":\"ListItem\",\"position\":2,\"name\":\"Qu\u00e8 \u00e9s l&#8217;Estimulaci\u00f3 Cognitiva?\"}]},{\"@type\":\"WebSite\",\"@id\":\"https:\/\/www.activasalut.com\/ca\/#website\",\"url\":\"https:\/\/www.activasalut.com\/ca\/\",\"name\":\"Corporaci\u00f3n fisiogesti\u00f3n\",\"description\":\"Activa la teva salut\",\"potentialAction\":[{\"@type\":\"SearchAction\",\"target\":{\"@type\":\"EntryPoint\",\"urlTemplate\":\"https:\/\/www.activasalut.com\/ca\/?s={search_term_string}\"},\"query-input\":\"required name=search_term_string\"}],\"inLanguage\":\"ca\"},{\"@type\":\"Person\",\"@id\":\"https:\/\/www.activasalut.com\/ca\/#\/schema\/person\/d246593c417f1b95fe3cb830129105b0\",\"name\":\"Judit S\u00e0nchez\",\"image\":{\"@type\":\"ImageObject\",\"inLanguage\":\"ca\",\"@id\":\"https:\/\/www.activasalut.com\/ca\/#\/schema\/person\/image\/\",\"url\":\"https:\/\/secure.gravatar.com\/avatar\/a0afb386a482a2b5e5a6cff93fd8c6bf?s=96&d=mm&r=g\",\"contentUrl\":\"https:\/\/secure.gravatar.com\/avatar\/a0afb386a482a2b5e5a6cff93fd8c6bf?s=96&d=mm&r=g\",\"caption\":\"Judit S\u00e0nchez\"},\"url\":\"https:\/\/www.activasalut.com\/ca\/author\/judit-sanchez\/\"}]}<\/script>\n<!-- \/ Yoast SEO plugin. -->","yoast_head_json":{"title":"Qu\u00e8 \u00e9s l'Estimulaci\u00f3 Cognitiva?- Corporaci\u00f3 Fisiogesti\u00f3","description":"L'Estimulaci\u00f3 Cognitiva s'encarrega d'estimular el cervell per potenciar les funcions mentals: mem\u00f2ria, llenguatge, atenci\u00f3, percepci\u00f3, raonament...","robots":{"index":"index","follow":"follow","max-snippet":"max-snippet:-1","max-image-preview":"max-image-preview:large","max-video-preview":"max-video-preview:-1"},"canonical":"https:\/\/www.activasalut.com\/ca\/que-estimula-el-cerebro\/","og_locale":"ca_ES","og_type":"article","og_title":"Qu\u00e8 \u00e9s l'Estimulaci\u00f3 Cognitiva?- Corporaci\u00f3 Fisiogesti\u00f3","og_description":"L'Estimulaci\u00f3 Cognitiva s'encarrega d'estimular el cervell per potenciar les funcions mentals: mem\u00f2ria, llenguatge, atenci\u00f3, percepci\u00f3, raonament...","og_url":"https:\/\/www.activasalut.com\/ca\/que-estimula-el-cerebro\/","og_site_name":"Corporaci\u00f3 Fisiogesti\u00f3","article_published_time":"2017-09-01T06:00:39+00:00","article_modified_time":"2017-08-31T15:59:48+00:00","og_image":[{"width":300,"height":225,"url":"https:\/\/www.activasalut.com\/wp-content\/uploads\/2015\/08\/cerebrob.jpg","type":"image\/jpeg"}],"author":"Judit S\u00e0nchez","twitter_misc":{"Escrit per":"Judit S\u00e0nchez","Temps estimat de lectura":"2 minuts"},"schema":{"@context":"https:\/\/schema.org","@graph":[{"@type":"WebPage","@id":"https:\/\/www.activasalut.com\/ca\/que-estimula-el-cerebro\/","url":"https:\/\/www.activasalut.com\/ca\/que-estimula-el-cerebro\/","name":"Qu\u00e8 \u00e9s l'Estimulaci\u00f3 Cognitiva?- Corporaci\u00f3 Fisiogesti\u00f3","isPartOf":{"@id":"https:\/\/www.activasalut.com\/ca\/#website"},"datePublished":"2017-09-01T06:00:39+00:00","dateModified":"2017-08-31T15:59:48+00:00","author":{"@id":"https:\/\/www.activasalut.com\/ca\/#\/schema\/person\/d246593c417f1b95fe3cb830129105b0"},"description":"L'Estimulaci\u00f3 Cognitiva s'encarrega d'estimular el cervell per potenciar les funcions mentals: mem\u00f2ria, llenguatge, atenci\u00f3, percepci\u00f3, raonament...","breadcrumb":{"@id":"https:\/\/www.activasalut.com\/ca\/que-estimula-el-cerebro\/#breadcrumb"},"inLanguage":"ca","potentialAction":[{"@type":"ReadAction","target":["https:\/\/www.activasalut.com\/ca\/que-estimula-el-cerebro\/"]}]},{"@type":"BreadcrumbList","@id":"https:\/\/www.activasalut.com\/ca\/que-estimula-el-cerebro\/#breadcrumb","itemListElement":[{"@type":"ListItem","position":1,"name":"Portada","item":"https:\/\/www.activasalut.com\/ca\/"},{"@type":"ListItem","position":2,"name":"Qu\u00e8 \u00e9s l&#8217;Estimulaci\u00f3 Cognitiva?"}]},{"@type":"WebSite","@id":"https:\/\/www.activasalut.com\/ca\/#website","url":"https:\/\/www.activasalut.com\/ca\/","name":"Corporaci\u00f3n fisiogesti\u00f3n","description":"Activa la teva salut","potentialAction":[{"@type":"SearchAction","target":{"@type":"EntryPoint","urlTemplate":"https:\/\/www.activasalut.com\/ca\/?s={search_term_string}"},"query-input":"required name=search_term_string"}],"inLanguage":"ca"},{"@type":"Person","@id":"https:\/\/www.activasalut.com\/ca\/#\/schema\/person\/d246593c417f1b95fe3cb830129105b0","name":"Judit S\u00e0nchez","image":{"@type":"ImageObject","inLanguage":"ca","@id":"https:\/\/www.activasalut.com\/ca\/#\/schema\/person\/image\/","url":"https:\/\/secure.gravatar.com\/avatar\/a0afb386a482a2b5e5a6cff93fd8c6bf?s=96&d=mm&r=g","contentUrl":"https:\/\/secure.gravatar.com\/avatar\/a0afb386a482a2b5e5a6cff93fd8c6bf?s=96&d=mm&r=g","caption":"Judit S\u00e0nchez"},"url":"https:\/\/www.activasalut.com\/ca\/author\/judit-sanchez\/"}]}},"_links":{"self":[{"href":"https:\/\/www.activasalut.com\/ca\/wp-json\/wp\/v2\/posts\/725"}],"collection":[{"href":"https:\/\/www.activasalut.com\/ca\/wp-json\/wp\/v2\/posts"}],"about":[{"href":"https:\/\/www.activasalut.com\/ca\/wp-json\/wp\/v2\/types\/post"}],"author":[{"embeddable":true,"href":"https:\/\/www.activasalut.com\/ca\/wp-json\/wp\/v2\/users\/17"}],"replies":[{"embeddable":true,"href":"https:\/\/www.activasalut.com\/ca\/wp-json\/wp\/v2\/comments?post=725"}],"version-history":[{"count":5,"href":"https:\/\/www.activasalut.com\/ca\/wp-json\/wp\/v2\/posts\/725\/revisions"}],"predecessor-version":[{"id":3156,"href":"https:\/\/www.activasalut.com\/ca\/wp-json\/wp\/v2\/posts\/725\/revisions\/3156"}],"wp:featuredmedia":[{"embeddable":true,"href":"https:\/\/www.activasalut.com\/ca\/wp-json\/wp\/v2\/media\/3153"}],"wp:attachment":[{"href":"https:\/\/www.activasalut.com\/ca\/wp-json\/wp\/v2\/media?parent=725"}],"wp:term":[{"taxonomy":"category","embeddable":true,"href":"https:\/\/www.activasalut.com\/ca\/wp-json\/wp\/v2\/categories?post=725"},{"taxonomy":"post_tag","embeddable":true,"href":"https:\/\/www.activasalut.com\/ca\/wp-json\/wp\/v2\/tags?post=725"}],"curies":[{"name":"wp","href":"https:\/\/api.w.org\/{rel}","templated":true}]}}