{"id":7295,"date":"2021-03-06T09:42:55","date_gmt":"2021-03-06T08:42:55","guid":{"rendered":"https:\/\/www.activasalut.com\/?p=7295"},"modified":"2021-09-21T12:27:38","modified_gmt":"2021-09-21T10:27:38","slug":"potenciar-el-llenguatge-oral-a-casa","status":"publish","type":"post","link":"https:\/\/www.activasalut.com\/ca\/potenciar-el-llenguatge-oral-a-casa\/","title":{"rendered":"Potenciar el llenguatge oral a casa"},"content":{"rendered":"\n<p>L\u2019adquisici\u00f3 del llenguatge sorgeix de les interaccions que l\u2019infant t\u00e9 amb l\u2019adult i de les imitacions, per tant, totes les fam\u00edlies tenen un paper fonamental en <strong>l\u2019adquisici\u00f3 i desenvolupament del llenguatge<\/strong>. En aquest post us explico <strong>alguns trucs per a potenciar el llenguatge oral a casa.<\/strong><\/p>\n\n\n\n<!--more-->\n\n\n\n<p><strong>Quan l\u2019infant t\u00e9 dificultats en el seu llenguatge oral<\/strong> ja sigui per un retard maduratiu, per un trastorn o altres causes, <strong>cal realitzar una valoraci\u00f3 del llenguatge i comen\u00e7ar a fer tractament de <a href=\"https:\/\/www.fisiogestion.com\/ca\/servicios-en-centros\/servicios-logopedia\/\">logop\u00e8dia<\/a> <\/strong>com m\u00e9s aviat millor i aix\u00ed, facilitar els aprenentatges escolars. L\u2019objectiu del tractament \u00e9s potenciar els seus punts febles. Sempre \u00e9s bo realitzar una <strong>estimulaci\u00f3<\/strong> des de casa.<\/p>\n\n\n\n<blockquote class=\"wp-block-quote\"><p>\u201c<em>Un infant que t\u00e9 un bon nivell l\u00e8xic i sem\u00e0ntic, que produeix estructures sint\u00e0ctiques complexes, i que t\u00e9 facilitat per planificar el seu pensament&#8230; \u00e9s un infant que t\u00e9 m\u00e9s facilitat per aprendre i organitzar els conceptes i els seus significats\u201d&nbsp; <\/em><\/p><cite>Encarna P\u00e9rez. Logopeda i Doctora en Psicologia<\/cite><\/blockquote>\n\n\n\n<h2><strong>Com podem estimular el llenguatge oral des de casa?<\/strong><\/h2>\n\n\n\n<p>Ara que tenim m\u00e9s temps per compartir moments a casa, \u00e9s l\u2019ocasi\u00f3 de fer \u00fas <strong>d\u2019activitats l\u00fadiques<\/strong> com a estimulaci\u00f3, aix\u00f2 ajuda els nens a fer representacions mentals <em>\u201cuna nina \u2013 una nena, l\u2019escombra \u2013 un cavall.\u201d<\/em><\/p>\n\n\n\n<div class=\"wp-block-image\"><figure class=\"aligncenter size-large is-resized\"><a href=\"https:\/\/www.activasalut.com\/wp-content\/uploads\/2021\/03\/smiley-mother-watching-son-playing-scaled.jpg\"><img decoding=\"async\" loading=\"lazy\" src=\"https:\/\/www.activasalut.com\/wp-content\/uploads\/2021\/03\/smiley-mother-watching-son-playing-1024x683.jpg\" alt=\"Potenciar el lenguaje oral en casa\" class=\"wp-image-7283\" width=\"383\" height=\"255\" srcset=\"https:\/\/www.activasalut.com\/wp-content\/uploads\/2021\/03\/smiley-mother-watching-son-playing-1024x683.jpg 1024w, https:\/\/www.activasalut.com\/wp-content\/uploads\/2021\/03\/smiley-mother-watching-son-playing-300x200.jpg 300w, https:\/\/www.activasalut.com\/wp-content\/uploads\/2021\/03\/smiley-mother-watching-son-playing-768x512.jpg 768w, https:\/\/www.activasalut.com\/wp-content\/uploads\/2021\/03\/smiley-mother-watching-son-playing-1536x1024.jpg 1536w, https:\/\/www.activasalut.com\/wp-content\/uploads\/2021\/03\/smiley-mother-watching-son-playing-2048x1365.jpg 2048w, https:\/\/www.activasalut.com\/wp-content\/uploads\/2021\/03\/smiley-mother-watching-son-playing-604x402.jpg 604w\" sizes=\"(max-width: 383px) 100vw, 383px\" \/><\/a><\/figure><\/div>\n\n\n\n<h2><strong>Jugant s\u2019apr\u00e8n?<\/strong><\/h2>\n\n\n\n<p>El <strong>joc<\/strong> \u00e9s una eina \u00fatil per estimular\/refor\u00e7ar el llenguatge de forma natural i motivadora, ja que afavoreix el desenvolupament cognitiu, afectiu i els processos d\u2019aprenentatges. A mesura que el nen creix i adquireix m\u00e9s llenguatge i m\u00e9s maduresa, el joc tamb\u00e9 evoluciona.<\/p>\n\n\n\n<p>Per tant, el joc ajuda a:<\/p>\n\n\n\n<ul><li>Adquirir nou vocabulari<\/li><li>Elaborar frases cada vegada m\u00e9s complexes,<\/li><li>Planificar el pensament,<\/li><li>Comprendre i executar ordres.<\/li><\/ul>\n\n\n\n<p>A continuaci\u00f3, us recomanem tot un seguit de diferents activitats l\u00fadiques.<\/p>\n\n\n\n<ul><li><strong>Representaci\u00f3 teatral<\/strong>. Ens disfressem amb roba i accessoris per representar un personatge real o fictici, sigui d\u2019una escena inventada o d\u2019una pel\u00b7l\u00edcula.<\/li><\/ul>\n\n\n\n<div class=\"wp-block-image\"><figure class=\"aligncenter size-large is-resized\"><a href=\"https:\/\/www.activasalut.com\/wp-content\/uploads\/2021\/03\/ADORAB1-scaled.jpg\"><img decoding=\"async\" loading=\"lazy\" src=\"https:\/\/www.activasalut.com\/wp-content\/uploads\/2021\/03\/ADORAB1-1024x683.jpg\" alt=\"Potenciar el lenguaje oral en casa\" class=\"wp-image-7286\" width=\"359\" height=\"239\" srcset=\"https:\/\/www.activasalut.com\/wp-content\/uploads\/2021\/03\/ADORAB1-1024x683.jpg 1024w, https:\/\/www.activasalut.com\/wp-content\/uploads\/2021\/03\/ADORAB1-300x200.jpg 300w, https:\/\/www.activasalut.com\/wp-content\/uploads\/2021\/03\/ADORAB1-768x512.jpg 768w, https:\/\/www.activasalut.com\/wp-content\/uploads\/2021\/03\/ADORAB1-1536x1024.jpg 1536w, https:\/\/www.activasalut.com\/wp-content\/uploads\/2021\/03\/ADORAB1-2048x1365.jpg 2048w, https:\/\/www.activasalut.com\/wp-content\/uploads\/2021\/03\/ADORAB1-604x402.jpg 604w\" sizes=\"(max-width: 359px) 100vw, 359px\" \/><\/a><\/figure><\/div>\n\n\n\n<ul><li><strong>Troba el tresor.&nbsp; <\/strong>Amaguem un objecte <strong>&nbsp;<\/strong>per casa i donem pistes per trobar-lo. Quan el trobi, ha d\u2019explicar: qu\u00e8 \u00e9s?, com \u00e9s?, on es compra?, i associar-lo a altres objectes similars.<\/li><\/ul>\n\n\n\n<ul><li><strong>Conte.&nbsp; <\/strong>Amb les imatges del conte expliquem la hist\u00f2ria o b\u00e9, primer ho fa l\u2019adult i despr\u00e9s l\u2019infant.<\/li><\/ul>\n\n\n\n<div class=\"wp-block-image\"><figure class=\"aligncenter size-large is-resized\"><a href=\"https:\/\/www.activasalut.com\/wp-content\/uploads\/2021\/03\/mom-and-her-two-children-are-reading-book-at-home-on-sofa-happy-and-smiling-scaled.jpg\"><img decoding=\"async\" loading=\"lazy\" src=\"https:\/\/www.activasalut.com\/wp-content\/uploads\/2021\/03\/mom-and-her-two-children-are-reading-book-at-home-on-sofa-happy-and-smiling-1024x681.jpg\" alt=\"Potenciar el lenguaje oral en casa\" class=\"wp-image-7281\" width=\"386\" height=\"255\"\/><\/a><\/figure><\/div>\n\n\n\n<ul><li><strong>Cuina. <\/strong>Fem una recepta de cuina on participem tots. Diem els noms dels ingredients i planifiquem pas a pas.<\/li><\/ul>\n\n\n\n<ul><li><strong>Gimcana<\/strong>. Fem un circuit a casa amb diferents proves per executar ordres (de f\u00e0cil a dif\u00edcil). <em>\u201cAgafa la pilota, llen\u00e7a-la, i dona una palmada\u201d.<\/em><\/li><\/ul>\n\n\n\n<p>Us animem a compartir aquestes activitats amb els vostres fills!<\/p>\n\n\n\n<h3>El teu fill t\u00e9 dificultats en el seu llenguatge oral? Consulta en la nostra <a href=\"https:\/\/www.fisiogestion.com\/ca\/centros\/\">xarxa de centres<\/a> per a realitzar una consulta o tractament de <a href=\"https:\/\/www.fisiogestion.com\/ca\/servicios-en-centros\/servicios-logopedia\/\">logop\u00e8dia<\/a>.<\/h3>\n\n\n\n<h3>Si ho prefereixes emplena aquest formulari i et contactarem per a informar-te.<\/h3>\n\n\n\n\n<div class=\"wpcf7 no-js\" id=\"wpcf7-f5253-o1\" lang=\"es-ES\" dir=\"ltr\">\n<div class=\"screen-reader-response\"><p role=\"status\" aria-live=\"polite\" aria-atomic=\"true\"><\/p> <ul><\/ul><\/div>\n<form action=\"\/ca\/wp-json\/wp\/v2\/posts\/7295#wpcf7-f5253-o1\" method=\"post\" class=\"wpcf7-form init\" aria-label=\"Formulario de contacto\" novalidate=\"novalidate\" data-status=\"init\">\n<div style=\"display: none;\">\n<input type=\"hidden\" name=\"_wpcf7\" value=\"5253\" \/>\n<input type=\"hidden\" name=\"_wpcf7_version\" value=\"5.7.3\" \/>\n<input type=\"hidden\" name=\"_wpcf7_locale\" value=\"es_ES\" \/>\n<input type=\"hidden\" name=\"_wpcf7_unit_tag\" value=\"wpcf7-f5253-o1\" \/>\n<input type=\"hidden\" name=\"_wpcf7_container_post\" value=\"0\" \/>\n<input type=\"hidden\" name=\"_wpcf7_posted_data_hash\" value=\"\" \/>\n<input type=\"hidden\" name=\"_wpcf7_recaptcha_response\" value=\"\" \/>\n<\/div>\n<div class=\"wpcf7-response-output\" aria-hidden=\"true\"><\/div>\n<div class='comment-form'>\n\t<div class=\"comment-form-inputs\">\n\t\t<p><span class=\"wpcf7-form-control-wrap\" data-name=\"nombre\"><input size=\"40\" class=\"wpcf7-form-control wpcf7-text wpcf7-validates-as-required\" id=\"nombre\" aria-required=\"true\" aria-invalid=\"false\" placeholder=\"Nom (requerit)\" value=\"\" type=\"text\" name=\"nombre\" \/><\/span>\n\t\t<\/p>\n\t\t<p><span class=\"wpcf7-form-control-wrap\" data-name=\"apellidos\"><input size=\"40\" class=\"wpcf7-form-control wpcf7-text wpcf7-validates-as-required\" id=\"apellidos\" aria-required=\"true\" aria-invalid=\"false\" placeholder=\"Cognoms (requerit)\" value=\"\" type=\"text\" name=\"apellidos\" \/><\/span>\n\t\t<\/p>\n\t\t<p><span class=\"wpcf7-form-control-wrap\" data-name=\"email\"><input size=\"40\" class=\"wpcf7-form-control wpcf7-text wpcf7-email wpcf7-validates-as-required wpcf7-validates-as-email\" id=\"email\" aria-required=\"true\" aria-invalid=\"false\" placeholder=\"Email (requerit)\" value=\"\" type=\"email\" name=\"email\" \/><\/span>\n\t\t<\/p>\n\t\t<p><span class=\"wpcf7-form-control-wrap\" data-name=\"telefono\"><input size=\"40\" class=\"wpcf7-form-control wpcf7-text wpcf7-tel wpcf7-validates-as-required wpcf7-validates-as-tel\" id=\"telefono\" aria-required=\"true\" aria-invalid=\"false\" placeholder=\"Tel\u00e8fon (requerit)\" value=\"\" type=\"tel\" name=\"telefono\" \/><\/span>\n\t\t<\/p>\n\t<\/div>\n\t<p><span class=\"wpcf7-form-control-wrap\" data-name=\"mensaje\"><textarea cols=\"39\" rows=\"10\" class=\"wpcf7-form-control wpcf7-textarea wpcf7-validates-as-required\" id=\"mensaje\" aria-required=\"true\" aria-invalid=\"false\" placeholder=\"Missatge (requerit)\" name=\"mensaje\"><\/textarea><\/span>\n\t<\/p>\n\t<p class=\"form-submit\"><input class=\"wpcf7-form-control has-spinner wpcf7-submit\" type=\"submit\" value=\"Enviar\" \/>\n\t<\/p>\n<\/div>\n<p style=\"text-align:justify; color:#383838;\"><br \/>\n<em>L\u2019informem que les dades recollides al present formulari, seran tractades per Corporaci\u00f3 d'Administraci\u00f3 Sanit\u00e0ria A.I.E., per poder atendre i donar resposta a la seva sol\u00b7licitud d\u2018informaci\u00f3. Si necessita m\u00e9s informaci\u00f3 o vol exercir els seus drets sobre aquestes dades consulti la nostra <a href=\"https:\/\/www.fisiogestion.com\/ca\/politica-privacidad\/\">Pol\u00edtica de Privacitat<\/a>.<\/em>\n<\/p>\n<\/form>\n<\/div>\n\n\n\n\n<figure class=\"wp-block-image\"><a href=\"https:\/\/www.fisiogestion.com\/ca\/noticias\/corporacion-fisiogestion-la-primera-red-de-centros-de-rehabilitacion-fisica-certificada-por-aenor-frente-al-covid-19\/\"><img decoding=\"async\" src=\"https:\/\/www.activasalut.com\/wp-content\/uploads\/2020\/09\/Banner-COVI19-Blog_CAT-01.png\" alt=\"La imagen tiene un atributo ALT vac\u00edo; su nombre de archivo es Banner-COVI19-Blog_CAT-01.png\"\/><\/a><\/figure>\n","protected":false},"excerpt":{"rendered":"<p>L\u2019adquisici\u00f3 del llenguatge sorgeix de les interaccions que l\u2019infant t\u00e9 amb l\u2019adult i de les imitacions, per tant, totes les fam\u00edlies tenen un paper<a class=\"moretag\" href=\"https:\/\/www.activasalut.com\/ca\/potenciar-el-llenguatge-oral-a-casa\/\">Llegeix m\u00e9s&#8230;<\/a><\/p>\n","protected":false},"author":112,"featured_media":7278,"comment_status":"open","ping_status":"closed","sticky":false,"template":"","format":"standard","meta":[],"categories":[608,581,611],"tags":[3337,3577,1107,2008,3576],"yoast_head":"<!-- This site is optimized with the Yoast SEO plugin v20.0 - https:\/\/yoast.com\/wordpress\/plugins\/seo\/ -->\n<title>Potenciar el llenguatge oral a casa<\/title>\n<meta name=\"description\" content=\"En aquest post us explico alguns trucs per a potenciar el llenguatge oral a casa, quan hi ha menys interaccions socials.\" \/>\n<meta name=\"robots\" content=\"index, follow, max-snippet:-1, max-image-preview:large, max-video-preview:-1\" \/>\n<link rel=\"canonical\" href=\"https:\/\/www.activasalut.com\/ca\/potenciar-el-llenguatge-oral-a-casa\/\" \/>\n<meta property=\"og:locale\" content=\"ca_ES\" \/>\n<meta property=\"og:type\" content=\"article\" \/>\n<meta property=\"og:title\" content=\"Potenciar el llenguatge oral a casa\" \/>\n<meta property=\"og:description\" content=\"En aquest post us explico alguns trucs per a potenciar el llenguatge oral a casa, quan hi ha menys interaccions socials.\" \/>\n<meta property=\"og:url\" content=\"https:\/\/www.activasalut.com\/ca\/potenciar-el-llenguatge-oral-a-casa\/\" \/>\n<meta property=\"og:site_name\" content=\"Corporaci\u00f3 Fisiogesti\u00f3\" \/>\n<meta property=\"article:published_time\" content=\"2021-03-06T08:42:55+00:00\" \/>\n<meta property=\"article:modified_time\" content=\"2021-09-21T10:27:38+00:00\" \/>\n<meta property=\"og:image\" content=\"https:\/\/www.activasalut.com\/wp-content\/uploads\/2021\/03\/Foto-destacada-lenguaje-oral.jpg\" \/>\n\t<meta property=\"og:image:width\" content=\"1000\" \/>\n\t<meta property=\"og:image:height\" content=\"667\" \/>\n\t<meta property=\"og:image:type\" content=\"image\/jpeg\" \/>\n<meta name=\"author\" content=\"Ana Nieto\" \/>\n<meta name=\"twitter:label1\" content=\"Escrit per\" \/>\n\t<meta name=\"twitter:data1\" content=\"Ana Nieto\" \/>\n\t<meta name=\"twitter:label2\" content=\"Temps estimat de lectura\" \/>\n\t<meta name=\"twitter:data2\" content=\"3 minuts\" \/>\n<script type=\"application\/ld+json\" class=\"yoast-schema-graph\">{\"@context\":\"https:\/\/schema.org\",\"@graph\":[{\"@type\":\"WebPage\",\"@id\":\"https:\/\/www.activasalut.com\/ca\/potenciar-el-llenguatge-oral-a-casa\/\",\"url\":\"https:\/\/www.activasalut.com\/ca\/potenciar-el-llenguatge-oral-a-casa\/\",\"name\":\"Potenciar el llenguatge oral a casa\",\"isPartOf\":{\"@id\":\"https:\/\/www.activasalut.com\/ca\/#website\"},\"datePublished\":\"2021-03-06T08:42:55+00:00\",\"dateModified\":\"2021-09-21T10:27:38+00:00\",\"author\":{\"@id\":\"https:\/\/www.activasalut.com\/ca\/#\/schema\/person\/0dff7cce19982cb68b7bc876c48ba1d2\"},\"description\":\"En aquest post us explico alguns trucs per a potenciar el llenguatge oral a casa, quan hi ha menys interaccions socials.\",\"breadcrumb\":{\"@id\":\"https:\/\/www.activasalut.com\/ca\/potenciar-el-llenguatge-oral-a-casa\/#breadcrumb\"},\"inLanguage\":\"ca\",\"potentialAction\":[{\"@type\":\"ReadAction\",\"target\":[\"https:\/\/www.activasalut.com\/ca\/potenciar-el-llenguatge-oral-a-casa\/\"]}]},{\"@type\":\"BreadcrumbList\",\"@id\":\"https:\/\/www.activasalut.com\/ca\/potenciar-el-llenguatge-oral-a-casa\/#breadcrumb\",\"itemListElement\":[{\"@type\":\"ListItem\",\"position\":1,\"name\":\"Portada\",\"item\":\"https:\/\/www.activasalut.com\/ca\/\"},{\"@type\":\"ListItem\",\"position\":2,\"name\":\"Potenciar el llenguatge oral a casa\"}]},{\"@type\":\"WebSite\",\"@id\":\"https:\/\/www.activasalut.com\/ca\/#website\",\"url\":\"https:\/\/www.activasalut.com\/ca\/\",\"name\":\"Corporaci\u00f3n fisiogesti\u00f3n\",\"description\":\"Activa la teva salut\",\"potentialAction\":[{\"@type\":\"SearchAction\",\"target\":{\"@type\":\"EntryPoint\",\"urlTemplate\":\"https:\/\/www.activasalut.com\/ca\/?s={search_term_string}\"},\"query-input\":\"required name=search_term_string\"}],\"inLanguage\":\"ca\"},{\"@type\":\"Person\",\"@id\":\"https:\/\/www.activasalut.com\/ca\/#\/schema\/person\/0dff7cce19982cb68b7bc876c48ba1d2\",\"name\":\"Ana Nieto\",\"image\":{\"@type\":\"ImageObject\",\"inLanguage\":\"ca\",\"@id\":\"https:\/\/www.activasalut.com\/ca\/#\/schema\/person\/image\/\",\"url\":\"https:\/\/secure.gravatar.com\/avatar\/8f13d61b812218c5aa0670a5255f89e9?s=96&d=mm&r=g\",\"contentUrl\":\"https:\/\/secure.gravatar.com\/avatar\/8f13d61b812218c5aa0670a5255f89e9?s=96&d=mm&r=g\",\"caption\":\"Ana Nieto\"},\"description\":\"Ana Nieto Logopeda en Corporaci\u00f3n Fisiogesti\u00f3n\",\"url\":\"https:\/\/www.activasalut.com\/ca\/author\/ana-nieto\/\"}]}<\/script>\n<!-- \/ Yoast SEO plugin. -->","yoast_head_json":{"title":"Potenciar el llenguatge oral a casa","description":"En aquest post us explico alguns trucs per a potenciar el llenguatge oral a casa, quan hi ha menys interaccions socials.","robots":{"index":"index","follow":"follow","max-snippet":"max-snippet:-1","max-image-preview":"max-image-preview:large","max-video-preview":"max-video-preview:-1"},"canonical":"https:\/\/www.activasalut.com\/ca\/potenciar-el-llenguatge-oral-a-casa\/","og_locale":"ca_ES","og_type":"article","og_title":"Potenciar el llenguatge oral a casa","og_description":"En aquest post us explico alguns trucs per a potenciar el llenguatge oral a casa, quan hi ha menys interaccions socials.","og_url":"https:\/\/www.activasalut.com\/ca\/potenciar-el-llenguatge-oral-a-casa\/","og_site_name":"Corporaci\u00f3 Fisiogesti\u00f3","article_published_time":"2021-03-06T08:42:55+00:00","article_modified_time":"2021-09-21T10:27:38+00:00","og_image":[{"width":1000,"height":667,"url":"https:\/\/www.activasalut.com\/wp-content\/uploads\/2021\/03\/Foto-destacada-lenguaje-oral.jpg","type":"image\/jpeg"}],"author":"Ana Nieto","twitter_misc":{"Escrit per":"Ana Nieto","Temps estimat de lectura":"3 minuts"},"schema":{"@context":"https:\/\/schema.org","@graph":[{"@type":"WebPage","@id":"https:\/\/www.activasalut.com\/ca\/potenciar-el-llenguatge-oral-a-casa\/","url":"https:\/\/www.activasalut.com\/ca\/potenciar-el-llenguatge-oral-a-casa\/","name":"Potenciar el llenguatge oral a casa","isPartOf":{"@id":"https:\/\/www.activasalut.com\/ca\/#website"},"datePublished":"2021-03-06T08:42:55+00:00","dateModified":"2021-09-21T10:27:38+00:00","author":{"@id":"https:\/\/www.activasalut.com\/ca\/#\/schema\/person\/0dff7cce19982cb68b7bc876c48ba1d2"},"description":"En aquest post us explico alguns trucs per a potenciar el llenguatge oral a casa, quan hi ha menys interaccions socials.","breadcrumb":{"@id":"https:\/\/www.activasalut.com\/ca\/potenciar-el-llenguatge-oral-a-casa\/#breadcrumb"},"inLanguage":"ca","potentialAction":[{"@type":"ReadAction","target":["https:\/\/www.activasalut.com\/ca\/potenciar-el-llenguatge-oral-a-casa\/"]}]},{"@type":"BreadcrumbList","@id":"https:\/\/www.activasalut.com\/ca\/potenciar-el-llenguatge-oral-a-casa\/#breadcrumb","itemListElement":[{"@type":"ListItem","position":1,"name":"Portada","item":"https:\/\/www.activasalut.com\/ca\/"},{"@type":"ListItem","position":2,"name":"Potenciar el llenguatge oral a casa"}]},{"@type":"WebSite","@id":"https:\/\/www.activasalut.com\/ca\/#website","url":"https:\/\/www.activasalut.com\/ca\/","name":"Corporaci\u00f3n fisiogesti\u00f3n","description":"Activa la teva salut","potentialAction":[{"@type":"SearchAction","target":{"@type":"EntryPoint","urlTemplate":"https:\/\/www.activasalut.com\/ca\/?s={search_term_string}"},"query-input":"required name=search_term_string"}],"inLanguage":"ca"},{"@type":"Person","@id":"https:\/\/www.activasalut.com\/ca\/#\/schema\/person\/0dff7cce19982cb68b7bc876c48ba1d2","name":"Ana Nieto","image":{"@type":"ImageObject","inLanguage":"ca","@id":"https:\/\/www.activasalut.com\/ca\/#\/schema\/person\/image\/","url":"https:\/\/secure.gravatar.com\/avatar\/8f13d61b812218c5aa0670a5255f89e9?s=96&d=mm&r=g","contentUrl":"https:\/\/secure.gravatar.com\/avatar\/8f13d61b812218c5aa0670a5255f89e9?s=96&d=mm&r=g","caption":"Ana Nieto"},"description":"Ana Nieto Logopeda en Corporaci\u00f3n Fisiogesti\u00f3n","url":"https:\/\/www.activasalut.com\/ca\/author\/ana-nieto\/"}]}},"_links":{"self":[{"href":"https:\/\/www.activasalut.com\/ca\/wp-json\/wp\/v2\/posts\/7295"}],"collection":[{"href":"https:\/\/www.activasalut.com\/ca\/wp-json\/wp\/v2\/posts"}],"about":[{"href":"https:\/\/www.activasalut.com\/ca\/wp-json\/wp\/v2\/types\/post"}],"author":[{"embeddable":true,"href":"https:\/\/www.activasalut.com\/ca\/wp-json\/wp\/v2\/users\/112"}],"replies":[{"embeddable":true,"href":"https:\/\/www.activasalut.com\/ca\/wp-json\/wp\/v2\/comments?post=7295"}],"version-history":[{"count":3,"href":"https:\/\/www.activasalut.com\/ca\/wp-json\/wp\/v2\/posts\/7295\/revisions"}],"predecessor-version":[{"id":8010,"href":"https:\/\/www.activasalut.com\/ca\/wp-json\/wp\/v2\/posts\/7295\/revisions\/8010"}],"wp:featuredmedia":[{"embeddable":true,"href":"https:\/\/www.activasalut.com\/ca\/wp-json\/wp\/v2\/media\/7278"}],"wp:attachment":[{"href":"https:\/\/www.activasalut.com\/ca\/wp-json\/wp\/v2\/media?parent=7295"}],"wp:term":[{"taxonomy":"category","embeddable":true,"href":"https:\/\/www.activasalut.com\/ca\/wp-json\/wp\/v2\/categories?post=7295"},{"taxonomy":"post_tag","embeddable":true,"href":"https:\/\/www.activasalut.com\/ca\/wp-json\/wp\/v2\/tags?post=7295"}],"curies":[{"name":"wp","href":"https:\/\/api.w.org\/{rel}","templated":true}]}}