{"id":741,"date":"2015-03-06T15:43:11","date_gmt":"2015-03-06T14:43:11","guid":{"rendered":"https:\/\/www.activasalut.com\/que-es-lenuresi-infantil\/"},"modified":"2015-07-02T11:34:13","modified_gmt":"2015-07-02T10:34:13","slug":"que-es-lenuresi-infantil","status":"publish","type":"post","link":"https:\/\/www.activasalut.com\/ca\/que-es-lenuresi-infantil\/","title":{"rendered":"Qu\u00e8 \u00e9s l&#8217;enuresi infantil?"},"content":{"rendered":"<p style=\"text-align: justify;\"><span style=\"color: #000000;\">\u00a0\u201cMama, papa&#8230; Ho sento! No s\u00e9 com ha passat!\u201d Aquesta podria ser una de les t\u00edpiques d\u2019un infant afectat d\u2019<b>enuresi<\/b>.<\/span><\/p>\n<p style=\"text-align: justify;\"><a href=\"https:\/\/www.activasalut.com\/wp-content\/uploads\/2015\/03\/euneresian.png\"><img decoding=\"async\" loading=\"lazy\" class=\"alignnone size-medium wp-image-1168\" src=\"https:\/\/www.activasalut.com\/wp-content\/uploads\/2015\/03\/euneresian-225x300.png\" alt=\"euneresian\" width=\"225\" height=\"300\" \/><\/a><\/p>\n<p style=\"text-align: justify;\">\n<p style=\"text-align: justify;\"><span style=\"color: #000000;\">Per\u00f2 qu\u00e8 \u00e9s realment l\u2019enuresi?<\/span><\/p>\n<p style=\"text-align: justify;\"><span style=\"color: #000000;\">Sota aquest nom, trobem una afectaci\u00f3 del control de la micci\u00f3 que es basa en una contracci\u00f3 involunt\u00e0ria de la bufeta, en l\u2019etapa infantil-adolescent. Per tant, serien les miccions incontrolades m\u00e9s enll\u00e0 de l\u2019edat del control vesical, el qual no es dona per completat fins els, aproximadament, sis anys (els nens no tenen continen\u00e7a total fins els quatre anys, i fins el sis, poden tenir accidents, ja que es tracta d\u2019un reflexa de maduraci\u00f3 tardana).<\/span><\/p>\n<p style=\"text-align: justify;\"><span style=\"color: #000000;\"><b>Estad\u00edsticament \u00e9s m\u00e9s freq\u00fcent en nens i afecta a un 10% d\u2019infants majors de sis anys<\/b>.<\/span><\/p>\n<p style=\"text-align: justify;\"><span style=\"color: #000000;\">L\u2019enuresi la podem classificar de varies maneres:<\/span><\/p>\n<p style=\"text-align: justify;\"><span style=\"color: #000000;\">A-. SEGONS MOMENT DEL DIA:<\/span><\/p>\n<p style=\"text-align: justify;\"><span style=\"color: #000000;\"><b>A.1. DIURNA<\/b>: Afecta m\u00e9s a les nenes. Sempre hem d\u2019excloure infeccions d\u2019orina, el que far\u00e0 important les normes d\u2019higiene-neteja.<\/span><\/p>\n<p style=\"text-align: justify;\"><span style=\"color: #000000;\"><b>A.2. NOCTURNA<\/b>: La m\u00e9s coneguda i la m\u00e9s freq\u00fcent. Afecta m\u00e9s als nens. \u00c9s dona durant la fase de la son <i>d\u2019ones lentes<\/i>, generalment del pas del son profund al son lleuger.<\/span><\/p>\n<p style=\"text-align: justify;\"><span style=\"color: #000000;\">B-.SEGONS CONTROL DE MICCI\u00d3:<\/span><\/p>\n<p style=\"text-align: justify;\"><span style=\"color: #000000;\"><b>B.1. PRIM\u00c0RIA<\/b>: Mai hi hagut control de la contin\u00e8ncia. Generalment, millora a la pubertat. Les causes van des d\u2019un retard en el desenvolupament, factors gen\u00e8tics, desordres de la son&#8230; fins a alteracions hormonals.<\/span><\/p>\n<p style=\"text-align: justify;\"><span style=\"color: #000000;\">Sempre hem d\u2019excloure <i>malformacions tracte urogenital<\/i> (<i>duplicitats ureterals<\/i>)<\/span><\/p>\n<p style=\"text-align: justify;\"><span style=\"color: #000000;\"><b>B.2. SECUNDARIA<\/b>:\u00a0 Afecta a nens de m\u00e9s edat, els quals han passat per una fase de contin\u00e8ncia total. Gaireb\u00e9 sempre, la causa \u00e9s <i>psicologia\/emocional<\/i>, encara que tamb\u00e9 hem de tenir en compte causes traum\u00e0tiques, infeccions d\u2019orina, entre d\u2019altres.<\/span><\/p>\n<p style=\"text-align: justify;\"><span style=\"color: #000000;\">Cal sempre diferenciar l\u2019enuresi de la <b>nict\u00faria. Amb aquest terme s\u2019ent\u00e9n un augment de la freq\u00fc\u00e8ncia de la micci\u00f3 nocturna per\u00f2 no incontin\u00e8ncia. <\/b><\/span><\/p>\n<p style=\"text-align: justify;\"><span style=\"color: #000000;\">Les causes de l\u2019enuresi (que \u00e9s un s\u00edmptoma i no una malaltia per si mateix) poden ser d\u2019origen:<\/span><\/p>\n<p style=\"text-align: justify;\"><span style=\"color: #000000;\"><b>A-. ORG\u00c0NIC<\/b>: Sempre existeix una causa f\u00edsica (ex. Afectaci\u00f3 cong\u00e8nita)<\/span><\/p>\n<p style=\"text-align: justify;\"><span style=\"color: #000000;\"><b>B-. FUNCIONAL<\/b>: El 95% enuresi s\u00f3n d\u2019aquest tipus. T\u00e9 a veure amb la maduraci\u00f3 del sistema nervi\u00f3s central.<\/span><\/p>\n<p style=\"text-align: justify;\"><span style=\"color: #000000;\"><b>C-.HER\u00c8NCIA<\/b>: La majoria; si un o ambd\u00f3s dels progenitors van patir enuresi, es multiplica la probabilitat de patir-la.<\/span><\/p>\n<p style=\"text-align: justify;\"><span style=\"color: #000000;\"><b>D-. INMADURITAT VESICAL PER INESTABILITAT M\u00daSCUL DETRUSOR<\/b> (m\u00e9s la di\u00fcrna): Aspectes cognitius no integrats (si forcem l\u2019aprenentatge de la contin\u00e8ncia podem tenir problemes d\u2019integraci\u00f3) o alteracions de la son.<\/span><\/p>\n<p style=\"text-align: justify;\"><span style=\"color: #000000;\">Els tractaments de l\u2019enuresi s\u2019han d\u2019iniciar segons la preocupaci\u00f3 dels pares i de l\u2019infant. Llevat de les causes org\u00e0niques (on sovint el tractament pot ser quir\u00fargic), la resta tenen tractament m\u00e8dic, i entre aquests la Fisioter\u00e0pia hi t\u00e9 un paper important.<\/span><\/p>\n<p style=\"text-align: justify;\"><span style=\"color: #000000;\"><b>ELS TIPUS DE TRACTAMENTS MEDICS NO QUIRURGICS SON<\/b>:<\/span><\/p>\n<p style=\"text-align: justify;\"><span style=\"color: #000000;\"><b>1-. DESPERTAR PIPI<\/b>: Ajuda a crear un reflexa condicionat. T\u00e9 afectes secundaris, sobretot a nivell dels pares ja que trenca el ritme de la son.<\/span><\/p>\n<p style=\"text-align: justify;\"><span style=\"color: #000000;\"><b>2-.F\u00c0RMACS<\/b>: <i>Imipramina<\/i>, <i>anticolin\u00e8rgics<\/i>&#8230;<\/span><\/p>\n<p style=\"text-align: justify;\"><span style=\"color: #000000;\"><b>3-.FISIOTER\u00c0PIA:<\/b> T\u00e8cniques que intervenen en la regulaci\u00f3 del ritme cicardia (24h) de l\u2019alternan\u00e7a son-vig\u00edlia. S\u00f3n t\u00e8cniques que actuen a nivell hipot\u00e0lem, el qual regula la son. \u00a0<\/span><\/p>\n<p style=\"text-align: justify;\"><span style=\"color: #000000;\">Dintre d\u2019aquestes t\u00e8cniques de fisioter\u00e0pia tenim:<\/span><\/p>\n<p style=\"text-align: justify;\"><span style=\"color: #000000;\"><b>A-\u00a0\u00a0 La gimnasia hipopressiva<\/b><b> (<a title=\"Marcel caufriez enuresis infantil\" href=\"http:\/\/www.marcel-caufriez.net\/\" target=\"_blank\">Marcel Caufriez<\/a>): T\u00e9cnica r\u00edtmica que potencia l&#8217;estat de vig\u00edlia<\/b><\/span><\/p>\n<p style=\"text-align: justify;\"><span style=\"color: #000000;\"><b>B-\u00a0\u00a0 Massatge psicosensorial<\/b><\/span><\/p>\n<p style=\"text-align: justify;\"><span style=\"color: #000000;\"><b>C-\u00a0\u00a0 <\/b><b>T\u00e9cniques <em>Watsu<\/em><\/b><\/span><\/p>\n<p style=\"text-align: justify;\"><span style=\"color: #000000;\"><b>4.- CANVI D\u2019H\u00c0BITS<\/b>: Regulaci\u00f3 de la son, h\u00e0bits higi\u00e8nics.<\/span><\/p>\n<p style=\"text-align: justify;\"><span style=\"color: #000000;\">En resum, davant d\u2019un cas d\u2019enuresi, tant pares com professionals, han tenir clar que:<\/span><\/p>\n<p style=\"text-align: justify;\"><span style=\"color: #000000;\">&#8211; No \u00e9s una malaltia<\/span><\/p>\n<p style=\"text-align: justify;\"><span style=\"color: #000000;\">&#8211; T\u00e9 soluci\u00f3<\/span><\/p>\n<p style=\"text-align: justify;\"><span style=\"color: #000000;\">&#8211; Sovint pot ser una decisi\u00f3 intel\u00b7ligent esperar a que es doni el desenvolupament natural de l\u2019infant.<br \/>\n<\/span><\/p>\n<p style=\"text-align: justify;\">Dra. Eva Selicke<\/p>\n","protected":false},"excerpt":{"rendered":"<p>\u00a0\u201cMama, papa&#8230; Ho sento! No s\u00e9 com ha passat!\u201d Aquesta podria ser una de les t\u00edpiques d\u2019un infant afectat d\u2019enuresi. Per\u00f2 qu\u00e8 \u00e9s realment<a class=\"moretag\" href=\"https:\/\/www.activasalut.com\/ca\/que-es-lenuresi-infantil\/\">Llegeix m\u00e9s&#8230;<\/a><\/p>\n","protected":false},"author":3,"featured_media":1168,"comment_status":"open","ping_status":"closed","sticky":false,"template":"","format":"standard","meta":[],"categories":[783,88,610,621,831,602],"tags":[790],"yoast_head":"<!-- This site is optimized with the Yoast SEO plugin v20.0 - https:\/\/yoast.com\/wordpress\/plugins\/seo\/ -->\n<title>\u00bfQu\u00e9 es la enuresis infantil?<\/title>\n<meta name=\"description\" content=\"La enuresis infantil muy com\u00fan entre los ni\u00f1os. La Dra. Eva Selicke te explica m\u00e1s sobre ella.\" \/>\n<meta name=\"robots\" content=\"index, follow, max-snippet:-1, max-image-preview:large, max-video-preview:-1\" \/>\n<link rel=\"canonical\" href=\"https:\/\/www.activasalut.com\/ca\/que-es-lenuresi-infantil\/\" \/>\n<meta property=\"og:locale\" content=\"ca_ES\" \/>\n<meta property=\"og:type\" content=\"article\" \/>\n<meta property=\"og:title\" content=\"\u00bfQu\u00e9 es la enuresis infantil?\" \/>\n<meta property=\"og:description\" content=\"La enuresis infantil muy com\u00fan entre los ni\u00f1os. La Dra. Eva Selicke te explica m\u00e1s sobre ella.\" \/>\n<meta property=\"og:url\" content=\"https:\/\/www.activasalut.com\/ca\/que-es-lenuresi-infantil\/\" \/>\n<meta property=\"og:site_name\" content=\"Corporaci\u00f3 Fisiogesti\u00f3\" \/>\n<meta property=\"article:published_time\" content=\"2015-03-06T14:43:11+00:00\" \/>\n<meta property=\"article:modified_time\" content=\"2015-07-02T10:34:13+00:00\" \/>\n<meta property=\"og:image\" content=\"https:\/\/www.activasalut.com\/wp-content\/uploads\/2015\/03\/euneresian.png\" \/>\n\t<meta property=\"og:image:width\" content=\"225\" \/>\n\t<meta property=\"og:image:height\" content=\"300\" \/>\n\t<meta property=\"og:image:type\" content=\"image\/png\" \/>\n<meta name=\"author\" content=\"Corporaci\u00f3n Fisiogesti\u00f3n\" \/>\n<meta name=\"twitter:label1\" content=\"Escrit per\" \/>\n\t<meta name=\"twitter:data1\" content=\"Corporaci\u00f3n Fisiogesti\u00f3n\" \/>\n\t<meta name=\"twitter:label2\" content=\"Temps estimat de lectura\" \/>\n\t<meta name=\"twitter:data2\" content=\"3 minuts\" \/>\n<script type=\"application\/ld+json\" class=\"yoast-schema-graph\">{\"@context\":\"https:\/\/schema.org\",\"@graph\":[{\"@type\":\"WebPage\",\"@id\":\"https:\/\/www.activasalut.com\/ca\/que-es-lenuresi-infantil\/\",\"url\":\"https:\/\/www.activasalut.com\/ca\/que-es-lenuresi-infantil\/\",\"name\":\"\u00bfQu\u00e9 es la enuresis infantil?\",\"isPartOf\":{\"@id\":\"https:\/\/www.activasalut.com\/ca\/#website\"},\"datePublished\":\"2015-03-06T14:43:11+00:00\",\"dateModified\":\"2015-07-02T10:34:13+00:00\",\"author\":{\"@id\":\"https:\/\/www.activasalut.com\/ca\/#\/schema\/person\/9c26e9d64354f799e6db658669cd94f4\"},\"description\":\"La enuresis infantil muy com\u00fan entre los ni\u00f1os. La Dra. Eva Selicke te explica m\u00e1s sobre ella.\",\"breadcrumb\":{\"@id\":\"https:\/\/www.activasalut.com\/ca\/que-es-lenuresi-infantil\/#breadcrumb\"},\"inLanguage\":\"ca\",\"potentialAction\":[{\"@type\":\"ReadAction\",\"target\":[\"https:\/\/www.activasalut.com\/ca\/que-es-lenuresi-infantil\/\"]}]},{\"@type\":\"BreadcrumbList\",\"@id\":\"https:\/\/www.activasalut.com\/ca\/que-es-lenuresi-infantil\/#breadcrumb\",\"itemListElement\":[{\"@type\":\"ListItem\",\"position\":1,\"name\":\"Portada\",\"item\":\"https:\/\/www.activasalut.com\/ca\/\"},{\"@type\":\"ListItem\",\"position\":2,\"name\":\"Qu\u00e8 \u00e9s l&#8217;enuresi infantil?\"}]},{\"@type\":\"WebSite\",\"@id\":\"https:\/\/www.activasalut.com\/ca\/#website\",\"url\":\"https:\/\/www.activasalut.com\/ca\/\",\"name\":\"Corporaci\u00f3n fisiogesti\u00f3n\",\"description\":\"Activa la teva salut\",\"potentialAction\":[{\"@type\":\"SearchAction\",\"target\":{\"@type\":\"EntryPoint\",\"urlTemplate\":\"https:\/\/www.activasalut.com\/ca\/?s={search_term_string}\"},\"query-input\":\"required name=search_term_string\"}],\"inLanguage\":\"ca\"},{\"@type\":\"Person\",\"@id\":\"https:\/\/www.activasalut.com\/ca\/#\/schema\/person\/9c26e9d64354f799e6db658669cd94f4\",\"name\":\"Corporaci\u00f3n Fisiogesti\u00f3n\",\"image\":{\"@type\":\"ImageObject\",\"inLanguage\":\"ca\",\"@id\":\"https:\/\/www.activasalut.com\/ca\/#\/schema\/person\/image\/\",\"url\":\"https:\/\/secure.gravatar.com\/avatar\/46b5f3eeb1d00ee9f3a28029d56c89d6?s=96&d=mm&r=g\",\"contentUrl\":\"https:\/\/secure.gravatar.com\/avatar\/46b5f3eeb1d00ee9f3a28029d56c89d6?s=96&d=mm&r=g\",\"caption\":\"Corporaci\u00f3n Fisiogesti\u00f3n\"},\"url\":\"https:\/\/www.activasalut.com\/ca\/author\/neus\/\"}]}<\/script>\n<!-- \/ Yoast SEO plugin. -->","yoast_head_json":{"title":"\u00bfQu\u00e9 es la enuresis infantil?","description":"La enuresis infantil muy com\u00fan entre los ni\u00f1os. La Dra. Eva Selicke te explica m\u00e1s sobre ella.","robots":{"index":"index","follow":"follow","max-snippet":"max-snippet:-1","max-image-preview":"max-image-preview:large","max-video-preview":"max-video-preview:-1"},"canonical":"https:\/\/www.activasalut.com\/ca\/que-es-lenuresi-infantil\/","og_locale":"ca_ES","og_type":"article","og_title":"\u00bfQu\u00e9 es la enuresis infantil?","og_description":"La enuresis infantil muy com\u00fan entre los ni\u00f1os. La Dra. Eva Selicke te explica m\u00e1s sobre ella.","og_url":"https:\/\/www.activasalut.com\/ca\/que-es-lenuresi-infantil\/","og_site_name":"Corporaci\u00f3 Fisiogesti\u00f3","article_published_time":"2015-03-06T14:43:11+00:00","article_modified_time":"2015-07-02T10:34:13+00:00","og_image":[{"width":225,"height":300,"url":"https:\/\/www.activasalut.com\/wp-content\/uploads\/2015\/03\/euneresian.png","type":"image\/png"}],"author":"Corporaci\u00f3n Fisiogesti\u00f3n","twitter_misc":{"Escrit per":"Corporaci\u00f3n Fisiogesti\u00f3n","Temps estimat de lectura":"3 minuts"},"schema":{"@context":"https:\/\/schema.org","@graph":[{"@type":"WebPage","@id":"https:\/\/www.activasalut.com\/ca\/que-es-lenuresi-infantil\/","url":"https:\/\/www.activasalut.com\/ca\/que-es-lenuresi-infantil\/","name":"\u00bfQu\u00e9 es la enuresis infantil?","isPartOf":{"@id":"https:\/\/www.activasalut.com\/ca\/#website"},"datePublished":"2015-03-06T14:43:11+00:00","dateModified":"2015-07-02T10:34:13+00:00","author":{"@id":"https:\/\/www.activasalut.com\/ca\/#\/schema\/person\/9c26e9d64354f799e6db658669cd94f4"},"description":"La enuresis infantil muy com\u00fan entre los ni\u00f1os. La Dra. Eva Selicke te explica m\u00e1s sobre ella.","breadcrumb":{"@id":"https:\/\/www.activasalut.com\/ca\/que-es-lenuresi-infantil\/#breadcrumb"},"inLanguage":"ca","potentialAction":[{"@type":"ReadAction","target":["https:\/\/www.activasalut.com\/ca\/que-es-lenuresi-infantil\/"]}]},{"@type":"BreadcrumbList","@id":"https:\/\/www.activasalut.com\/ca\/que-es-lenuresi-infantil\/#breadcrumb","itemListElement":[{"@type":"ListItem","position":1,"name":"Portada","item":"https:\/\/www.activasalut.com\/ca\/"},{"@type":"ListItem","position":2,"name":"Qu\u00e8 \u00e9s l&#8217;enuresi infantil?"}]},{"@type":"WebSite","@id":"https:\/\/www.activasalut.com\/ca\/#website","url":"https:\/\/www.activasalut.com\/ca\/","name":"Corporaci\u00f3n fisiogesti\u00f3n","description":"Activa la teva salut","potentialAction":[{"@type":"SearchAction","target":{"@type":"EntryPoint","urlTemplate":"https:\/\/www.activasalut.com\/ca\/?s={search_term_string}"},"query-input":"required name=search_term_string"}],"inLanguage":"ca"},{"@type":"Person","@id":"https:\/\/www.activasalut.com\/ca\/#\/schema\/person\/9c26e9d64354f799e6db658669cd94f4","name":"Corporaci\u00f3n Fisiogesti\u00f3n","image":{"@type":"ImageObject","inLanguage":"ca","@id":"https:\/\/www.activasalut.com\/ca\/#\/schema\/person\/image\/","url":"https:\/\/secure.gravatar.com\/avatar\/46b5f3eeb1d00ee9f3a28029d56c89d6?s=96&d=mm&r=g","contentUrl":"https:\/\/secure.gravatar.com\/avatar\/46b5f3eeb1d00ee9f3a28029d56c89d6?s=96&d=mm&r=g","caption":"Corporaci\u00f3n Fisiogesti\u00f3n"},"url":"https:\/\/www.activasalut.com\/ca\/author\/neus\/"}]}},"_links":{"self":[{"href":"https:\/\/www.activasalut.com\/ca\/wp-json\/wp\/v2\/posts\/741"}],"collection":[{"href":"https:\/\/www.activasalut.com\/ca\/wp-json\/wp\/v2\/posts"}],"about":[{"href":"https:\/\/www.activasalut.com\/ca\/wp-json\/wp\/v2\/types\/post"}],"author":[{"embeddable":true,"href":"https:\/\/www.activasalut.com\/ca\/wp-json\/wp\/v2\/users\/3"}],"replies":[{"embeddable":true,"href":"https:\/\/www.activasalut.com\/ca\/wp-json\/wp\/v2\/comments?post=741"}],"version-history":[{"count":1,"href":"https:\/\/www.activasalut.com\/ca\/wp-json\/wp\/v2\/posts\/741\/revisions"}],"predecessor-version":[{"id":1312,"href":"https:\/\/www.activasalut.com\/ca\/wp-json\/wp\/v2\/posts\/741\/revisions\/1312"}],"wp:featuredmedia":[{"embeddable":true,"href":"https:\/\/www.activasalut.com\/ca\/wp-json\/wp\/v2\/media\/1168"}],"wp:attachment":[{"href":"https:\/\/www.activasalut.com\/ca\/wp-json\/wp\/v2\/media?parent=741"}],"wp:term":[{"taxonomy":"category","embeddable":true,"href":"https:\/\/www.activasalut.com\/ca\/wp-json\/wp\/v2\/categories?post=741"},{"taxonomy":"post_tag","embeddable":true,"href":"https:\/\/www.activasalut.com\/ca\/wp-json\/wp\/v2\/tags?post=741"}],"curies":[{"name":"wp","href":"https:\/\/api.w.org\/{rel}","templated":true}]}}