{"id":761,"date":"2018-03-29T08:00:26","date_gmt":"2018-03-29T06:00:26","guid":{"rendered":"https:\/\/www.activasalut.com\/superar-la-incontinencia-urinaria-2\/"},"modified":"2018-03-28T16:18:37","modified_gmt":"2018-03-28T14:18:37","slug":"superar-la-incontinencia-urinaria-2","status":"publish","type":"post","link":"https:\/\/www.activasalut.com\/ca\/superar-la-incontinencia-urinaria-2\/","title":{"rendered":"Superar la incontin\u00e8ncia urin\u00e0ria"},"content":{"rendered":"<p style=\"text-align: justify;\"><span style=\"color: #000000;\">\u00c9s ben sabut que la fisioter\u00e0pia \u00e9s de gran ajuda per a moltes persones. L&#8217;alleujament de dol\u00e8ncies i s\u00edmptomes de malalties i traumatismes fan de la nostra professi\u00f3 el primer objectiu<\/span><!--more--><b>aconseguir que les persones que confien en nosaltres adquireixin una millor qualitat de vida<\/b>.<\/p>\n<h3 style=\"text-align: justify;\">Cas real<\/h3>\n<p style=\"text-align: justify;\"><span style=\"color: #000000; line-height: 1.5em;\">Per exemplificar la nostra meta, avui explicarem un cas sobre <strong>una pacient de 34 anys\u00a0<\/strong>que patia <\/span><b style=\"color: #000000; line-height: 1.5em;\">incontin\u00e8ncia urin\u00e0ria<\/b><span style=\"color: #000000; line-height: 1.5em;\">. <\/span><\/p>\n<h3 style=\"text-align: justify;\">Antacedents<\/h3>\n<p style=\"text-align: justify;\"><span style=\"color: #000000; line-height: 1.5em;\">Un cas complicat, no es tractava d&#8217;una incontin\u00e8ncia comuna per esfor\u00e7, sin\u00f3 <em><strong>d&#8217;un prolapse (caiguda) de grau 2 de l&#8217;\u00fater<\/strong><\/em>. Combinat amb un estat emocional de la pacient bastant afectada a causa de les limitacions que aix\u00f2 li implicava en la seva vida laboral, social i sexual, sumat a la primerenca edat de la pacient i al fet que s\u2019ho va trobar un dia, de sobte, despr\u00e9s de 2 anys d&#8217;haver donat a llum.<\/span><\/p>\n<h3 style=\"text-align: justify;\">Primera visita<\/h3>\n<p style=\"text-align: justify;\"><span style=\"color: #000000; line-height: 1.5em;\">Despr\u00e9s de visitar-se amb la <a title=\"Dra. Eva Selicke\" href=\"https:\/\/www.activasalut.com\/ca\/que-es-lenuresi-infantil\/\" target=\"_blank\">Dra. Eva Selicke<\/a>, se li va fer una previsi\u00f3 de tractament d&#8217;entre 10 i 15 dies, a dues sessions setmanals.<\/span><\/p>\n<h3 style=\"text-align: justify;\"><span style=\"color: #000000;\">Tractament<\/span><\/h3>\n<ul>\n<li style=\"text-align: justify;\"><span style=\"color: #000000;\">Ensenyar-li a realitzar correctament els<a title=\"Mdlineplus Ejercicios Kegel\" href=\"http:\/\/www.nlm.nih.gov\/medlineplus\/spanish\/ency\/patientinstructions\/000141.htm\" target=\"_blank\"> exercicis de Kegel<\/a>, <strong>fent responsable a la pacient de la import\u00e0ncia de la musculatura perineal, de la seva funci\u00f3 i el seu correcte treball<\/strong>.<\/span><\/li>\n<li style=\"text-align: justify;\"><span style=\"color: #000000;\">Ensenyar-li trucs per evitar el sobreesfor\u00e7 sobre aquesta zona del cos per prevenir futures p\u00e8rdues i evitar la pressi\u00f3 i el prolapse dels \u00f2rgans ja afectats.\u2028<\/span><\/li>\n<li style=\"text-align: justify;\"><span style=\"color: #000000;\">La <a title=\"Hipopresivos\" href=\"https:\/\/www.activasalut.com\/ca\/9-beneficis-per-realitzar-exercicis-hipropressius\/\" target=\"_blank\">realitzaci\u00f3 dels abdominals hipropressius<\/a>, <strong>important\u00edssims en el seu cas, per intentar aconseguir ascendir l&#8217;\u00fater<\/strong>. Buscant diferents posicions, en les quals juntament amb les sensacions de la pacient, aconsegu\u00edem major efecte i treball de tota la musculatura abdominal i perineal.\u2028<\/span><\/li>\n<li style=\"text-align: justify;\"><span style=\"color: #000000;\"><strong>Electroestimulaci\u00f3 percut\u00e0nia del nervi tibial posterior<\/strong>, al seu pas pel turmell, per treballar de forma retr\u00f2grada i per via aferent, les arrels sacres de S2 a S4 que controlen l&#8217;activitat de la bufeta urin\u00e0ria, anus i s\u00f2l pelvi\u00e0.<\/span><\/li>\n<li style=\"text-align: justify;\"><span style=\"color: #000000;\">Consells sobre els canvis en els seus h\u00e0bits de vida, remarcant l\u2019alimentaci\u00f3.\u2028<\/span><\/li>\n<li style=\"text-align: justify;\"><span style=\"color: #000000;\">I sobretot, i m\u00e9s important, <strong>l&#8217;escolta, comprensi\u00f3 i atenci\u00f3 als seus problemes i preocupacions, actuant i ajudant aix\u00ed a nivell emocional, tema fonamental perqu\u00e8 el tractament result\u00e9s efectiu<\/strong>.<\/span><\/li>\n<\/ul>\n<blockquote>\n<p style=\"text-align: justify;\"><span style=\"color: #000000;\">Perqu\u00e8 els tractaments siguin positius la implicaci\u00f3 del pacient \u00e9s crucial<\/span><\/p>\n<\/blockquote>\n<p style=\"text-align: justify;\"><span style=\"color: #000000;\"> I en aquest cas l&#8217;aprenentatge i la realitzaci\u00f3 correcta de tots els exercicis va millorar notablement la seva situaci\u00f3.<\/span><\/p>\n<h3 style=\"text-align: justify;\">Resultat<\/h3>\n<p style=\"text-align: justify;\"><span style=\"color: #000000;\">Va acabar les 10 sessions m\u00ednimes que s&#8217;havien establert, per\u00f2 en la 7a estava perfectament formada mental, emocional i f\u00edsicament per poder seguir amb el seu tractament de forma domicili\u00e0ria.<\/span><\/p>\n<p style=\"text-align: justify;\"><span style=\"color: #000000;\"><strong>El m\u00e9s gratificant \u00e9s saber que una pacient finalitza un tractament totalment satisfeta i amb els seus objectius aconseguits,<\/strong> disposada a visitar-se de nou en 6 mesos per la doctora per valorar els seus progressos. Veure-la tan compromesa \u00e9s el millor regal que un fisioterapeuta pot rebre.<\/span><\/p>\n<p style=\"text-align: justify;\">&#x1f449; M\u00e9s informaci\u00f3 sobre el nostre <a href=\"http:\/\/ecommerce.fisiogestion.com\/ca\/producte\/tractament-del-sol-pelvia\/\" target=\"_blank\">Tractament del s\u00f2l pelvi\u00e0<\/a><\/p>\n<div><\/div>\n","protected":false},"excerpt":{"rendered":"<p>\u00c9s ben sabut que la fisioter\u00e0pia \u00e9s de gran ajuda per a moltes persones. L&#8217;alleujament de dol\u00e8ncies i s\u00edmptomes de malalties i traumatismes fan<a class=\"moretag\" href=\"https:\/\/www.activasalut.com\/ca\/superar-la-incontinencia-urinaria-2\/\">Llegeix m\u00e9s&#8230;<\/a><\/p>\n","protected":false},"author":13,"featured_media":3608,"comment_status":"open","ping_status":"closed","sticky":false,"template":"","format":"standard","meta":[],"categories":[610,621,624,623,2302],"tags":[2673,811,1123,851,852,1263,791,854,1957,873,930,1265,1422,995],"yoast_head":"<!-- This site is optimized with the Yoast SEO plugin v20.0 - https:\/\/yoast.com\/wordpress\/plugins\/seo\/ -->\n<title>Superar la incontin\u00e8ncia urin\u00e0ria- Corporaci\u00f3 Fisiogesti\u00f3n<\/title>\n<meta name=\"description\" content=\"La incontin\u00e8ncia urin\u00e0ria \u00e9s un problema que pateixen moltes dones per\u00f2 t\u00e9 soluci\u00f3 amb un bon tractament.\" \/>\n<meta name=\"robots\" content=\"index, follow, max-snippet:-1, max-image-preview:large, max-video-preview:-1\" \/>\n<link rel=\"canonical\" href=\"https:\/\/www.activasalut.com\/ca\/superar-la-incontinencia-urinaria-2\/\" \/>\n<meta property=\"og:locale\" content=\"ca_ES\" \/>\n<meta property=\"og:type\" content=\"article\" \/>\n<meta property=\"og:title\" content=\"Superar la incontin\u00e8ncia urin\u00e0ria- Corporaci\u00f3 Fisiogesti\u00f3n\" \/>\n<meta property=\"og:description\" content=\"La incontin\u00e8ncia urin\u00e0ria \u00e9s un problema que pateixen moltes dones per\u00f2 t\u00e9 soluci\u00f3 amb un bon tractament.\" \/>\n<meta property=\"og:url\" content=\"https:\/\/www.activasalut.com\/ca\/superar-la-incontinencia-urinaria-2\/\" \/>\n<meta property=\"og:site_name\" content=\"Corporaci\u00f3 Fisiogesti\u00f3\" \/>\n<meta property=\"article:published_time\" content=\"2018-03-29T06:00:26+00:00\" \/>\n<meta property=\"article:modified_time\" content=\"2018-03-28T14:18:37+00:00\" \/>\n<meta property=\"og:image\" content=\"https:\/\/www.activasalut.com\/wp-content\/uploads\/2015\/05\/inconf.jpg\" \/>\n\t<meta property=\"og:image:width\" content=\"300\" \/>\n\t<meta property=\"og:image:height\" content=\"225\" \/>\n\t<meta property=\"og:image:type\" content=\"image\/jpeg\" \/>\n<meta name=\"author\" content=\"Bel\u00e9n Rallo\" \/>\n<meta name=\"twitter:label1\" content=\"Escrit per\" \/>\n\t<meta name=\"twitter:data1\" content=\"Bel\u00e9n Rallo\" \/>\n\t<meta name=\"twitter:label2\" content=\"Temps estimat de lectura\" \/>\n\t<meta name=\"twitter:data2\" content=\"2 minuts\" \/>\n<script type=\"application\/ld+json\" class=\"yoast-schema-graph\">{\"@context\":\"https:\/\/schema.org\",\"@graph\":[{\"@type\":\"WebPage\",\"@id\":\"https:\/\/www.activasalut.com\/ca\/superar-la-incontinencia-urinaria-2\/\",\"url\":\"https:\/\/www.activasalut.com\/ca\/superar-la-incontinencia-urinaria-2\/\",\"name\":\"Superar la incontin\u00e8ncia urin\u00e0ria- Corporaci\u00f3 Fisiogesti\u00f3n\",\"isPartOf\":{\"@id\":\"https:\/\/www.activasalut.com\/ca\/#website\"},\"datePublished\":\"2018-03-29T06:00:26+00:00\",\"dateModified\":\"2018-03-28T14:18:37+00:00\",\"author\":{\"@id\":\"https:\/\/www.activasalut.com\/ca\/#\/schema\/person\/0b3c9b85e86edc6566cc25f9215cc980\"},\"description\":\"La incontin\u00e8ncia urin\u00e0ria \u00e9s un problema que pateixen moltes dones per\u00f2 t\u00e9 soluci\u00f3 amb un bon tractament.\",\"breadcrumb\":{\"@id\":\"https:\/\/www.activasalut.com\/ca\/superar-la-incontinencia-urinaria-2\/#breadcrumb\"},\"inLanguage\":\"ca\",\"potentialAction\":[{\"@type\":\"ReadAction\",\"target\":[\"https:\/\/www.activasalut.com\/ca\/superar-la-incontinencia-urinaria-2\/\"]}]},{\"@type\":\"BreadcrumbList\",\"@id\":\"https:\/\/www.activasalut.com\/ca\/superar-la-incontinencia-urinaria-2\/#breadcrumb\",\"itemListElement\":[{\"@type\":\"ListItem\",\"position\":1,\"name\":\"Portada\",\"item\":\"https:\/\/www.activasalut.com\/ca\/\"},{\"@type\":\"ListItem\",\"position\":2,\"name\":\"Superar la incontin\u00e8ncia urin\u00e0ria\"}]},{\"@type\":\"WebSite\",\"@id\":\"https:\/\/www.activasalut.com\/ca\/#website\",\"url\":\"https:\/\/www.activasalut.com\/ca\/\",\"name\":\"Corporaci\u00f3n fisiogesti\u00f3n\",\"description\":\"Activa la teva salut\",\"potentialAction\":[{\"@type\":\"SearchAction\",\"target\":{\"@type\":\"EntryPoint\",\"urlTemplate\":\"https:\/\/www.activasalut.com\/ca\/?s={search_term_string}\"},\"query-input\":\"required name=search_term_string\"}],\"inLanguage\":\"ca\"},{\"@type\":\"Person\",\"@id\":\"https:\/\/www.activasalut.com\/ca\/#\/schema\/person\/0b3c9b85e86edc6566cc25f9215cc980\",\"name\":\"Bel\u00e9n Rallo\",\"image\":{\"@type\":\"ImageObject\",\"inLanguage\":\"ca\",\"@id\":\"https:\/\/www.activasalut.com\/ca\/#\/schema\/person\/image\/\",\"url\":\"https:\/\/secure.gravatar.com\/avatar\/0bc0194fec72ce79671b80828e7ed8d4?s=96&d=mm&r=g\",\"contentUrl\":\"https:\/\/secure.gravatar.com\/avatar\/0bc0194fec72ce79671b80828e7ed8d4?s=96&d=mm&r=g\",\"caption\":\"Bel\u00e9n Rallo\"},\"url\":\"https:\/\/www.activasalut.com\/ca\/author\/belen-rallo\/\"}]}<\/script>\n<!-- \/ Yoast SEO plugin. -->","yoast_head_json":{"title":"Superar la incontin\u00e8ncia urin\u00e0ria- Corporaci\u00f3 Fisiogesti\u00f3n","description":"La incontin\u00e8ncia urin\u00e0ria \u00e9s un problema que pateixen moltes dones per\u00f2 t\u00e9 soluci\u00f3 amb un bon tractament.","robots":{"index":"index","follow":"follow","max-snippet":"max-snippet:-1","max-image-preview":"max-image-preview:large","max-video-preview":"max-video-preview:-1"},"canonical":"https:\/\/www.activasalut.com\/ca\/superar-la-incontinencia-urinaria-2\/","og_locale":"ca_ES","og_type":"article","og_title":"Superar la incontin\u00e8ncia urin\u00e0ria- Corporaci\u00f3 Fisiogesti\u00f3n","og_description":"La incontin\u00e8ncia urin\u00e0ria \u00e9s un problema que pateixen moltes dones per\u00f2 t\u00e9 soluci\u00f3 amb un bon tractament.","og_url":"https:\/\/www.activasalut.com\/ca\/superar-la-incontinencia-urinaria-2\/","og_site_name":"Corporaci\u00f3 Fisiogesti\u00f3","article_published_time":"2018-03-29T06:00:26+00:00","article_modified_time":"2018-03-28T14:18:37+00:00","og_image":[{"width":300,"height":225,"url":"https:\/\/www.activasalut.com\/wp-content\/uploads\/2015\/05\/inconf.jpg","type":"image\/jpeg"}],"author":"Bel\u00e9n Rallo","twitter_misc":{"Escrit per":"Bel\u00e9n Rallo","Temps estimat de lectura":"2 minuts"},"schema":{"@context":"https:\/\/schema.org","@graph":[{"@type":"WebPage","@id":"https:\/\/www.activasalut.com\/ca\/superar-la-incontinencia-urinaria-2\/","url":"https:\/\/www.activasalut.com\/ca\/superar-la-incontinencia-urinaria-2\/","name":"Superar la incontin\u00e8ncia urin\u00e0ria- Corporaci\u00f3 Fisiogesti\u00f3n","isPartOf":{"@id":"https:\/\/www.activasalut.com\/ca\/#website"},"datePublished":"2018-03-29T06:00:26+00:00","dateModified":"2018-03-28T14:18:37+00:00","author":{"@id":"https:\/\/www.activasalut.com\/ca\/#\/schema\/person\/0b3c9b85e86edc6566cc25f9215cc980"},"description":"La incontin\u00e8ncia urin\u00e0ria \u00e9s un problema que pateixen moltes dones per\u00f2 t\u00e9 soluci\u00f3 amb un bon tractament.","breadcrumb":{"@id":"https:\/\/www.activasalut.com\/ca\/superar-la-incontinencia-urinaria-2\/#breadcrumb"},"inLanguage":"ca","potentialAction":[{"@type":"ReadAction","target":["https:\/\/www.activasalut.com\/ca\/superar-la-incontinencia-urinaria-2\/"]}]},{"@type":"BreadcrumbList","@id":"https:\/\/www.activasalut.com\/ca\/superar-la-incontinencia-urinaria-2\/#breadcrumb","itemListElement":[{"@type":"ListItem","position":1,"name":"Portada","item":"https:\/\/www.activasalut.com\/ca\/"},{"@type":"ListItem","position":2,"name":"Superar la incontin\u00e8ncia urin\u00e0ria"}]},{"@type":"WebSite","@id":"https:\/\/www.activasalut.com\/ca\/#website","url":"https:\/\/www.activasalut.com\/ca\/","name":"Corporaci\u00f3n fisiogesti\u00f3n","description":"Activa la teva salut","potentialAction":[{"@type":"SearchAction","target":{"@type":"EntryPoint","urlTemplate":"https:\/\/www.activasalut.com\/ca\/?s={search_term_string}"},"query-input":"required name=search_term_string"}],"inLanguage":"ca"},{"@type":"Person","@id":"https:\/\/www.activasalut.com\/ca\/#\/schema\/person\/0b3c9b85e86edc6566cc25f9215cc980","name":"Bel\u00e9n Rallo","image":{"@type":"ImageObject","inLanguage":"ca","@id":"https:\/\/www.activasalut.com\/ca\/#\/schema\/person\/image\/","url":"https:\/\/secure.gravatar.com\/avatar\/0bc0194fec72ce79671b80828e7ed8d4?s=96&d=mm&r=g","contentUrl":"https:\/\/secure.gravatar.com\/avatar\/0bc0194fec72ce79671b80828e7ed8d4?s=96&d=mm&r=g","caption":"Bel\u00e9n Rallo"},"url":"https:\/\/www.activasalut.com\/ca\/author\/belen-rallo\/"}]}},"_links":{"self":[{"href":"https:\/\/www.activasalut.com\/ca\/wp-json\/wp\/v2\/posts\/761"}],"collection":[{"href":"https:\/\/www.activasalut.com\/ca\/wp-json\/wp\/v2\/posts"}],"about":[{"href":"https:\/\/www.activasalut.com\/ca\/wp-json\/wp\/v2\/types\/post"}],"author":[{"embeddable":true,"href":"https:\/\/www.activasalut.com\/ca\/wp-json\/wp\/v2\/users\/13"}],"replies":[{"embeddable":true,"href":"https:\/\/www.activasalut.com\/ca\/wp-json\/wp\/v2\/comments?post=761"}],"version-history":[{"count":4,"href":"https:\/\/www.activasalut.com\/ca\/wp-json\/wp\/v2\/posts\/761\/revisions"}],"predecessor-version":[{"id":3612,"href":"https:\/\/www.activasalut.com\/ca\/wp-json\/wp\/v2\/posts\/761\/revisions\/3612"}],"wp:featuredmedia":[{"embeddable":true,"href":"https:\/\/www.activasalut.com\/ca\/wp-json\/wp\/v2\/media\/3608"}],"wp:attachment":[{"href":"https:\/\/www.activasalut.com\/ca\/wp-json\/wp\/v2\/media?parent=761"}],"wp:term":[{"taxonomy":"category","embeddable":true,"href":"https:\/\/www.activasalut.com\/ca\/wp-json\/wp\/v2\/categories?post=761"},{"taxonomy":"post_tag","embeddable":true,"href":"https:\/\/www.activasalut.com\/ca\/wp-json\/wp\/v2\/tags?post=761"}],"curies":[{"name":"wp","href":"https:\/\/api.w.org\/{rel}","templated":true}]}}