{"id":7790,"date":"2021-07-19T11:15:20","date_gmt":"2021-07-19T09:15:20","guid":{"rendered":"https:\/\/www.activasalut.com\/?p=7790"},"modified":"2021-09-21T12:28:06","modified_gmt":"2021-09-21T10:28:06","slug":"estimulacio-cognitiva-a-les-residencies-de-gent-gran","status":"publish","type":"post","link":"https:\/\/www.activasalut.com\/ca\/estimulacio-cognitiva-a-les-residencies-de-gent-gran\/","title":{"rendered":"Estimulaci\u00f3 cognitiva a les resid\u00e8ncies de gent gran"},"content":{"rendered":"\n<p><strong>L&#8217;estimulaci\u00f3 cognitiva en persones grans<\/strong> \u00e9s tan important com l&#8217;exercici f\u00edsic o l&#8217;alimentaci\u00f3. En coexistir en aquests centres diverses patologies i diversos nivells de deterioraci\u00f3 es recomana treballar amb grups petits per a poder atendre les necessitats de cada persona, podent ampliar el grup si es tracta de persones amb m\u00e9s capacitat de col\u00b7laboraci\u00f3.<\/p>\n\n\n\n<p>No es tracta nom\u00e9s d&#8217;estar tot el dia pintant o retallant. Tamb\u00e9 cal estimular el llenguatge, fer que es relacionin entre ells, amb els cuidadors, aix\u00ed com potenciar la mem\u00f2ria, la denominaci\u00f3 i l&#8217;atenci\u00f3.<\/p>\n\n\n\n<!--more-->\n\n\n\n<div class=\"wp-block-image\"><figure class=\"aligncenter size-large is-resized\"><a href=\"https:\/\/www.activasalut.com\/wp-content\/uploads\/2021\/07\/imagen3.jpg\"><img decoding=\"async\" loading=\"lazy\" src=\"https:\/\/www.activasalut.com\/wp-content\/uploads\/2021\/07\/imagen3.jpg\" alt=\"Estimulaci\u00f3n cognitiva en las residencias de ancianos\" class=\"wp-image-7806\" width=\"392\" height=\"260\" srcset=\"https:\/\/www.activasalut.com\/wp-content\/uploads\/2021\/07\/imagen3.jpg 938w, https:\/\/www.activasalut.com\/wp-content\/uploads\/2021\/07\/imagen3-300x199.jpg 300w, https:\/\/www.activasalut.com\/wp-content\/uploads\/2021\/07\/imagen3-768x510.jpg 768w, https:\/\/www.activasalut.com\/wp-content\/uploads\/2021\/07\/imagen3-604x402.jpg 604w\" sizes=\"(max-width: 392px) 100vw, 392px\" \/><\/a><\/figure><\/div>\n\n\n\n<p>\u00c9s molt important preparar les sessions tenint en compte possibles problemes auditius, visuals o la deterioraci\u00f3 cognitiva de cada resident. Si cal projectar imatges, es recomana tenir una pantalla gran.<\/p>\n\n\n\n<p>Quan s&#8217;utilitzin aparells de m\u00fasica procurar que tinguin bona qualitat de so. Els textos o fitxes han d&#8217;estar adaptades quant a la grand\u00e0ria de la lletra. Les activitats han de ser divertides i estimulants.<\/p>\n\n\n\n<p>Hem de procurar atendre tots els residents, encara que presentin una deterioraci\u00f3 cognitiva important, sempre \u00e9s possible adaptar l&#8217;activitat.<\/p>\n\n\n\n<div class=\"wp-block-image\"><figure class=\"aligncenter size-large is-resized\"><a href=\"https:\/\/www.activasalut.com\/wp-content\/uploads\/2021\/07\/imagen2.jpg\"><img decoding=\"async\" loading=\"lazy\" src=\"https:\/\/www.activasalut.com\/wp-content\/uploads\/2021\/07\/imagen2.jpg\" alt=\"Estimulaci\u00f3n cognitiva en las residencias de ancianos\" class=\"wp-image-7804\" width=\"427\" height=\"281\" srcset=\"https:\/\/www.activasalut.com\/wp-content\/uploads\/2021\/07\/imagen2.jpg 936w, https:\/\/www.activasalut.com\/wp-content\/uploads\/2021\/07\/imagen2-300x198.jpg 300w, https:\/\/www.activasalut.com\/wp-content\/uploads\/2021\/07\/imagen2-768x507.jpg 768w\" sizes=\"(max-width: 427px) 100vw, 427px\" \/><\/a><\/figure><\/div>\n\n\n\n<p>&nbsp;Propostes d\u2019activitats:<\/p>\n\n\n\n<ul><li>Anomenar objectes reals o b\u00e9 de pl\u00e0stic, tan reals com sigui possible.<\/li><li>Preguntar pel nom dels seus familiars.<\/li><li>Recitar els dies de la setmana, mesos, n\u00fameros de l\u20191 al 20.<\/li><li>Recitar els dies de la setmana, mesos, n\u00fameros al rev\u00e9s.<\/li><li>Explicar an\u00e8cdotes de la seva biografia.<\/li><li>Evocar noms que comencen per la lletra m, s, r&#8230;<\/li><li>Cantar can\u00e7ons populars.<\/li><li>Llegir textos o embarbussaments en veu alta.<\/li><li>Preguntar per receptes de cuina.<\/li><li>Descriure una foto a trav\u00e9s de preguntes.<\/li><li>Buscar elements d\u2019una imatge.<\/li><li>Refranys.<\/li><li>Anomenar noms de categories: animals, menjars, eines.<\/li><li>Repetir seq\u00fc\u00e8ncies de 3 paraules o 3 n\u00fameros.<\/li><li>Descriure una imatge.<\/li><li>Denominaci\u00f3 amb suport visual<\/li><\/ul>\n\n\n\n<pre class=\"wp-block-preformatted\"> Enlla\u00e7os d\u2019inter\u00e8s:\n \n 1.<a href=\"http:\/\/www.sexne.es\/area-del-ciudadano\/documentos-de-interes\/libros-de-ayuda-en-deterioro-cognitivo\/material-apoyo-fundacion-obra-social-la-caixa.php\" target=\"_blank\" rel=\"noreferrer noopener\">http:\/\/www.sexne.es\/area-del-ciudadano\/documentos-de-interes\/libros-de-ayuda-en-deterioro-cognitivo\/material-apoyo-fundacion-obra-social-la-caixa.php<\/a>\n 2.<a href=\"https:\/\/9letras.wordpress.com\/memoria\/\" target=\"_blank\" rel=\"noreferrer noopener\">https:\/\/9letras.wordpress.com\/memoria\/<\/a>\n 3.<a href=\"https:\/\/www.ecognitiva.com\/\" target=\"_blank\" rel=\"noreferrer noopener\">https:\/\/www.ecognitiva.com\/<\/a>&nbsp;&nbsp;\n <\/pre>\n\n\n\n<h3>Coneixes la nostra <a href=\"https:\/\/www.fisiogestion.com\/wp-content\/uploads\/2019\/04\/Activa-tu-mente-con-Feskits_BannerWeb__02_CAT-01.png\">plataforma interactiva en l\u00ednia d&#8217;estimulaci\u00f3 cognitiva<\/a>? Pots entrenar la teva mem\u00f2ria, augmentar la teva concentraci\u00f3 i millorar la teva agilitat mental.<\/h3>\n\n\n\n<h3>Consulta en la nostra <a href=\"https:\/\/www.fisiogestion.com\/ca\/centros\/\">xarxa de centres<\/a> per a fer una visita o tractament de <a href=\"https:\/\/www.fisiogestion.com\/ca\/servicios-en-centros\/servicios-logopedia\/\">logop\u00e8dia<\/a>.<\/h3>\n\n\n\n<h3>Si ho prefereixes emplena aquest formulari i et contactarem per a informar-te.<\/h3>\n\n\n\n\n<div class=\"wpcf7 no-js\" id=\"wpcf7-f5253-o1\" lang=\"es-ES\" dir=\"ltr\">\n<div class=\"screen-reader-response\"><p role=\"status\" aria-live=\"polite\" aria-atomic=\"true\"><\/p> <ul><\/ul><\/div>\n<form action=\"\/ca\/wp-json\/wp\/v2\/posts\/7790#wpcf7-f5253-o1\" method=\"post\" class=\"wpcf7-form init\" aria-label=\"Formulario de contacto\" novalidate=\"novalidate\" data-status=\"init\">\n<div style=\"display: none;\">\n<input type=\"hidden\" name=\"_wpcf7\" value=\"5253\" \/>\n<input type=\"hidden\" name=\"_wpcf7_version\" value=\"5.7.3\" \/>\n<input type=\"hidden\" name=\"_wpcf7_locale\" value=\"es_ES\" \/>\n<input type=\"hidden\" name=\"_wpcf7_unit_tag\" value=\"wpcf7-f5253-o1\" \/>\n<input type=\"hidden\" name=\"_wpcf7_container_post\" value=\"0\" \/>\n<input type=\"hidden\" name=\"_wpcf7_posted_data_hash\" value=\"\" \/>\n<input type=\"hidden\" name=\"_wpcf7_recaptcha_response\" value=\"\" \/>\n<\/div>\n<div class=\"wpcf7-response-output\" aria-hidden=\"true\"><\/div>\n<div class='comment-form'>\n\t<div class=\"comment-form-inputs\">\n\t\t<p><span class=\"wpcf7-form-control-wrap\" data-name=\"nombre\"><input size=\"40\" class=\"wpcf7-form-control wpcf7-text wpcf7-validates-as-required\" id=\"nombre\" aria-required=\"true\" aria-invalid=\"false\" placeholder=\"Nom (requerit)\" value=\"\" type=\"text\" name=\"nombre\" \/><\/span>\n\t\t<\/p>\n\t\t<p><span class=\"wpcf7-form-control-wrap\" data-name=\"apellidos\"><input size=\"40\" class=\"wpcf7-form-control wpcf7-text wpcf7-validates-as-required\" id=\"apellidos\" aria-required=\"true\" aria-invalid=\"false\" placeholder=\"Cognoms (requerit)\" value=\"\" type=\"text\" name=\"apellidos\" \/><\/span>\n\t\t<\/p>\n\t\t<p><span class=\"wpcf7-form-control-wrap\" data-name=\"email\"><input size=\"40\" class=\"wpcf7-form-control wpcf7-text wpcf7-email wpcf7-validates-as-required wpcf7-validates-as-email\" id=\"email\" aria-required=\"true\" aria-invalid=\"false\" placeholder=\"Email (requerit)\" value=\"\" type=\"email\" name=\"email\" \/><\/span>\n\t\t<\/p>\n\t\t<p><span class=\"wpcf7-form-control-wrap\" data-name=\"telefono\"><input size=\"40\" class=\"wpcf7-form-control wpcf7-text wpcf7-tel wpcf7-validates-as-required wpcf7-validates-as-tel\" id=\"telefono\" aria-required=\"true\" aria-invalid=\"false\" placeholder=\"Tel\u00e8fon (requerit)\" value=\"\" type=\"tel\" name=\"telefono\" \/><\/span>\n\t\t<\/p>\n\t<\/div>\n\t<p><span class=\"wpcf7-form-control-wrap\" data-name=\"mensaje\"><textarea cols=\"39\" rows=\"10\" class=\"wpcf7-form-control wpcf7-textarea wpcf7-validates-as-required\" id=\"mensaje\" aria-required=\"true\" aria-invalid=\"false\" placeholder=\"Missatge (requerit)\" name=\"mensaje\"><\/textarea><\/span>\n\t<\/p>\n\t<p class=\"form-submit\"><input class=\"wpcf7-form-control has-spinner wpcf7-submit\" type=\"submit\" value=\"Enviar\" \/>\n\t<\/p>\n<\/div>\n<p style=\"text-align:justify; color:#383838;\"><br \/>\n<em>L\u2019informem que les dades recollides al present formulari, seran tractades per Corporaci\u00f3 d'Administraci\u00f3 Sanit\u00e0ria A.I.E., per poder atendre i donar resposta a la seva sol\u00b7licitud d\u2018informaci\u00f3. Si necessita m\u00e9s informaci\u00f3 o vol exercir els seus drets sobre aquestes dades consulti la nostra <a href=\"https:\/\/www.fisiogestion.com\/ca\/politica-privacidad\/\">Pol\u00edtica de Privacitat<\/a>.<\/em>\n<\/p>\n<\/form>\n<\/div>\n\n\n\n\n<figure class=\"wp-block-image\"><a href=\"https:\/\/www.fisiogestion.com\/ca\/noticias\/corporacion-fisiogestion-la-primera-red-de-centros-de-rehabilitacion-fisica-certificada-por-aenor-frente-al-covid-19\/\"><img decoding=\"async\" src=\"https:\/\/www.activasalut.com\/wp-content\/uploads\/2020\/09\/Banner-COVI19-Blog_CAT-01.png\" alt=\"La imagen tiene un atributo ALT vac\u00edo; su nombre de archivo es Banner-COVI19-Blog_CAT-01.png\"\/><\/a><\/figure>\n","protected":false},"excerpt":{"rendered":"<p>L&#8217;estimulaci\u00f3 cognitiva en persones grans \u00e9s tan important com l&#8217;exercici f\u00edsic o l&#8217;alimentaci\u00f3. En coexistir en aquests centres diverses patologies i diversos nivells de<a class=\"moretag\" href=\"https:\/\/www.activasalut.com\/ca\/estimulacio-cognitiva-a-les-residencies-de-gent-gran\/\">Llegeix m\u00e9s&#8230;<\/a><\/p>\n","protected":false},"author":120,"featured_media":7802,"comment_status":"open","ping_status":"closed","sticky":false,"template":"","format":"standard","meta":[],"categories":[613,611,563],"tags":[1066,1107],"yoast_head":"<!-- This site is optimized with the Yoast SEO plugin v20.0 - https:\/\/yoast.com\/wordpress\/plugins\/seo\/ -->\n<title>Estimulaci\u00f3 cognitiva a les resid\u00e8ncies de gent gran<\/title>\n<meta name=\"description\" content=\"L&#039;estimulaci\u00f3 cognitiva en gent gran \u00e9s tan important com l&#039;exercici f\u00edsic o l&#039;alimentaci\u00f3. En aquest post t&#039;expliquem tot.\" \/>\n<meta name=\"robots\" content=\"index, follow, max-snippet:-1, max-image-preview:large, max-video-preview:-1\" \/>\n<link rel=\"canonical\" href=\"https:\/\/www.activasalut.com\/ca\/estimulacio-cognitiva-a-les-residencies-de-gent-gran\/\" \/>\n<meta property=\"og:locale\" content=\"ca_ES\" \/>\n<meta property=\"og:type\" content=\"article\" \/>\n<meta property=\"og:title\" content=\"Estimulaci\u00f3 cognitiva a les resid\u00e8ncies de gent gran\" \/>\n<meta property=\"og:description\" content=\"L&#039;estimulaci\u00f3 cognitiva en gent gran \u00e9s tan important com l&#039;exercici f\u00edsic o l&#039;alimentaci\u00f3. En aquest post t&#039;expliquem tot.\" \/>\n<meta property=\"og:url\" content=\"https:\/\/www.activasalut.com\/ca\/estimulacio-cognitiva-a-les-residencies-de-gent-gran\/\" \/>\n<meta property=\"og:site_name\" content=\"Corporaci\u00f3 Fisiogesti\u00f3\" \/>\n<meta property=\"article:published_time\" content=\"2021-07-19T09:15:20+00:00\" \/>\n<meta property=\"article:modified_time\" content=\"2021-09-21T10:28:06+00:00\" \/>\n<meta property=\"og:image\" content=\"https:\/\/www.activasalut.com\/wp-content\/uploads\/2021\/07\/Foto-destacada..jpg\" \/>\n\t<meta property=\"og:image:width\" content=\"924\" \/>\n\t<meta property=\"og:image:height\" content=\"613\" \/>\n\t<meta property=\"og:image:type\" content=\"image\/jpeg\" \/>\n<meta name=\"author\" content=\"M\u00aa del Carmen Le\u00f3n\" \/>\n<meta name=\"twitter:label1\" content=\"Escrit per\" \/>\n\t<meta name=\"twitter:data1\" content=\"M\u00aa del Carmen Le\u00f3n\" \/>\n\t<meta name=\"twitter:label2\" content=\"Temps estimat de lectura\" \/>\n\t<meta name=\"twitter:data2\" content=\"3 minuts\" \/>\n<script type=\"application\/ld+json\" class=\"yoast-schema-graph\">{\"@context\":\"https:\/\/schema.org\",\"@graph\":[{\"@type\":\"WebPage\",\"@id\":\"https:\/\/www.activasalut.com\/ca\/estimulacio-cognitiva-a-les-residencies-de-gent-gran\/\",\"url\":\"https:\/\/www.activasalut.com\/ca\/estimulacio-cognitiva-a-les-residencies-de-gent-gran\/\",\"name\":\"Estimulaci\u00f3 cognitiva a les resid\u00e8ncies de gent gran\",\"isPartOf\":{\"@id\":\"https:\/\/www.activasalut.com\/ca\/#website\"},\"datePublished\":\"2021-07-19T09:15:20+00:00\",\"dateModified\":\"2021-09-21T10:28:06+00:00\",\"author\":{\"@id\":\"https:\/\/www.activasalut.com\/ca\/#\/schema\/person\/5a26e45db0b84eb3ab6b923c63293224\"},\"description\":\"L'estimulaci\u00f3 cognitiva en gent gran \u00e9s tan important com l'exercici f\u00edsic o l'alimentaci\u00f3. En aquest post t'expliquem tot.\",\"breadcrumb\":{\"@id\":\"https:\/\/www.activasalut.com\/ca\/estimulacio-cognitiva-a-les-residencies-de-gent-gran\/#breadcrumb\"},\"inLanguage\":\"ca\",\"potentialAction\":[{\"@type\":\"ReadAction\",\"target\":[\"https:\/\/www.activasalut.com\/ca\/estimulacio-cognitiva-a-les-residencies-de-gent-gran\/\"]}]},{\"@type\":\"BreadcrumbList\",\"@id\":\"https:\/\/www.activasalut.com\/ca\/estimulacio-cognitiva-a-les-residencies-de-gent-gran\/#breadcrumb\",\"itemListElement\":[{\"@type\":\"ListItem\",\"position\":1,\"name\":\"Portada\",\"item\":\"https:\/\/www.activasalut.com\/ca\/\"},{\"@type\":\"ListItem\",\"position\":2,\"name\":\"Estimulaci\u00f3 cognitiva a les resid\u00e8ncies de gent gran\"}]},{\"@type\":\"WebSite\",\"@id\":\"https:\/\/www.activasalut.com\/ca\/#website\",\"url\":\"https:\/\/www.activasalut.com\/ca\/\",\"name\":\"Corporaci\u00f3n fisiogesti\u00f3n\",\"description\":\"Activa la teva salut\",\"potentialAction\":[{\"@type\":\"SearchAction\",\"target\":{\"@type\":\"EntryPoint\",\"urlTemplate\":\"https:\/\/www.activasalut.com\/ca\/?s={search_term_string}\"},\"query-input\":\"required name=search_term_string\"}],\"inLanguage\":\"ca\"},{\"@type\":\"Person\",\"@id\":\"https:\/\/www.activasalut.com\/ca\/#\/schema\/person\/5a26e45db0b84eb3ab6b923c63293224\",\"name\":\"M\u00aa del Carmen Le\u00f3n\",\"image\":{\"@type\":\"ImageObject\",\"inLanguage\":\"ca\",\"@id\":\"https:\/\/www.activasalut.com\/ca\/#\/schema\/person\/image\/\",\"url\":\"https:\/\/secure.gravatar.com\/avatar\/af7450dfbaf0ff12dab144f6e9939bf0?s=96&d=mm&r=g\",\"contentUrl\":\"https:\/\/secure.gravatar.com\/avatar\/af7450dfbaf0ff12dab144f6e9939bf0?s=96&d=mm&r=g\",\"caption\":\"M\u00aa del Carmen Le\u00f3n\"},\"description\":\"Logopeda en Corporaci\u00f3n Fisiogesti\u00f3n\",\"url\":\"https:\/\/www.activasalut.com\/ca\/author\/mari-carmen-leon\/\"}]}<\/script>\n<!-- \/ Yoast SEO plugin. -->","yoast_head_json":{"title":"Estimulaci\u00f3 cognitiva a les resid\u00e8ncies de gent gran","description":"L'estimulaci\u00f3 cognitiva en gent gran \u00e9s tan important com l'exercici f\u00edsic o l'alimentaci\u00f3. En aquest post t'expliquem tot.","robots":{"index":"index","follow":"follow","max-snippet":"max-snippet:-1","max-image-preview":"max-image-preview:large","max-video-preview":"max-video-preview:-1"},"canonical":"https:\/\/www.activasalut.com\/ca\/estimulacio-cognitiva-a-les-residencies-de-gent-gran\/","og_locale":"ca_ES","og_type":"article","og_title":"Estimulaci\u00f3 cognitiva a les resid\u00e8ncies de gent gran","og_description":"L'estimulaci\u00f3 cognitiva en gent gran \u00e9s tan important com l'exercici f\u00edsic o l'alimentaci\u00f3. En aquest post t'expliquem tot.","og_url":"https:\/\/www.activasalut.com\/ca\/estimulacio-cognitiva-a-les-residencies-de-gent-gran\/","og_site_name":"Corporaci\u00f3 Fisiogesti\u00f3","article_published_time":"2021-07-19T09:15:20+00:00","article_modified_time":"2021-09-21T10:28:06+00:00","og_image":[{"width":924,"height":613,"url":"https:\/\/www.activasalut.com\/wp-content\/uploads\/2021\/07\/Foto-destacada..jpg","type":"image\/jpeg"}],"author":"M\u00aa del Carmen Le\u00f3n","twitter_misc":{"Escrit per":"M\u00aa del Carmen Le\u00f3n","Temps estimat de lectura":"3 minuts"},"schema":{"@context":"https:\/\/schema.org","@graph":[{"@type":"WebPage","@id":"https:\/\/www.activasalut.com\/ca\/estimulacio-cognitiva-a-les-residencies-de-gent-gran\/","url":"https:\/\/www.activasalut.com\/ca\/estimulacio-cognitiva-a-les-residencies-de-gent-gran\/","name":"Estimulaci\u00f3 cognitiva a les resid\u00e8ncies de gent gran","isPartOf":{"@id":"https:\/\/www.activasalut.com\/ca\/#website"},"datePublished":"2021-07-19T09:15:20+00:00","dateModified":"2021-09-21T10:28:06+00:00","author":{"@id":"https:\/\/www.activasalut.com\/ca\/#\/schema\/person\/5a26e45db0b84eb3ab6b923c63293224"},"description":"L'estimulaci\u00f3 cognitiva en gent gran \u00e9s tan important com l'exercici f\u00edsic o l'alimentaci\u00f3. En aquest post t'expliquem tot.","breadcrumb":{"@id":"https:\/\/www.activasalut.com\/ca\/estimulacio-cognitiva-a-les-residencies-de-gent-gran\/#breadcrumb"},"inLanguage":"ca","potentialAction":[{"@type":"ReadAction","target":["https:\/\/www.activasalut.com\/ca\/estimulacio-cognitiva-a-les-residencies-de-gent-gran\/"]}]},{"@type":"BreadcrumbList","@id":"https:\/\/www.activasalut.com\/ca\/estimulacio-cognitiva-a-les-residencies-de-gent-gran\/#breadcrumb","itemListElement":[{"@type":"ListItem","position":1,"name":"Portada","item":"https:\/\/www.activasalut.com\/ca\/"},{"@type":"ListItem","position":2,"name":"Estimulaci\u00f3 cognitiva a les resid\u00e8ncies de gent gran"}]},{"@type":"WebSite","@id":"https:\/\/www.activasalut.com\/ca\/#website","url":"https:\/\/www.activasalut.com\/ca\/","name":"Corporaci\u00f3n fisiogesti\u00f3n","description":"Activa la teva salut","potentialAction":[{"@type":"SearchAction","target":{"@type":"EntryPoint","urlTemplate":"https:\/\/www.activasalut.com\/ca\/?s={search_term_string}"},"query-input":"required name=search_term_string"}],"inLanguage":"ca"},{"@type":"Person","@id":"https:\/\/www.activasalut.com\/ca\/#\/schema\/person\/5a26e45db0b84eb3ab6b923c63293224","name":"M\u00aa del Carmen Le\u00f3n","image":{"@type":"ImageObject","inLanguage":"ca","@id":"https:\/\/www.activasalut.com\/ca\/#\/schema\/person\/image\/","url":"https:\/\/secure.gravatar.com\/avatar\/af7450dfbaf0ff12dab144f6e9939bf0?s=96&d=mm&r=g","contentUrl":"https:\/\/secure.gravatar.com\/avatar\/af7450dfbaf0ff12dab144f6e9939bf0?s=96&d=mm&r=g","caption":"M\u00aa del Carmen Le\u00f3n"},"description":"Logopeda en Corporaci\u00f3n Fisiogesti\u00f3n","url":"https:\/\/www.activasalut.com\/ca\/author\/mari-carmen-leon\/"}]}},"_links":{"self":[{"href":"https:\/\/www.activasalut.com\/ca\/wp-json\/wp\/v2\/posts\/7790"}],"collection":[{"href":"https:\/\/www.activasalut.com\/ca\/wp-json\/wp\/v2\/posts"}],"about":[{"href":"https:\/\/www.activasalut.com\/ca\/wp-json\/wp\/v2\/types\/post"}],"author":[{"embeddable":true,"href":"https:\/\/www.activasalut.com\/ca\/wp-json\/wp\/v2\/users\/120"}],"replies":[{"embeddable":true,"href":"https:\/\/www.activasalut.com\/ca\/wp-json\/wp\/v2\/comments?post=7790"}],"version-history":[{"count":7,"href":"https:\/\/www.activasalut.com\/ca\/wp-json\/wp\/v2\/posts\/7790\/revisions"}],"predecessor-version":[{"id":7810,"href":"https:\/\/www.activasalut.com\/ca\/wp-json\/wp\/v2\/posts\/7790\/revisions\/7810"}],"wp:featuredmedia":[{"embeddable":true,"href":"https:\/\/www.activasalut.com\/ca\/wp-json\/wp\/v2\/media\/7802"}],"wp:attachment":[{"href":"https:\/\/www.activasalut.com\/ca\/wp-json\/wp\/v2\/media?parent=7790"}],"wp:term":[{"taxonomy":"category","embeddable":true,"href":"https:\/\/www.activasalut.com\/ca\/wp-json\/wp\/v2\/categories?post=7790"},{"taxonomy":"post_tag","embeddable":true,"href":"https:\/\/www.activasalut.com\/ca\/wp-json\/wp\/v2\/tags?post=7790"}],"curies":[{"name":"wp","href":"https:\/\/api.w.org\/{rel}","templated":true}]}}