{"id":8001,"date":"2021-09-21T12:25:11","date_gmt":"2021-09-21T10:25:11","guid":{"rendered":"https:\/\/www.activasalut.com\/?p=8001"},"modified":"2021-10-08T10:04:48","modified_gmt":"2021-10-08T08:04:48","slug":"musicoterapia-i-enfermetat-dalzheimer","status":"publish","type":"post","link":"https:\/\/www.activasalut.com\/ca\/musicoterapia-i-enfermetat-dalzheimer\/","title":{"rendered":"Musicoter\u00e0pia i enfermetat d&#8217;Alzheimer"},"content":{"rendered":"\n<h3><strong>Com influeix la m\u00fasica a les persones amb la Malaltia d\u2019Alzheimer?<\/strong><\/h3>\n\n\n\n<p>La Malaltia d\u2019Alzheimer (MA) \u00e9s la dem\u00e8ncia m\u00e9s comuna i afecta majorit\u00e0riament a les dones.<\/p>\n\n\n\n<p>Es caracteritza per<strong> l\u2019alteraci\u00f3 de la mem\u00f2ria<\/strong> des de l\u2019inici de la malaltia, sobretot de la mem\u00f2ria recent. Tamb\u00e9 s\u2019observa una p\u00e8rdua de la capacitat del llenguatge i en fases m\u00e9s avan\u00e7ades apareixen trastorns a l\u2019esfera motora, com la <strong>p\u00e8rdua del patr\u00f3 de la marxa.<\/strong><\/p>\n\n\n\n<p>En els \u00faltims anys, s\u2019ha evidenciat <strong>l\u2019efecte positiu de la m\u00fasica<\/strong> en persones grans amb dem\u00e8ncia, especialment amb la Malaltia d\u2019Alzheimer.<\/p>\n\n\n\n<!--more-->\n\n\n\n<div class=\"wp-block-image\"><figure class=\"aligncenter size-large is-resized\"><a href=\"https:\/\/www.activasalut.com\/wp-content\/uploads\/2021\/09\/happy-senior-couple-dancing-in-the-home-scaled.jpg\"><img decoding=\"async\" loading=\"lazy\" src=\"https:\/\/www.activasalut.com\/wp-content\/uploads\/2021\/09\/happy-senior-couple-dancing-in-the-home-1024x683.jpg\" alt=\"\" class=\"wp-image-7973\" width=\"512\" height=\"342\" srcset=\"https:\/\/www.activasalut.com\/wp-content\/uploads\/2021\/09\/happy-senior-couple-dancing-in-the-home-1024x683.jpg 1024w, https:\/\/www.activasalut.com\/wp-content\/uploads\/2021\/09\/happy-senior-couple-dancing-in-the-home-300x200.jpg 300w, https:\/\/www.activasalut.com\/wp-content\/uploads\/2021\/09\/happy-senior-couple-dancing-in-the-home-768x513.jpg 768w, https:\/\/www.activasalut.com\/wp-content\/uploads\/2021\/09\/happy-senior-couple-dancing-in-the-home-1536x1025.jpg 1536w, https:\/\/www.activasalut.com\/wp-content\/uploads\/2021\/09\/happy-senior-couple-dancing-in-the-home-2048x1367.jpg 2048w, https:\/\/www.activasalut.com\/wp-content\/uploads\/2021\/09\/happy-senior-couple-dancing-in-the-home-604x402.jpg 604w\" sizes=\"(max-width: 512px) 100vw, 512px\" \/><\/a><figcaption>  <\/figcaption><\/figure><\/div>\n\n\n\n<h4><strong>La Federaci\u00f3 Mundial de la Musicoter\u00e0pia defineix la <\/strong>musicoter\u00e0pia <strong>com:<\/strong><\/h4>\n\n\n\n<p>\u201cLa utilitzaci\u00f3 cient\u00edfica de la m\u00fasica i\/o dels seus elements musicals (so, ritme, melodia, harmonia) per un musicoterapeuta qualificat, amb un sol pacient o en grup, mitjan\u00e7ant un proc\u00e9s destinat a facilitar i promoure la comunicaci\u00f3, l\u2019aprenentatge, la mobilitzaci\u00f3 corporal, l\u2019expressi\u00f3, l\u2019organitzaci\u00f3, entre altres objectius terap\u00e8utics rellevants, a fi d\u2019atendre a les necessitats f\u00edsiques, emocionals, socials i cognitives\u201d.<\/p>\n\n\n\n<p><br>La <strong>m\u00fasica <\/strong>amb els seus par\u00e0metres (ritme, melodia, tempo, harmonia, din\u00e0mica, timbre, forma, altura i silenci), pot desenvolupar un <strong>paper important en la rehabilitaci\u00f3 sensoriomotora<\/strong>. Ja que, l\u2019activitat musical involucra xarxes motores i multisensorials, activa xarxes i \u00e0rees del cervell que no s\u00f3n exclusives del processament musical, indueix canvis dins d\u2019aquestes xarxes i fomenta l\u2019enlla\u00e7 entre regions cerebrals distants per\u00f2 relacionades funcionalment.<\/p>\n\n\n\n<p>Per tot aix\u00f2, l\u2019aprenentatge actiu i l\u2019entrenament (repetici\u00f3 de l\u2019activitat amb m\u00fasica), creen connexions noves i eficients entre les neurones del cervell, i aquest proc\u00e9s \u00e9s conegut com a <strong>neuroplasticitat<\/strong>.<\/p>\n\n\n\n<p><br>Actualment existeixen molts assajos cl\u00ednics sobre els <strong>beneficis cognitius, socials i conductuals<\/strong> que aporta la m\u00fasica en persones que pateixen Alzheimer.<\/p>\n\n\n\n<h5 class=\"has-text-align-center\">Avui \u00e9s un bon dia, per a fer ress\u00f2 d\u2019aquesta ter\u00e0pia m\u00e9s per a millorar la qualitat de vida d\u2019aquests pacients.<\/h5>\n\n\n\n<div class=\"wp-block-image\"><figure class=\"alignright size-large\"><a href=\"https:\/\/www.activasalut.com\/wp-content\/uploads\/2021\/09\/brain-study-background-for-mental-health-care-medical-technology-scaled.jpg\"><img decoding=\"async\" loading=\"lazy\" width=\"1024\" height=\"683\" src=\"https:\/\/www.activasalut.com\/wp-content\/uploads\/2021\/09\/brain-study-background-for-mental-health-care-medical-technology-1024x683.jpg\" alt=\"\" class=\"wp-image-7975\" srcset=\"https:\/\/www.activasalut.com\/wp-content\/uploads\/2021\/09\/brain-study-background-for-mental-health-care-medical-technology-1024x683.jpg 1024w, https:\/\/www.activasalut.com\/wp-content\/uploads\/2021\/09\/brain-study-background-for-mental-health-care-medical-technology-300x200.jpg 300w, https:\/\/www.activasalut.com\/wp-content\/uploads\/2021\/09\/brain-study-background-for-mental-health-care-medical-technology-768x512.jpg 768w, https:\/\/www.activasalut.com\/wp-content\/uploads\/2021\/09\/brain-study-background-for-mental-health-care-medical-technology-1536x1024.jpg 1536w, https:\/\/www.activasalut.com\/wp-content\/uploads\/2021\/09\/brain-study-background-for-mental-health-care-medical-technology-2048x1365.jpg 2048w, https:\/\/www.activasalut.com\/wp-content\/uploads\/2021\/09\/brain-study-background-for-mental-health-care-medical-technology-604x402.jpg 604w\" sizes=\"(max-width: 1024px) 100vw, 1024px\" \/><\/a><\/figure><\/div>\n\n\n\n<div style=\"height:60px\" aria-hidden=\"true\" class=\"wp-block-spacer\"><\/div>\n\n\n\n<h3><strong>BIBLIOGRAF\u00cdA:<\/strong><\/h3>\n\n\n\n<p> [1] Dev\u00ed-Bastida J, Deus-Yela J. Las demencias y la enfermedad de Alzheimer: una aproximaci\u00f3n pr\u00e1ctica e interdisciplinar. 1\u00aa Ed. Barcelona: ISEP; 2004.<\/p>\n\n\n\n<p> [2]  S\u00e4rk\u00e4m\u00f6 T. Music for the ageing brain: Cognitive, emotional, social, and neural benefits of musical leisure activities in stroke and dementia. Dement.-Int. J. soc. Res. Pract. 2018 Aug;17(6):670-685.<\/p>\n\n\n\n<p> [3] Jauset Berrocal JA. M\u00fasica y neurociencia: la musicoterapia. Sus fundamentos, efectos y aplicaciones terap\u00e9uticas. 1\u00aa Ed. Barcelona: UOC; 2008.<\/p>\n\n\n\n<p> [4]  Jim\u00e9nez-Palomares M, Rodr\u00edguez-Mansilla J, Gonz\u00e1lez-L\u00f3pez-Arza MV, Rodr\u00edguez-Dom\u00ednguez MT, Prieto-Tato M. Benefits of music therapy as therapy no pharmacology and rehabilitation moderate dementia. Rev Esp Geriatr Gerontol. 2013 Sep-Oct;48(5):238-242.<\/p>\n\n\n\n<div style=\"height:50px\" aria-hidden=\"true\" class=\"wp-block-spacer\"><\/div>\n\n\n\n<h2>Pots consultar els nostres serveis de <a href=\"https:\/\/www.fisiogestion.com\/ca\/servicios-domicilio\/rehabilitacionrespiratoria\/\">fisioter\u00e0pia domicili\u00e0ria<\/a>&nbsp;a la nostre xarxa de&nbsp;<a href=\"https:\/\/www.fisiogestion.com\/ca\/centros\/\">centres<\/a>&nbsp;o omplir aquest formulari i et contactarem.<\/h2>\n\n\n\n<div class=\"wp-block-contact-form-7-contact-form-selector\">\n<div class=\"wpcf7 no-js\" id=\"wpcf7-f5253-o1\" lang=\"es-ES\" dir=\"ltr\">\n<div class=\"screen-reader-response\"><p role=\"status\" aria-live=\"polite\" aria-atomic=\"true\"><\/p> <ul><\/ul><\/div>\n<form action=\"\/ca\/wp-json\/wp\/v2\/posts\/8001#wpcf7-f5253-o1\" method=\"post\" class=\"wpcf7-form init\" aria-label=\"Formulario de contacto\" novalidate=\"novalidate\" data-status=\"init\">\n<div style=\"display: none;\">\n<input type=\"hidden\" name=\"_wpcf7\" value=\"5253\" \/>\n<input type=\"hidden\" name=\"_wpcf7_version\" value=\"5.7.3\" \/>\n<input type=\"hidden\" name=\"_wpcf7_locale\" value=\"es_ES\" \/>\n<input type=\"hidden\" name=\"_wpcf7_unit_tag\" value=\"wpcf7-f5253-o1\" \/>\n<input type=\"hidden\" name=\"_wpcf7_container_post\" value=\"0\" \/>\n<input type=\"hidden\" name=\"_wpcf7_posted_data_hash\" value=\"\" \/>\n<input type=\"hidden\" name=\"_wpcf7_recaptcha_response\" value=\"\" \/>\n<\/div>\n<div class=\"wpcf7-response-output\" aria-hidden=\"true\"><\/div>\n<div class='comment-form'>\n\t<div class=\"comment-form-inputs\">\n\t\t<p><span class=\"wpcf7-form-control-wrap\" data-name=\"nombre\"><input size=\"40\" class=\"wpcf7-form-control wpcf7-text wpcf7-validates-as-required\" id=\"nombre\" aria-required=\"true\" aria-invalid=\"false\" placeholder=\"Nom (requerit)\" value=\"\" type=\"text\" name=\"nombre\" \/><\/span>\n\t\t<\/p>\n\t\t<p><span class=\"wpcf7-form-control-wrap\" data-name=\"apellidos\"><input size=\"40\" class=\"wpcf7-form-control wpcf7-text wpcf7-validates-as-required\" id=\"apellidos\" aria-required=\"true\" aria-invalid=\"false\" placeholder=\"Cognoms (requerit)\" value=\"\" type=\"text\" name=\"apellidos\" \/><\/span>\n\t\t<\/p>\n\t\t<p><span class=\"wpcf7-form-control-wrap\" data-name=\"email\"><input size=\"40\" class=\"wpcf7-form-control wpcf7-text wpcf7-email wpcf7-validates-as-required wpcf7-validates-as-email\" id=\"email\" aria-required=\"true\" aria-invalid=\"false\" placeholder=\"Email (requerit)\" value=\"\" type=\"email\" name=\"email\" \/><\/span>\n\t\t<\/p>\n\t\t<p><span class=\"wpcf7-form-control-wrap\" data-name=\"telefono\"><input size=\"40\" class=\"wpcf7-form-control wpcf7-text wpcf7-tel wpcf7-validates-as-required wpcf7-validates-as-tel\" id=\"telefono\" aria-required=\"true\" aria-invalid=\"false\" placeholder=\"Tel\u00e8fon (requerit)\" value=\"\" type=\"tel\" name=\"telefono\" \/><\/span>\n\t\t<\/p>\n\t<\/div>\n\t<p><span class=\"wpcf7-form-control-wrap\" data-name=\"mensaje\"><textarea cols=\"39\" rows=\"10\" class=\"wpcf7-form-control wpcf7-textarea wpcf7-validates-as-required\" id=\"mensaje\" aria-required=\"true\" aria-invalid=\"false\" placeholder=\"Missatge (requerit)\" name=\"mensaje\"><\/textarea><\/span>\n\t<\/p>\n\t<p class=\"form-submit\"><input class=\"wpcf7-form-control has-spinner wpcf7-submit\" type=\"submit\" value=\"Enviar\" \/>\n\t<\/p>\n<\/div>\n<p style=\"text-align:justify; color:#383838;\"><br \/>\n<em>L\u2019informem que les dades recollides al present formulari, seran tractades per Corporaci\u00f3 d'Administraci\u00f3 Sanit\u00e0ria A.I.E., per poder atendre i donar resposta a la seva sol\u00b7licitud d\u2018informaci\u00f3. Si necessita m\u00e9s informaci\u00f3 o vol exercir els seus drets sobre aquestes dades consulti la nostra <a href=\"https:\/\/www.fisiogestion.com\/ca\/politica-privacidad\/\">Pol\u00edtica de Privacitat<\/a>.<\/em>\n<\/p>\n<\/form>\n<\/div>\n<\/div>\n","protected":false},"excerpt":{"rendered":"<p>Com influeix la m\u00fasica a les persones amb la Malaltia d\u2019Alzheimer? La Malaltia d\u2019Alzheimer (MA) \u00e9s la dem\u00e8ncia m\u00e9s comuna i afecta majorit\u00e0riament a<a class=\"moretag\" href=\"https:\/\/www.activasalut.com\/ca\/musicoterapia-i-enfermetat-dalzheimer\/\">Llegeix m\u00e9s&#8230;<\/a><\/p>\n","protected":false},"author":123,"featured_media":7972,"comment_status":"open","ping_status":"closed","sticky":false,"template":"","format":"standard","meta":[],"categories":[3654,3655],"tags":[1651,2913,1653,3650,3651],"yoast_head":"<!-- This site is optimized with the Yoast SEO plugin v20.0 - https:\/\/yoast.com\/wordpress\/plugins\/seo\/ -->\n<title>Musicoter\u00e0pia i enfermetat d&#039;Alzheimer<\/title>\n<meta name=\"robots\" content=\"index, follow, max-snippet:-1, max-image-preview:large, max-video-preview:-1\" \/>\n<link rel=\"canonical\" href=\"https:\/\/www.activasalut.com\/ca\/musicoterapia-i-enfermetat-dalzheimer\/\" \/>\n<meta property=\"og:locale\" content=\"ca_ES\" \/>\n<meta property=\"og:type\" content=\"article\" \/>\n<meta property=\"og:title\" content=\"Musicoter\u00e0pia i enfermetat d&#039;Alzheimer\" \/>\n<meta property=\"og:description\" content=\"Com influeix la m\u00fasica a les persones amb la Malaltia d\u2019Alzheimer? La Malaltia d\u2019Alzheimer (MA) \u00e9s la dem\u00e8ncia m\u00e9s comuna i afecta majorit\u00e0riament aLlegeix m\u00e9s...\" \/>\n<meta property=\"og:url\" content=\"https:\/\/www.activasalut.com\/ca\/musicoterapia-i-enfermetat-dalzheimer\/\" \/>\n<meta property=\"og:site_name\" content=\"Corporaci\u00f3 Fisiogesti\u00f3\" \/>\n<meta property=\"article:published_time\" content=\"2021-09-21T10:25:11+00:00\" \/>\n<meta property=\"article:modified_time\" content=\"2021-10-08T08:04:48+00:00\" \/>\n<meta property=\"og:image\" content=\"https:\/\/www.activasalut.com\/wp-content\/uploads\/2021\/09\/WhatsApp-Image-2021-09-20-at-15.01.07.jpeg\" \/>\n\t<meta property=\"og:image:width\" content=\"1600\" \/>\n\t<meta property=\"og:image:height\" content=\"1423\" \/>\n\t<meta property=\"og:image:type\" content=\"image\/jpeg\" \/>\n<meta name=\"author\" content=\"Xantal Anglada\" \/>\n<meta name=\"twitter:label1\" content=\"Escrit per\" \/>\n\t<meta name=\"twitter:data1\" content=\"Xantal Anglada\" \/>\n\t<meta name=\"twitter:label2\" content=\"Temps estimat de lectura\" \/>\n\t<meta name=\"twitter:data2\" content=\"3 minuts\" \/>\n<script type=\"application\/ld+json\" class=\"yoast-schema-graph\">{\"@context\":\"https:\/\/schema.org\",\"@graph\":[{\"@type\":\"WebPage\",\"@id\":\"https:\/\/www.activasalut.com\/ca\/musicoterapia-i-enfermetat-dalzheimer\/\",\"url\":\"https:\/\/www.activasalut.com\/ca\/musicoterapia-i-enfermetat-dalzheimer\/\",\"name\":\"Musicoter\u00e0pia i enfermetat d'Alzheimer\",\"isPartOf\":{\"@id\":\"https:\/\/www.activasalut.com\/ca\/#website\"},\"datePublished\":\"2021-09-21T10:25:11+00:00\",\"dateModified\":\"2021-10-08T08:04:48+00:00\",\"author\":{\"@id\":\"https:\/\/www.activasalut.com\/ca\/#\/schema\/person\/4f158064a246edfeb8d708504799e649\"},\"breadcrumb\":{\"@id\":\"https:\/\/www.activasalut.com\/ca\/musicoterapia-i-enfermetat-dalzheimer\/#breadcrumb\"},\"inLanguage\":\"ca\",\"potentialAction\":[{\"@type\":\"ReadAction\",\"target\":[\"https:\/\/www.activasalut.com\/ca\/musicoterapia-i-enfermetat-dalzheimer\/\"]}]},{\"@type\":\"BreadcrumbList\",\"@id\":\"https:\/\/www.activasalut.com\/ca\/musicoterapia-i-enfermetat-dalzheimer\/#breadcrumb\",\"itemListElement\":[{\"@type\":\"ListItem\",\"position\":1,\"name\":\"Portada\",\"item\":\"https:\/\/www.activasalut.com\/ca\/\"},{\"@type\":\"ListItem\",\"position\":2,\"name\":\"Musicoter\u00e0pia i enfermetat d&#8217;Alzheimer\"}]},{\"@type\":\"WebSite\",\"@id\":\"https:\/\/www.activasalut.com\/ca\/#website\",\"url\":\"https:\/\/www.activasalut.com\/ca\/\",\"name\":\"Corporaci\u00f3n fisiogesti\u00f3n\",\"description\":\"Activa la teva salut\",\"potentialAction\":[{\"@type\":\"SearchAction\",\"target\":{\"@type\":\"EntryPoint\",\"urlTemplate\":\"https:\/\/www.activasalut.com\/ca\/?s={search_term_string}\"},\"query-input\":\"required name=search_term_string\"}],\"inLanguage\":\"ca\"},{\"@type\":\"Person\",\"@id\":\"https:\/\/www.activasalut.com\/ca\/#\/schema\/person\/4f158064a246edfeb8d708504799e649\",\"name\":\"Xantal Anglada\",\"image\":{\"@type\":\"ImageObject\",\"inLanguage\":\"ca\",\"@id\":\"https:\/\/www.activasalut.com\/ca\/#\/schema\/person\/image\/\",\"url\":\"https:\/\/secure.gravatar.com\/avatar\/b3a4d70661157c32f8919caad7f4c983?s=96&d=mm&r=g\",\"contentUrl\":\"https:\/\/secure.gravatar.com\/avatar\/b3a4d70661157c32f8919caad7f4c983?s=96&d=mm&r=g\",\"caption\":\"Xantal Anglada\"},\"description\":\"Fisioterapeuta i neurorehabilitadora\",\"url\":\"https:\/\/www.activasalut.com\/ca\/author\/xantal-anglada\/\"}]}<\/script>\n<!-- \/ Yoast SEO plugin. -->","yoast_head_json":{"title":"Musicoter\u00e0pia i enfermetat d'Alzheimer","robots":{"index":"index","follow":"follow","max-snippet":"max-snippet:-1","max-image-preview":"max-image-preview:large","max-video-preview":"max-video-preview:-1"},"canonical":"https:\/\/www.activasalut.com\/ca\/musicoterapia-i-enfermetat-dalzheimer\/","og_locale":"ca_ES","og_type":"article","og_title":"Musicoter\u00e0pia i enfermetat d'Alzheimer","og_description":"Com influeix la m\u00fasica a les persones amb la Malaltia d\u2019Alzheimer? La Malaltia d\u2019Alzheimer (MA) \u00e9s la dem\u00e8ncia m\u00e9s comuna i afecta majorit\u00e0riament aLlegeix m\u00e9s...","og_url":"https:\/\/www.activasalut.com\/ca\/musicoterapia-i-enfermetat-dalzheimer\/","og_site_name":"Corporaci\u00f3 Fisiogesti\u00f3","article_published_time":"2021-09-21T10:25:11+00:00","article_modified_time":"2021-10-08T08:04:48+00:00","og_image":[{"width":1600,"height":1423,"url":"https:\/\/www.activasalut.com\/wp-content\/uploads\/2021\/09\/WhatsApp-Image-2021-09-20-at-15.01.07.jpeg","type":"image\/jpeg"}],"author":"Xantal Anglada","twitter_misc":{"Escrit per":"Xantal Anglada","Temps estimat de lectura":"3 minuts"},"schema":{"@context":"https:\/\/schema.org","@graph":[{"@type":"WebPage","@id":"https:\/\/www.activasalut.com\/ca\/musicoterapia-i-enfermetat-dalzheimer\/","url":"https:\/\/www.activasalut.com\/ca\/musicoterapia-i-enfermetat-dalzheimer\/","name":"Musicoter\u00e0pia i enfermetat d'Alzheimer","isPartOf":{"@id":"https:\/\/www.activasalut.com\/ca\/#website"},"datePublished":"2021-09-21T10:25:11+00:00","dateModified":"2021-10-08T08:04:48+00:00","author":{"@id":"https:\/\/www.activasalut.com\/ca\/#\/schema\/person\/4f158064a246edfeb8d708504799e649"},"breadcrumb":{"@id":"https:\/\/www.activasalut.com\/ca\/musicoterapia-i-enfermetat-dalzheimer\/#breadcrumb"},"inLanguage":"ca","potentialAction":[{"@type":"ReadAction","target":["https:\/\/www.activasalut.com\/ca\/musicoterapia-i-enfermetat-dalzheimer\/"]}]},{"@type":"BreadcrumbList","@id":"https:\/\/www.activasalut.com\/ca\/musicoterapia-i-enfermetat-dalzheimer\/#breadcrumb","itemListElement":[{"@type":"ListItem","position":1,"name":"Portada","item":"https:\/\/www.activasalut.com\/ca\/"},{"@type":"ListItem","position":2,"name":"Musicoter\u00e0pia i enfermetat d&#8217;Alzheimer"}]},{"@type":"WebSite","@id":"https:\/\/www.activasalut.com\/ca\/#website","url":"https:\/\/www.activasalut.com\/ca\/","name":"Corporaci\u00f3n fisiogesti\u00f3n","description":"Activa la teva salut","potentialAction":[{"@type":"SearchAction","target":{"@type":"EntryPoint","urlTemplate":"https:\/\/www.activasalut.com\/ca\/?s={search_term_string}"},"query-input":"required name=search_term_string"}],"inLanguage":"ca"},{"@type":"Person","@id":"https:\/\/www.activasalut.com\/ca\/#\/schema\/person\/4f158064a246edfeb8d708504799e649","name":"Xantal Anglada","image":{"@type":"ImageObject","inLanguage":"ca","@id":"https:\/\/www.activasalut.com\/ca\/#\/schema\/person\/image\/","url":"https:\/\/secure.gravatar.com\/avatar\/b3a4d70661157c32f8919caad7f4c983?s=96&d=mm&r=g","contentUrl":"https:\/\/secure.gravatar.com\/avatar\/b3a4d70661157c32f8919caad7f4c983?s=96&d=mm&r=g","caption":"Xantal Anglada"},"description":"Fisioterapeuta i neurorehabilitadora","url":"https:\/\/www.activasalut.com\/ca\/author\/xantal-anglada\/"}]}},"_links":{"self":[{"href":"https:\/\/www.activasalut.com\/ca\/wp-json\/wp\/v2\/posts\/8001"}],"collection":[{"href":"https:\/\/www.activasalut.com\/ca\/wp-json\/wp\/v2\/posts"}],"about":[{"href":"https:\/\/www.activasalut.com\/ca\/wp-json\/wp\/v2\/types\/post"}],"author":[{"embeddable":true,"href":"https:\/\/www.activasalut.com\/ca\/wp-json\/wp\/v2\/users\/123"}],"replies":[{"embeddable":true,"href":"https:\/\/www.activasalut.com\/ca\/wp-json\/wp\/v2\/comments?post=8001"}],"version-history":[{"count":3,"href":"https:\/\/www.activasalut.com\/ca\/wp-json\/wp\/v2\/posts\/8001\/revisions"}],"predecessor-version":[{"id":8009,"href":"https:\/\/www.activasalut.com\/ca\/wp-json\/wp\/v2\/posts\/8001\/revisions\/8009"}],"wp:featuredmedia":[{"embeddable":true,"href":"https:\/\/www.activasalut.com\/ca\/wp-json\/wp\/v2\/media\/7972"}],"wp:attachment":[{"href":"https:\/\/www.activasalut.com\/ca\/wp-json\/wp\/v2\/media?parent=8001"}],"wp:term":[{"taxonomy":"category","embeddable":true,"href":"https:\/\/www.activasalut.com\/ca\/wp-json\/wp\/v2\/categories?post=8001"},{"taxonomy":"post_tag","embeddable":true,"href":"https:\/\/www.activasalut.com\/ca\/wp-json\/wp\/v2\/tags?post=8001"}],"curies":[{"name":"wp","href":"https:\/\/api.w.org\/{rel}","templated":true}]}}