{"id":8061,"date":"2021-10-01T14:16:43","date_gmt":"2021-10-01T12:16:43","guid":{"rendered":"https:\/\/www.activasalut.com\/?p=8061"},"modified":"2021-10-01T14:16:44","modified_gmt":"2021-10-01T12:16:44","slug":"tecnica-dels-ganxos","status":"publish","type":"post","link":"https:\/\/www.activasalut.com\/ca\/tecnica-dels-ganxos\/","title":{"rendered":"T\u00e8cnica dels ganxos"},"content":{"rendered":"\n<p>Tamb\u00e9 coneguda com a <strong>fibr\u00f2lisi diacut\u00e0nia<\/strong>, aquest m\u00e8tode va sorgir en els anys posteriors a la II Guerra Mundial a conseq\u00fc\u00e8ncia de l&#8217;evoluci\u00f3 del massatge transvers profund del Dr. Cyriax, un dels seus deixebles, va ser el suec Kurt Ekman qui va inventar inicialment la t\u00e8cnica amb 5 ganxos.<\/p>\n\n\n\n<p>Es tracta d&#8217;una t\u00e8cnica instrumental que consisteix en l&#8217;aplicaci\u00f3 d&#8217;uns ganxos d&#8217;acer inoxidable de diferents grand\u00e0ries sobre la pell del pacient, per a tractar m\u00fasculs, tendons, lligaments&#8230; actuant sobre la f\u00e0scia de manera terap\u00e8utica.<\/p>\n\n\n\n<!--more-->\n\n\n\n<h6>La f\u00e0scia \u00e9s un sistema de teixit connectiu que embolcalla els \u00f2rgans del cos, des dels m\u00fasculs als tendons. \u00c9s com una &#8220;xarxa&#8221; que connecta totes les parts del nostre organisme. <\/h6>\n\n\n\n<div class=\"wp-block-image\"><figure class=\"alignright size-large is-resized\"><a href=\"https:\/\/www.activasalut.com\/wp-content\/uploads\/2021\/09\/WhatsApp-Image-2021-09-30-at-17.05.05.jpeg\"><img decoding=\"async\" loading=\"lazy\" src=\"https:\/\/www.activasalut.com\/wp-content\/uploads\/2021\/09\/WhatsApp-Image-2021-09-30-at-17.05.05-1024x768.jpeg\" alt=\"\" class=\"wp-image-8037\" width=\"256\" height=\"192\" srcset=\"https:\/\/www.activasalut.com\/wp-content\/uploads\/2021\/09\/WhatsApp-Image-2021-09-30-at-17.05.05-1024x768.jpeg 1024w, https:\/\/www.activasalut.com\/wp-content\/uploads\/2021\/09\/WhatsApp-Image-2021-09-30-at-17.05.05-300x225.jpeg 300w, https:\/\/www.activasalut.com\/wp-content\/uploads\/2021\/09\/WhatsApp-Image-2021-09-30-at-17.05.05-768x576.jpeg 768w, https:\/\/www.activasalut.com\/wp-content\/uploads\/2021\/09\/WhatsApp-Image-2021-09-30-at-17.05.05-1536x1152.jpeg 1536w, https:\/\/www.activasalut.com\/wp-content\/uploads\/2021\/09\/WhatsApp-Image-2021-09-30-at-17.05.05.jpeg 2048w\" sizes=\"(max-width: 256px) 100vw, 256px\" \/><\/a><figcaption>Foto: Diferents tipus de ganxos<\/figcaption><\/figure><\/div>\n\n\n\n<p>L&#8217;<strong>objectiu<\/strong> de la t\u00e8cnica <strong>\u00e9s retornar la mobilitat<\/strong> a estructures que l&#8217;han perdut aplicant la t\u00e8cnica de &#8220;ganxeig&#8221;, que permet arribar a plans m\u00e9s profunds, i <strong>eliminar les adher\u00e8ncies<\/strong> entre el m\u00fascul i la f\u00e0scia permetent allargar les fibres sense traspassar la pell.<\/p>\n\n\n\n<p>Aquesta t\u00e8cnica permet alliberar aquests punts de fixaci\u00f3 per a <strong>reequilibrar les tensions<\/strong> de manera precisa, r\u00e0pida i duradora per a acabar aconseguint de nou la mobilitat i l&#8217;elasticitat perduda d&#8217;aquests teixits.<\/p>\n\n\n\n<p>Per\u00f2 no sols hi ha un efecte d&#8217;alliberament, sin\u00f3 que es millora i s&#8217;estimula la circulaci\u00f3 sangu\u00ednia i limf\u00e0tica amb el benefici que aix\u00f2 comporta.<\/p>\n\n\n\n<p>Segons la meva pr\u00e0ctica cl\u00ednica funciona molt b\u00e9 en epicondilitis, tendinitis i fasci\u00eftis plantars rebels que no milloren amb el tractament convencional.<\/p>\n\n\n\n<div class=\"wp-block-image\"><figure class=\"aligncenter size-large\"><a href=\"https:\/\/www.activasalut.com\/wp-content\/uploads\/2021\/09\/WhatsApp-Image-2021-09-30-at-17.05.06.jpeg\"><img decoding=\"async\" loading=\"lazy\" width=\"1024\" height=\"768\" src=\"https:\/\/www.activasalut.com\/wp-content\/uploads\/2021\/09\/WhatsApp-Image-2021-09-30-at-17.05.06-1024x768.jpeg\" alt=\"\" class=\"wp-image-8039\" srcset=\"https:\/\/www.activasalut.com\/wp-content\/uploads\/2021\/09\/WhatsApp-Image-2021-09-30-at-17.05.06-1024x768.jpeg 1024w, https:\/\/www.activasalut.com\/wp-content\/uploads\/2021\/09\/WhatsApp-Image-2021-09-30-at-17.05.06-300x225.jpeg 300w, https:\/\/www.activasalut.com\/wp-content\/uploads\/2021\/09\/WhatsApp-Image-2021-09-30-at-17.05.06-768x576.jpeg 768w, https:\/\/www.activasalut.com\/wp-content\/uploads\/2021\/09\/WhatsApp-Image-2021-09-30-at-17.05.06-1536x1152.jpeg 1536w, https:\/\/www.activasalut.com\/wp-content\/uploads\/2021\/09\/WhatsApp-Image-2021-09-30-at-17.05.06.jpeg 2048w\" sizes=\"(max-width: 1024px) 100vw, 1024px\" \/><\/a><figcaption>Foto: Tractament de fasci\u00eftis plantar<\/figcaption><\/figure><\/div>\n\n\n\n<p>M&#8217;agradaria acabar afegint, que \u00e9s una de les t\u00e8cniques que m\u00e9s r\u00e0pids resultats dona en unes certes lesions, per\u00f2 que no substitueix a cap d&#8217;elles. Pel que cal acompanyar la sessi\u00f3 de ganxos amb estiraments, exercicis espec\u00edfics, etc. En l&#8217;\u00e0mbit esportiu \u00e9s una t\u00e8cnica molt utilitzada.<\/p>\n\n\n\n<h6>Finalment, recordar que aquesta t\u00e8cnica ha de ser aplicada per un fisioterapeuta format en la mat\u00e8ria, per a assegurar que el tractament es realitza de manera correcta i efectiva<\/h6>\n\n\n\n<figure class=\"wp-block-video aligncenter\"><video controls src=\"https:\/\/www.activasalut.com\/wp-content\/uploads\/2021\/10\/WhatsApp-Video-2021-10-01-at-12.48.07-1.mp4\"><\/video><figcaption> V\u00eddeo: Tractament de fasci\u00eftis plantar al centre de Roger de Ll\u00faria <\/figcaption><\/figure>\n\n\n\n<h2>Pots consultar els nostres serveis de <a href=\"https:\/\/www.fisiogestion.com\/ca\/servicios-en-centros\/fisioterapia\/\">fisioter\u00e0pia <\/a>a la nostre xarxa de <a href=\"https:\/\/www.fisiogestion.com\/ca\/centros\/\">centres <\/a>o omplir aquest formulari i et contactarem.<\/h2>\n\n\n\n<div class=\"wp-block-contact-form-7-contact-form-selector\">\n<div class=\"wpcf7 no-js\" id=\"wpcf7-f5295-o1\" lang=\"es-ES\" dir=\"ltr\">\n<div class=\"screen-reader-response\"><p role=\"status\" aria-live=\"polite\" aria-atomic=\"true\"><\/p> <ul><\/ul><\/div>\n<form action=\"\/ca\/wp-json\/wp\/v2\/posts\/8061#wpcf7-f5295-o1\" method=\"post\" class=\"wpcf7-form init\" aria-label=\"Formulario de contacto\" novalidate=\"novalidate\" data-status=\"init\">\n<div style=\"display: none;\">\n<input type=\"hidden\" name=\"_wpcf7\" value=\"5295\" \/>\n<input type=\"hidden\" name=\"_wpcf7_version\" value=\"5.7.3\" \/>\n<input type=\"hidden\" name=\"_wpcf7_locale\" value=\"es_ES\" \/>\n<input type=\"hidden\" name=\"_wpcf7_unit_tag\" value=\"wpcf7-f5295-o1\" \/>\n<input type=\"hidden\" name=\"_wpcf7_container_post\" value=\"0\" \/>\n<input type=\"hidden\" name=\"_wpcf7_posted_data_hash\" value=\"\" \/>\n<input type=\"hidden\" name=\"_wpcf7_recaptcha_response\" value=\"\" \/>\n<\/div>\n<div class=\"wpcf7-response-output\" aria-hidden=\"true\"><\/div>\n<div class='comment-form'>\n\t<ul class=\"comment-form-inputs\">\n\t\n\t<span class=\"wpcf7-form-control-wrap\" data-name=\"nombre\"><input size=\"40\" class=\"wpcf7-form-control wpcf7-text wpcf7-validates-as-required\" id=\"nom\" aria-required=\"true\" aria-invalid=\"false\" placeholder=\"Nom (requerit)\" value=\"\" type=\"text\" name=\"nombre\" \/><\/span>\n\t\n \n\t\t<span class=\"wpcf7-form-control-wrap\" data-name=\"cognoms\"><input size=\"40\" class=\"wpcf7-form-control wpcf7-text wpcf7-validates-as-required\" id=\"aombre\" aria-required=\"true\" aria-invalid=\"false\" placeholder=\"Cognoms (requerit)\" value=\"\" type=\"text\" name=\"cognoms\" \/><\/span>\n\t\n\t\n\t\t<span class=\"wpcf7-form-control-wrap\" data-name=\"email\"><input size=\"40\" class=\"wpcf7-form-control wpcf7-text wpcf7-email wpcf7-validates-as-required wpcf7-validates-as-email\" id=\"email\" aria-required=\"true\" aria-invalid=\"false\" placeholder=\"Email (requerit)\" value=\"\" type=\"email\" name=\"email\" \/><\/span>\n\t\n\t\n\t\t[tel* tel\u00e8fon id:telefono placeholder \"Tel\u00e8fon (requerit)\"]\n\t<\/ul>\n\t<p><span class=\"wpcf7-form-control-wrap\" data-name=\"mensaje\"><textarea cols=\"39\" rows=\"10\" class=\"wpcf7-form-control wpcf7-textarea wpcf7-validates-as-required\" id=\"mensaje\" aria-required=\"true\" aria-invalid=\"false\" placeholder=\"Missatge (requerit)\" name=\"mensaje\"><\/textarea><\/span>\n\t<\/p>\n\t<p class=\"form-submit\"><input class=\"wpcf7-form-control has-spinner wpcf7-submit\" type=\"submit\" value=\"Enviar\" \/>\n\t<\/p>\n<\/div>\n<p style=\"text-align:justify; color:#383838;\">\n<\/p>\n<p><em>L\u2019informem que les dades recollides al present formulari, seran tractades per Corporaci\u00f3 d'Administraci\u00f3 Sanit\u00e0ria A.I.E., per poder atendre i donar resposta a la seva sol\u00b7licitud d\u2018informaci\u00f3. Si necessita m\u00e9s informaci\u00f3 o vol exercir els seus drets sobre aquestes dades consulti la nostra <a href=\"https:\/\/www.fisiogestion.com\/ca\/politica-privacidad\/\">Pol\u00edtica de Privacitat<\/a>.<\/em>\n<\/p>\n<\/form>\n<\/div>\n<\/div>\n","protected":false},"excerpt":{"rendered":"<p>Tamb\u00e9 coneguda com a fibr\u00f2lisi diacut\u00e0nia, aquest m\u00e8tode va sorgir en els anys posteriors a la II Guerra Mundial a conseq\u00fc\u00e8ncia de l&#8217;evoluci\u00f3 del<a class=\"moretag\" href=\"https:\/\/www.activasalut.com\/ca\/tecnica-dels-ganxos\/\">Llegeix m\u00e9s&#8230;<\/a><\/p>\n","protected":false},"author":77,"featured_media":8045,"comment_status":"open","ping_status":"closed","sticky":false,"template":"","format":"standard","meta":[],"categories":[610],"tags":[1466,854,1577],"yoast_head":"<!-- This site is optimized with the Yoast SEO plugin v20.0 - https:\/\/yoast.com\/wordpress\/plugins\/seo\/ -->\n<title>T\u00e8cnica dels ganxos<\/title>\n<meta name=\"robots\" content=\"index, follow, max-snippet:-1, max-image-preview:large, max-video-preview:-1\" \/>\n<link rel=\"canonical\" href=\"https:\/\/www.activasalut.com\/ca\/tecnica-dels-ganxos\/\" \/>\n<meta property=\"og:locale\" content=\"ca_ES\" \/>\n<meta property=\"og:type\" content=\"article\" \/>\n<meta property=\"og:title\" content=\"T\u00e8cnica dels ganxos\" \/>\n<meta property=\"og:description\" content=\"Tamb\u00e9 coneguda com a fibr\u00f2lisi diacut\u00e0nia, aquest m\u00e8tode va sorgir en els anys posteriors a la II Guerra Mundial a conseq\u00fc\u00e8ncia de l&#8217;evoluci\u00f3 delLlegeix m\u00e9s...\" \/>\n<meta property=\"og:url\" content=\"https:\/\/www.activasalut.com\/ca\/tecnica-dels-ganxos\/\" \/>\n<meta property=\"og:site_name\" content=\"Corporaci\u00f3 Fisiogesti\u00f3\" \/>\n<meta property=\"article:published_time\" content=\"2021-10-01T12:16:43+00:00\" \/>\n<meta property=\"article:modified_time\" content=\"2021-10-01T12:16:44+00:00\" \/>\n<meta property=\"og:image\" content=\"https:\/\/www.activasalut.com\/wp-content\/uploads\/2021\/09\/WhatsApp-Image-2021-09-30-at-17.06.55.jpeg\" \/>\n\t<meta property=\"og:image:width\" content=\"768\" \/>\n\t<meta property=\"og:image:height\" content=\"1024\" \/>\n\t<meta property=\"og:image:type\" content=\"image\/jpeg\" \/>\n<meta name=\"author\" content=\"Administrador Corporaci\u00f3 Fisiogesti\u00f3n\" \/>\n<meta name=\"twitter:label1\" content=\"Escrit per\" \/>\n\t<meta name=\"twitter:data1\" content=\"Administrador Corporaci\u00f3 Fisiogesti\u00f3n\" \/>\n\t<meta name=\"twitter:label2\" content=\"Temps estimat de lectura\" \/>\n\t<meta name=\"twitter:data2\" content=\"2 minuts\" \/>\n<script type=\"application\/ld+json\" class=\"yoast-schema-graph\">{\"@context\":\"https:\/\/schema.org\",\"@graph\":[{\"@type\":\"WebPage\",\"@id\":\"https:\/\/www.activasalut.com\/ca\/tecnica-dels-ganxos\/\",\"url\":\"https:\/\/www.activasalut.com\/ca\/tecnica-dels-ganxos\/\",\"name\":\"T\u00e8cnica dels ganxos\",\"isPartOf\":{\"@id\":\"https:\/\/www.activasalut.com\/ca\/#website\"},\"datePublished\":\"2021-10-01T12:16:43+00:00\",\"dateModified\":\"2021-10-01T12:16:44+00:00\",\"author\":{\"@id\":\"https:\/\/www.activasalut.com\/ca\/#\/schema\/person\/0a5254d0355371677e2b88488b80854b\"},\"breadcrumb\":{\"@id\":\"https:\/\/www.activasalut.com\/ca\/tecnica-dels-ganxos\/#breadcrumb\"},\"inLanguage\":\"ca\",\"potentialAction\":[{\"@type\":\"ReadAction\",\"target\":[\"https:\/\/www.activasalut.com\/ca\/tecnica-dels-ganxos\/\"]}]},{\"@type\":\"BreadcrumbList\",\"@id\":\"https:\/\/www.activasalut.com\/ca\/tecnica-dels-ganxos\/#breadcrumb\",\"itemListElement\":[{\"@type\":\"ListItem\",\"position\":1,\"name\":\"Portada\",\"item\":\"https:\/\/www.activasalut.com\/ca\/\"},{\"@type\":\"ListItem\",\"position\":2,\"name\":\"T\u00e8cnica dels ganxos\"}]},{\"@type\":\"WebSite\",\"@id\":\"https:\/\/www.activasalut.com\/ca\/#website\",\"url\":\"https:\/\/www.activasalut.com\/ca\/\",\"name\":\"Corporaci\u00f3n fisiogesti\u00f3n\",\"description\":\"Activa la teva salut\",\"potentialAction\":[{\"@type\":\"SearchAction\",\"target\":{\"@type\":\"EntryPoint\",\"urlTemplate\":\"https:\/\/www.activasalut.com\/ca\/?s={search_term_string}\"},\"query-input\":\"required name=search_term_string\"}],\"inLanguage\":\"ca\"},{\"@type\":\"Person\",\"@id\":\"https:\/\/www.activasalut.com\/ca\/#\/schema\/person\/0a5254d0355371677e2b88488b80854b\",\"name\":\"Administrador Corporaci\u00f3 Fisiogesti\u00f3n\",\"image\":{\"@type\":\"ImageObject\",\"inLanguage\":\"ca\",\"@id\":\"https:\/\/www.activasalut.com\/ca\/#\/schema\/person\/image\/\",\"url\":\"https:\/\/secure.gravatar.com\/avatar\/60c5d71db8c6977844fa0e908ec50b39?s=96&d=mm&r=g\",\"contentUrl\":\"https:\/\/secure.gravatar.com\/avatar\/60c5d71db8c6977844fa0e908ec50b39?s=96&d=mm&r=g\",\"caption\":\"Administrador Corporaci\u00f3 Fisiogesti\u00f3n\"},\"sameAs\":[\"http:\/\/www.fisiogestion.com\"],\"url\":\"https:\/\/www.activasalut.com\/ca\/author\/adminfisiogestion\/\"}]}<\/script>\n<!-- \/ Yoast SEO plugin. -->","yoast_head_json":{"title":"T\u00e8cnica dels ganxos","robots":{"index":"index","follow":"follow","max-snippet":"max-snippet:-1","max-image-preview":"max-image-preview:large","max-video-preview":"max-video-preview:-1"},"canonical":"https:\/\/www.activasalut.com\/ca\/tecnica-dels-ganxos\/","og_locale":"ca_ES","og_type":"article","og_title":"T\u00e8cnica dels ganxos","og_description":"Tamb\u00e9 coneguda com a fibr\u00f2lisi diacut\u00e0nia, aquest m\u00e8tode va sorgir en els anys posteriors a la II Guerra Mundial a conseq\u00fc\u00e8ncia de l&#8217;evoluci\u00f3 delLlegeix m\u00e9s...","og_url":"https:\/\/www.activasalut.com\/ca\/tecnica-dels-ganxos\/","og_site_name":"Corporaci\u00f3 Fisiogesti\u00f3","article_published_time":"2021-10-01T12:16:43+00:00","article_modified_time":"2021-10-01T12:16:44+00:00","og_image":[{"width":768,"height":1024,"url":"https:\/\/www.activasalut.com\/wp-content\/uploads\/2021\/09\/WhatsApp-Image-2021-09-30-at-17.06.55.jpeg","type":"image\/jpeg"}],"author":"Administrador Corporaci\u00f3 Fisiogesti\u00f3n","twitter_misc":{"Escrit per":"Administrador Corporaci\u00f3 Fisiogesti\u00f3n","Temps estimat de lectura":"2 minuts"},"schema":{"@context":"https:\/\/schema.org","@graph":[{"@type":"WebPage","@id":"https:\/\/www.activasalut.com\/ca\/tecnica-dels-ganxos\/","url":"https:\/\/www.activasalut.com\/ca\/tecnica-dels-ganxos\/","name":"T\u00e8cnica dels ganxos","isPartOf":{"@id":"https:\/\/www.activasalut.com\/ca\/#website"},"datePublished":"2021-10-01T12:16:43+00:00","dateModified":"2021-10-01T12:16:44+00:00","author":{"@id":"https:\/\/www.activasalut.com\/ca\/#\/schema\/person\/0a5254d0355371677e2b88488b80854b"},"breadcrumb":{"@id":"https:\/\/www.activasalut.com\/ca\/tecnica-dels-ganxos\/#breadcrumb"},"inLanguage":"ca","potentialAction":[{"@type":"ReadAction","target":["https:\/\/www.activasalut.com\/ca\/tecnica-dels-ganxos\/"]}]},{"@type":"BreadcrumbList","@id":"https:\/\/www.activasalut.com\/ca\/tecnica-dels-ganxos\/#breadcrumb","itemListElement":[{"@type":"ListItem","position":1,"name":"Portada","item":"https:\/\/www.activasalut.com\/ca\/"},{"@type":"ListItem","position":2,"name":"T\u00e8cnica dels ganxos"}]},{"@type":"WebSite","@id":"https:\/\/www.activasalut.com\/ca\/#website","url":"https:\/\/www.activasalut.com\/ca\/","name":"Corporaci\u00f3n fisiogesti\u00f3n","description":"Activa la teva salut","potentialAction":[{"@type":"SearchAction","target":{"@type":"EntryPoint","urlTemplate":"https:\/\/www.activasalut.com\/ca\/?s={search_term_string}"},"query-input":"required name=search_term_string"}],"inLanguage":"ca"},{"@type":"Person","@id":"https:\/\/www.activasalut.com\/ca\/#\/schema\/person\/0a5254d0355371677e2b88488b80854b","name":"Administrador Corporaci\u00f3 Fisiogesti\u00f3n","image":{"@type":"ImageObject","inLanguage":"ca","@id":"https:\/\/www.activasalut.com\/ca\/#\/schema\/person\/image\/","url":"https:\/\/secure.gravatar.com\/avatar\/60c5d71db8c6977844fa0e908ec50b39?s=96&d=mm&r=g","contentUrl":"https:\/\/secure.gravatar.com\/avatar\/60c5d71db8c6977844fa0e908ec50b39?s=96&d=mm&r=g","caption":"Administrador Corporaci\u00f3 Fisiogesti\u00f3n"},"sameAs":["http:\/\/www.fisiogestion.com"],"url":"https:\/\/www.activasalut.com\/ca\/author\/adminfisiogestion\/"}]}},"_links":{"self":[{"href":"https:\/\/www.activasalut.com\/ca\/wp-json\/wp\/v2\/posts\/8061"}],"collection":[{"href":"https:\/\/www.activasalut.com\/ca\/wp-json\/wp\/v2\/posts"}],"about":[{"href":"https:\/\/www.activasalut.com\/ca\/wp-json\/wp\/v2\/types\/post"}],"author":[{"embeddable":true,"href":"https:\/\/www.activasalut.com\/ca\/wp-json\/wp\/v2\/users\/77"}],"replies":[{"embeddable":true,"href":"https:\/\/www.activasalut.com\/ca\/wp-json\/wp\/v2\/comments?post=8061"}],"version-history":[{"count":3,"href":"https:\/\/www.activasalut.com\/ca\/wp-json\/wp\/v2\/posts\/8061\/revisions"}],"predecessor-version":[{"id":8064,"href":"https:\/\/www.activasalut.com\/ca\/wp-json\/wp\/v2\/posts\/8061\/revisions\/8064"}],"wp:featuredmedia":[{"embeddable":true,"href":"https:\/\/www.activasalut.com\/ca\/wp-json\/wp\/v2\/media\/8045"}],"wp:attachment":[{"href":"https:\/\/www.activasalut.com\/ca\/wp-json\/wp\/v2\/media?parent=8061"}],"wp:term":[{"taxonomy":"category","embeddable":true,"href":"https:\/\/www.activasalut.com\/ca\/wp-json\/wp\/v2\/categories?post=8061"},{"taxonomy":"post_tag","embeddable":true,"href":"https:\/\/www.activasalut.com\/ca\/wp-json\/wp\/v2\/tags?post=8061"}],"curies":[{"name":"wp","href":"https:\/\/api.w.org\/{rel}","templated":true}]}}