{"id":8082,"date":"2021-10-08T13:02:32","date_gmt":"2021-10-08T11:02:32","guid":{"rendered":"https:\/\/www.activasalut.com\/?p=8082"},"modified":"2021-10-08T13:02:34","modified_gmt":"2021-10-08T11:02:34","slug":"dislalia-que-es","status":"publish","type":"post","link":"https:\/\/www.activasalut.com\/ca\/dislalia-que-es\/","title":{"rendered":"Disl\u00e0lia. Qu\u00e8 \u00e9s?"},"content":{"rendered":"\n<h2>Que \u00e9s una Disl\u00e0lia? Sabeu qu\u00e8 vol dir aquesta paraula?<\/h2>\n\n\n\n<p>Quan parlem d\u2019una Disl\u00e0lia, fem refer\u00e8ncia a la dificultat a l&#8217;hora de pronunciar algun fonema en concret.<\/p>\n\n\n\n<p>La realitat \u00e9s que podem trobar diverses disl\u00e0lies, aix\u00ed i tot en aquest \u201cpost\u201d parlarem d\u2019una de les m\u00e9s comunes, com \u00e9s, la dificultat per la pronunciaci\u00f3 del fonema \/<strong>R<\/strong>\/, aquesta dificultat es coneix amb el nom de&nbsp; <strong>ROTACISME<\/strong>.<\/p>\n\n\n\n<!--more-->\n\n\n\n<div class=\"wp-block-image\"><figure class=\"aligncenter size-large is-resized\"><a href=\"https:\/\/www.activasalut.com\/wp-content\/uploads\/2021\/10\/1-scaled.jpg\"><img decoding=\"async\" loading=\"lazy\" src=\"https:\/\/www.activasalut.com\/wp-content\/uploads\/2021\/10\/1-1024x683.jpg\" alt=\"\" class=\"wp-image-8073\" width=\"768\" height=\"512\" srcset=\"https:\/\/www.activasalut.com\/wp-content\/uploads\/2021\/10\/1-1024x683.jpg 1024w, https:\/\/www.activasalut.com\/wp-content\/uploads\/2021\/10\/1-300x200.jpg 300w, https:\/\/www.activasalut.com\/wp-content\/uploads\/2021\/10\/1-768x512.jpg 768w, https:\/\/www.activasalut.com\/wp-content\/uploads\/2021\/10\/1-1536x1025.jpg 1536w, https:\/\/www.activasalut.com\/wp-content\/uploads\/2021\/10\/1-2048x1366.jpg 2048w, https:\/\/www.activasalut.com\/wp-content\/uploads\/2021\/10\/1-604x402.jpg 604w\" sizes=\"(max-width: 768px) 100vw, 768px\" \/><\/a><\/figure><\/div>\n\n\n\n<h2>Quines s\u00f3n les causes d\u2019una disl\u00e0lia?<\/h2>\n\n\n\n<p>El Rotacisme pot ser causat per:<\/p>\n\n\n\n<ol type=\"1\"><li>Falta de for\u00e7a en la musculatura orofacial<\/li><li>Desconeixement del punt d\u2019articulaci\u00f3<\/li><\/ol>\n\n\n\n<p><em>O b\u00e9 per una combinaci\u00f3 d\u2019aquestes dues causes!!! <\/em><em>&nbsp;&nbsp;&nbsp;<\/em><\/p>\n\n\n\n<h2>Qu\u00e8 podem fer a casa per a treballar i refor\u00e7ar aquesta dificultat?<\/h2>\n\n\n\n<div class=\"wp-block-image\"><figure class=\"aligncenter size-full\"><a href=\"https:\/\/www.activasalut.com\/wp-content\/uploads\/2021\/10\/ejercicios.jpg\"><img decoding=\"async\" loading=\"lazy\" width=\"408\" height=\"234\" src=\"https:\/\/www.activasalut.com\/wp-content\/uploads\/2021\/10\/ejercicios.jpg\" alt=\"\" class=\"wp-image-8070\" srcset=\"https:\/\/www.activasalut.com\/wp-content\/uploads\/2021\/10\/ejercicios.jpg 408w, https:\/\/www.activasalut.com\/wp-content\/uploads\/2021\/10\/ejercicios-300x172.jpg 300w\" sizes=\"(max-width: 408px) 100vw, 408px\" \/><\/a><\/figure><\/div>\n\n\n\n<h2>EXERCICIS DE TONIFICACI\u00d3 DE LA MUSCULATURA OROFACIAL:<\/h2>\n\n\n\n<ol type=\"1\"><li>Mantenir la llengua en punta sense tocar els llavis ni les dents.<\/li><li>Treure la llengua i amb un depressor fer for\u00e7a cap endins, el nen la fa cap enfora.<\/li><li>Fer for\u00e7a amb la llengua per dins de la boca, podem tamb\u00e9 fer for\u00e7a amb els dits per fora de les galtes.<\/li><li>Imitar el soroll d\u2019un cavall amb la llengua enganxada al paladar.<\/li><li>Col\u00b7locar a la punta de la llengua un \u201cLacasito\u201d i fer pressi\u00f3 contra les arrugues del paladar fins que el \u201cLacasito\u201d es desfaci.<\/li><\/ol>\n\n\n\n<div class=\"wp-block-image\"><figure class=\"alignleft size-full\"><a href=\"https:\/\/www.activasalut.com\/wp-content\/uploads\/2021\/10\/4.jpg\"><img decoding=\"async\" loading=\"lazy\" width=\"763\" height=\"190\" src=\"https:\/\/www.activasalut.com\/wp-content\/uploads\/2021\/10\/4.jpg\" alt=\"\" class=\"wp-image-8084\" srcset=\"https:\/\/www.activasalut.com\/wp-content\/uploads\/2021\/10\/4.jpg 763w, https:\/\/www.activasalut.com\/wp-content\/uploads\/2021\/10\/4-300x75.jpg 300w\" sizes=\"(max-width: 763px) 100vw, 763px\" \/><\/a><\/figure><\/div>\n\n\n\n<p><\/p>\n\n\n\n<p><\/p>\n\n\n\n<p><\/p>\n\n\n\n<h2>EXERCICIS DE POSICI\u00d3 LINGUAL:<\/h2>\n\n\n\n<p>Es tracta d\u2019exercicis per a familiaritzar-nos amb el lloc on hem de col\u00b7locar la llengua.<br>&nbsp;<br><strong>\u201cR\u201d suau<\/strong><br>Repeticions:<br>\u00b7&nbsp;&nbsp;&nbsp;&nbsp;&nbsp;&nbsp;&nbsp;&nbsp; Ar Ar Ar &#8211; Er Er Er &#8211; Ir Ir Ir &#8211; Or Or Or &#8211; Ur Ur Ur<br>\u00b7&nbsp;&nbsp;&nbsp;&nbsp;&nbsp;&nbsp;&nbsp;&nbsp; Arar Arar Arar &#8211; Erer Erer Erer &#8211; Irir Irir Irir &#8211; Oror Oror Oror &#8211; Urur Urur Urur<br>\u00b7&nbsp;&nbsp;&nbsp;&nbsp;&nbsp;&nbsp;&nbsp;&nbsp; Ararar Ararar Ararar &#8211; Ererer Ererer Ererer &#8211; Iririr Iririr Iririr &#8211; Ororor Ororor Ororor &#8211;&nbsp; Ururur Ururur Ururur<br><strong>Anomenar paraules amb \u201cR\u201d suau:<\/strong><br>\u00b7&nbsp;&nbsp;&nbsp;&nbsp;&nbsp;&nbsp;&nbsp;&nbsp; Mare \u2013 Suro \u2013 Paraula \u2013 Cara \u2013 Maria \u2013 Lloro \u2013 Pare&#8230;<br>&nbsp;<br><strong>\u201cR\u201d forta<\/strong><br>Repeticions:<br>\u00b7&nbsp;&nbsp;&nbsp;&nbsp;&nbsp;&nbsp;&nbsp;&nbsp; ARRRR &#8211; ERRRR &#8211; IRRRR &#8211; ORRRR &#8211; URRRR<br>\u00b7&nbsp;&nbsp;&nbsp;&nbsp;&nbsp;&nbsp;&nbsp;&nbsp; ARRAR &#8211; ERRER &#8211; IRRIR &#8211; ORROR &#8211; URRUR<br>\u00b7&nbsp;&nbsp;&nbsp;&nbsp;&nbsp;&nbsp;&nbsp;&nbsp; ARRARRAR &#8211; ERRERRER &#8211; IRRIRRIR &#8211; ORRORROR &#8211;&nbsp; URRURRUR<br>\u00b7&nbsp;&nbsp;&nbsp;&nbsp;&nbsp;&nbsp;&nbsp;&nbsp; RIIIIIIIING \u2013 ROOOOONG \u2013 RIIIIIIIING &#8211; ROOOOOONG<br><strong>Anomenar paraules amb \u201cR\u201d forta:<\/strong><br>\u00b7&nbsp;&nbsp;&nbsp;&nbsp;&nbsp;&nbsp;&nbsp;&nbsp; Res \u2013 Parra \u2013 Rosa \u2013 Carret\u00f3 \u2013 Barrera \u2013 Garrafa \u2013 Sorra&#8230;<\/p>\n\n\n\n<figure class=\"wp-block-image size-large is-resized\"><a href=\"https:\/\/www.activasalut.com\/wp-content\/uploads\/2021\/10\/3-scaled.jpg\"><img decoding=\"async\" loading=\"lazy\" src=\"https:\/\/www.activasalut.com\/wp-content\/uploads\/2021\/10\/3-1024x683.jpg\" alt=\"\" class=\"wp-image-8077\" width=\"768\" height=\"512\" srcset=\"https:\/\/www.activasalut.com\/wp-content\/uploads\/2021\/10\/3-1024x683.jpg 1024w, https:\/\/www.activasalut.com\/wp-content\/uploads\/2021\/10\/3-300x200.jpg 300w, https:\/\/www.activasalut.com\/wp-content\/uploads\/2021\/10\/3-768x512.jpg 768w, https:\/\/www.activasalut.com\/wp-content\/uploads\/2021\/10\/3-1536x1024.jpg 1536w, https:\/\/www.activasalut.com\/wp-content\/uploads\/2021\/10\/3-2048x1365.jpg 2048w, https:\/\/www.activasalut.com\/wp-content\/uploads\/2021\/10\/3-604x402.jpg 604w\" sizes=\"(max-width: 768px) 100vw, 768px\" \/><\/a><\/figure>\n\n\n\n<div style=\"height:61px\" aria-hidden=\"true\" class=\"wp-block-spacer\"><\/div>\n\n\n\n<h3>Consulta en la nostra&nbsp;<a href=\"https:\/\/www.fisiogestion.com\/ca\/centros\/\">xarxa de centres<\/a>&nbsp;per a realitzar una consulta o tractament de&nbsp;<a href=\"https:\/\/www.fisiogestion.com\/ca\/servicios-en-centros\/servicios-logopedia\/\">logop\u00e8dia<\/a>.<\/h3>\n\n\n\n<h3>Si ho prefereixes emplena aquest formulari i et contactarem per a informar-te.<\/h3>\n\n\n\n<div class=\"wp-block-contact-form-7-contact-form-selector\">\n<div class=\"wpcf7 no-js\" id=\"wpcf7-f5253-o1\" lang=\"es-ES\" dir=\"ltr\">\n<div class=\"screen-reader-response\"><p role=\"status\" aria-live=\"polite\" aria-atomic=\"true\"><\/p> <ul><\/ul><\/div>\n<form action=\"\/ca\/wp-json\/wp\/v2\/posts\/8082#wpcf7-f5253-o1\" method=\"post\" class=\"wpcf7-form init\" aria-label=\"Formulario de contacto\" novalidate=\"novalidate\" data-status=\"init\">\n<div style=\"display: none;\">\n<input type=\"hidden\" name=\"_wpcf7\" value=\"5253\" \/>\n<input type=\"hidden\" name=\"_wpcf7_version\" value=\"5.7.3\" \/>\n<input type=\"hidden\" name=\"_wpcf7_locale\" value=\"es_ES\" \/>\n<input type=\"hidden\" name=\"_wpcf7_unit_tag\" value=\"wpcf7-f5253-o1\" \/>\n<input type=\"hidden\" name=\"_wpcf7_container_post\" value=\"0\" \/>\n<input type=\"hidden\" name=\"_wpcf7_posted_data_hash\" value=\"\" \/>\n<input type=\"hidden\" name=\"_wpcf7_recaptcha_response\" value=\"\" \/>\n<\/div>\n<div class=\"wpcf7-response-output\" aria-hidden=\"true\"><\/div>\n<div class='comment-form'>\n\t<div class=\"comment-form-inputs\">\n\t\t<p><span class=\"wpcf7-form-control-wrap\" data-name=\"nombre\"><input size=\"40\" class=\"wpcf7-form-control wpcf7-text wpcf7-validates-as-required\" id=\"nombre\" aria-required=\"true\" aria-invalid=\"false\" placeholder=\"Nom (requerit)\" value=\"\" type=\"text\" name=\"nombre\" \/><\/span>\n\t\t<\/p>\n\t\t<p><span class=\"wpcf7-form-control-wrap\" data-name=\"apellidos\"><input size=\"40\" class=\"wpcf7-form-control wpcf7-text wpcf7-validates-as-required\" id=\"apellidos\" aria-required=\"true\" aria-invalid=\"false\" placeholder=\"Cognoms (requerit)\" value=\"\" type=\"text\" name=\"apellidos\" \/><\/span>\n\t\t<\/p>\n\t\t<p><span class=\"wpcf7-form-control-wrap\" data-name=\"email\"><input size=\"40\" class=\"wpcf7-form-control wpcf7-text wpcf7-email wpcf7-validates-as-required wpcf7-validates-as-email\" id=\"email\" aria-required=\"true\" aria-invalid=\"false\" placeholder=\"Email (requerit)\" value=\"\" type=\"email\" name=\"email\" \/><\/span>\n\t\t<\/p>\n\t\t<p><span class=\"wpcf7-form-control-wrap\" data-name=\"telefono\"><input size=\"40\" class=\"wpcf7-form-control wpcf7-text wpcf7-tel wpcf7-validates-as-required wpcf7-validates-as-tel\" id=\"telefono\" aria-required=\"true\" aria-invalid=\"false\" placeholder=\"Tel\u00e8fon (requerit)\" value=\"\" type=\"tel\" name=\"telefono\" \/><\/span>\n\t\t<\/p>\n\t<\/div>\n\t<p><span class=\"wpcf7-form-control-wrap\" data-name=\"mensaje\"><textarea cols=\"39\" rows=\"10\" class=\"wpcf7-form-control wpcf7-textarea wpcf7-validates-as-required\" id=\"mensaje\" aria-required=\"true\" aria-invalid=\"false\" placeholder=\"Missatge (requerit)\" name=\"mensaje\"><\/textarea><\/span>\n\t<\/p>\n\t<p class=\"form-submit\"><input class=\"wpcf7-form-control has-spinner wpcf7-submit\" type=\"submit\" value=\"Enviar\" \/>\n\t<\/p>\n<\/div>\n<p style=\"text-align:justify; color:#383838;\"><br \/>\n<em>L\u2019informem que les dades recollides al present formulari, seran tractades per Corporaci\u00f3 d'Administraci\u00f3 Sanit\u00e0ria A.I.E., per poder atendre i donar resposta a la seva sol\u00b7licitud d\u2018informaci\u00f3. Si necessita m\u00e9s informaci\u00f3 o vol exercir els seus drets sobre aquestes dades consulti la nostra <a href=\"https:\/\/www.fisiogestion.com\/ca\/politica-privacidad\/\">Pol\u00edtica de Privacitat<\/a>.<\/em>\n<\/p>\n<\/form>\n<\/div>\n<\/div>\n","protected":false},"excerpt":{"rendered":"<p>Que \u00e9s una Disl\u00e0lia? Sabeu qu\u00e8 vol dir aquesta paraula? Quan parlem d\u2019una Disl\u00e0lia, fem refer\u00e8ncia a la dificultat a l&#8217;hora de pronunciar algun<a class=\"moretag\" href=\"https:\/\/www.activasalut.com\/ca\/dislalia-que-es\/\">Llegeix m\u00e9s&#8230;<\/a><\/p>\n","protected":false},"author":124,"featured_media":8073,"comment_status":"open","ping_status":"closed","sticky":false,"template":"","format":"standard","meta":[],"categories":[591,581,611],"tags":[2441,1620,1107],"yoast_head":"<!-- This site is optimized with the Yoast SEO plugin v20.0 - https:\/\/yoast.com\/wordpress\/plugins\/seo\/ -->\n<title>Disl\u00e0lia. Qu\u00e8 \u00e9s?<\/title>\n<meta name=\"robots\" content=\"index, follow, max-snippet:-1, max-image-preview:large, max-video-preview:-1\" \/>\n<link rel=\"canonical\" href=\"https:\/\/www.activasalut.com\/ca\/dislalia-que-es\/\" \/>\n<meta property=\"og:locale\" content=\"ca_ES\" \/>\n<meta property=\"og:type\" content=\"article\" \/>\n<meta property=\"og:title\" content=\"Disl\u00e0lia. Qu\u00e8 \u00e9s?\" \/>\n<meta property=\"og:description\" content=\"Que \u00e9s una Disl\u00e0lia? Sabeu qu\u00e8 vol dir aquesta paraula? Quan parlem d\u2019una Disl\u00e0lia, fem refer\u00e8ncia a la dificultat a l&#8217;hora de pronunciar algunLlegeix m\u00e9s...\" \/>\n<meta property=\"og:url\" content=\"https:\/\/www.activasalut.com\/ca\/dislalia-que-es\/\" \/>\n<meta property=\"og:site_name\" content=\"Corporaci\u00f3 Fisiogesti\u00f3\" \/>\n<meta property=\"article:published_time\" content=\"2021-10-08T11:02:32+00:00\" \/>\n<meta property=\"article:modified_time\" content=\"2021-10-08T11:02:34+00:00\" \/>\n<meta property=\"og:image\" content=\"https:\/\/www.activasalut.com\/wp-content\/uploads\/2021\/10\/1-scaled.jpg\" \/>\n\t<meta property=\"og:image:width\" content=\"2560\" \/>\n\t<meta property=\"og:image:height\" content=\"1708\" \/>\n\t<meta property=\"og:image:type\" content=\"image\/jpeg\" \/>\n<meta name=\"author\" content=\"Anabel Liranzo Clara Pradells\" \/>\n<meta name=\"twitter:label1\" content=\"Escrit per\" \/>\n\t<meta name=\"twitter:data1\" content=\"Anabel Liranzo Clara Pradells\" \/>\n\t<meta name=\"twitter:label2\" content=\"Temps estimat de lectura\" \/>\n\t<meta name=\"twitter:data2\" content=\"3 minuts\" \/>\n<script type=\"application\/ld+json\" class=\"yoast-schema-graph\">{\"@context\":\"https:\/\/schema.org\",\"@graph\":[{\"@type\":\"WebPage\",\"@id\":\"https:\/\/www.activasalut.com\/ca\/dislalia-que-es\/\",\"url\":\"https:\/\/www.activasalut.com\/ca\/dislalia-que-es\/\",\"name\":\"Disl\u00e0lia. Qu\u00e8 \u00e9s?\",\"isPartOf\":{\"@id\":\"https:\/\/www.activasalut.com\/ca\/#website\"},\"datePublished\":\"2021-10-08T11:02:32+00:00\",\"dateModified\":\"2021-10-08T11:02:34+00:00\",\"author\":{\"@id\":\"https:\/\/www.activasalut.com\/ca\/#\/schema\/person\/50ad8635308a7be3cf1771cfd06fe735\"},\"breadcrumb\":{\"@id\":\"https:\/\/www.activasalut.com\/ca\/dislalia-que-es\/#breadcrumb\"},\"inLanguage\":\"ca\",\"potentialAction\":[{\"@type\":\"ReadAction\",\"target\":[\"https:\/\/www.activasalut.com\/ca\/dislalia-que-es\/\"]}]},{\"@type\":\"BreadcrumbList\",\"@id\":\"https:\/\/www.activasalut.com\/ca\/dislalia-que-es\/#breadcrumb\",\"itemListElement\":[{\"@type\":\"ListItem\",\"position\":1,\"name\":\"Portada\",\"item\":\"https:\/\/www.activasalut.com\/ca\/\"},{\"@type\":\"ListItem\",\"position\":2,\"name\":\"Disl\u00e0lia. Qu\u00e8 \u00e9s?\"}]},{\"@type\":\"WebSite\",\"@id\":\"https:\/\/www.activasalut.com\/ca\/#website\",\"url\":\"https:\/\/www.activasalut.com\/ca\/\",\"name\":\"Corporaci\u00f3n fisiogesti\u00f3n\",\"description\":\"Activa la teva salut\",\"potentialAction\":[{\"@type\":\"SearchAction\",\"target\":{\"@type\":\"EntryPoint\",\"urlTemplate\":\"https:\/\/www.activasalut.com\/ca\/?s={search_term_string}\"},\"query-input\":\"required name=search_term_string\"}],\"inLanguage\":\"ca\"},{\"@type\":\"Person\",\"@id\":\"https:\/\/www.activasalut.com\/ca\/#\/schema\/person\/50ad8635308a7be3cf1771cfd06fe735\",\"name\":\"Anabel Liranzo Clara Pradells\",\"image\":{\"@type\":\"ImageObject\",\"inLanguage\":\"ca\",\"@id\":\"https:\/\/www.activasalut.com\/ca\/#\/schema\/person\/image\/\",\"url\":\"https:\/\/secure.gravatar.com\/avatar\/42761b4de15dbac2692306bbeb44b913?s=96&d=mm&r=g\",\"contentUrl\":\"https:\/\/secure.gravatar.com\/avatar\/42761b4de15dbac2692306bbeb44b913?s=96&d=mm&r=g\",\"caption\":\"Anabel Liranzo Clara Pradells\"},\"description\":\"Logopedas en Fisiogesti\u00f3n Diagonal\",\"url\":\"https:\/\/www.activasalut.com\/ca\/author\/anabel-liranzo-y-clara-pradells\/\"}]}<\/script>\n<!-- \/ Yoast SEO plugin. -->","yoast_head_json":{"title":"Disl\u00e0lia. Qu\u00e8 \u00e9s?","robots":{"index":"index","follow":"follow","max-snippet":"max-snippet:-1","max-image-preview":"max-image-preview:large","max-video-preview":"max-video-preview:-1"},"canonical":"https:\/\/www.activasalut.com\/ca\/dislalia-que-es\/","og_locale":"ca_ES","og_type":"article","og_title":"Disl\u00e0lia. Qu\u00e8 \u00e9s?","og_description":"Que \u00e9s una Disl\u00e0lia? Sabeu qu\u00e8 vol dir aquesta paraula? Quan parlem d\u2019una Disl\u00e0lia, fem refer\u00e8ncia a la dificultat a l&#8217;hora de pronunciar algunLlegeix m\u00e9s...","og_url":"https:\/\/www.activasalut.com\/ca\/dislalia-que-es\/","og_site_name":"Corporaci\u00f3 Fisiogesti\u00f3","article_published_time":"2021-10-08T11:02:32+00:00","article_modified_time":"2021-10-08T11:02:34+00:00","og_image":[{"width":2560,"height":1708,"url":"https:\/\/www.activasalut.com\/wp-content\/uploads\/2021\/10\/1-scaled.jpg","type":"image\/jpeg"}],"author":"Anabel Liranzo Clara Pradells","twitter_misc":{"Escrit per":"Anabel Liranzo Clara Pradells","Temps estimat de lectura":"3 minuts"},"schema":{"@context":"https:\/\/schema.org","@graph":[{"@type":"WebPage","@id":"https:\/\/www.activasalut.com\/ca\/dislalia-que-es\/","url":"https:\/\/www.activasalut.com\/ca\/dislalia-que-es\/","name":"Disl\u00e0lia. Qu\u00e8 \u00e9s?","isPartOf":{"@id":"https:\/\/www.activasalut.com\/ca\/#website"},"datePublished":"2021-10-08T11:02:32+00:00","dateModified":"2021-10-08T11:02:34+00:00","author":{"@id":"https:\/\/www.activasalut.com\/ca\/#\/schema\/person\/50ad8635308a7be3cf1771cfd06fe735"},"breadcrumb":{"@id":"https:\/\/www.activasalut.com\/ca\/dislalia-que-es\/#breadcrumb"},"inLanguage":"ca","potentialAction":[{"@type":"ReadAction","target":["https:\/\/www.activasalut.com\/ca\/dislalia-que-es\/"]}]},{"@type":"BreadcrumbList","@id":"https:\/\/www.activasalut.com\/ca\/dislalia-que-es\/#breadcrumb","itemListElement":[{"@type":"ListItem","position":1,"name":"Portada","item":"https:\/\/www.activasalut.com\/ca\/"},{"@type":"ListItem","position":2,"name":"Disl\u00e0lia. Qu\u00e8 \u00e9s?"}]},{"@type":"WebSite","@id":"https:\/\/www.activasalut.com\/ca\/#website","url":"https:\/\/www.activasalut.com\/ca\/","name":"Corporaci\u00f3n fisiogesti\u00f3n","description":"Activa la teva salut","potentialAction":[{"@type":"SearchAction","target":{"@type":"EntryPoint","urlTemplate":"https:\/\/www.activasalut.com\/ca\/?s={search_term_string}"},"query-input":"required name=search_term_string"}],"inLanguage":"ca"},{"@type":"Person","@id":"https:\/\/www.activasalut.com\/ca\/#\/schema\/person\/50ad8635308a7be3cf1771cfd06fe735","name":"Anabel Liranzo Clara Pradells","image":{"@type":"ImageObject","inLanguage":"ca","@id":"https:\/\/www.activasalut.com\/ca\/#\/schema\/person\/image\/","url":"https:\/\/secure.gravatar.com\/avatar\/42761b4de15dbac2692306bbeb44b913?s=96&d=mm&r=g","contentUrl":"https:\/\/secure.gravatar.com\/avatar\/42761b4de15dbac2692306bbeb44b913?s=96&d=mm&r=g","caption":"Anabel Liranzo Clara Pradells"},"description":"Logopedas en Fisiogesti\u00f3n Diagonal","url":"https:\/\/www.activasalut.com\/ca\/author\/anabel-liranzo-y-clara-pradells\/"}]}},"_links":{"self":[{"href":"https:\/\/www.activasalut.com\/ca\/wp-json\/wp\/v2\/posts\/8082"}],"collection":[{"href":"https:\/\/www.activasalut.com\/ca\/wp-json\/wp\/v2\/posts"}],"about":[{"href":"https:\/\/www.activasalut.com\/ca\/wp-json\/wp\/v2\/types\/post"}],"author":[{"embeddable":true,"href":"https:\/\/www.activasalut.com\/ca\/wp-json\/wp\/v2\/users\/124"}],"replies":[{"embeddable":true,"href":"https:\/\/www.activasalut.com\/ca\/wp-json\/wp\/v2\/comments?post=8082"}],"version-history":[{"count":7,"href":"https:\/\/www.activasalut.com\/ca\/wp-json\/wp\/v2\/posts\/8082\/revisions"}],"predecessor-version":[{"id":8093,"href":"https:\/\/www.activasalut.com\/ca\/wp-json\/wp\/v2\/posts\/8082\/revisions\/8093"}],"wp:featuredmedia":[{"embeddable":true,"href":"https:\/\/www.activasalut.com\/ca\/wp-json\/wp\/v2\/media\/8073"}],"wp:attachment":[{"href":"https:\/\/www.activasalut.com\/ca\/wp-json\/wp\/v2\/media?parent=8082"}],"wp:term":[{"taxonomy":"category","embeddable":true,"href":"https:\/\/www.activasalut.com\/ca\/wp-json\/wp\/v2\/categories?post=8082"},{"taxonomy":"post_tag","embeddable":true,"href":"https:\/\/www.activasalut.com\/ca\/wp-json\/wp\/v2\/tags?post=8082"}],"curies":[{"name":"wp","href":"https:\/\/api.w.org\/{rel}","templated":true}]}}