{"id":8119,"date":"2021-10-14T13:41:53","date_gmt":"2021-10-14T11:41:53","guid":{"rendered":"https:\/\/www.activasalut.com\/?p=8119"},"modified":"2021-10-14T13:41:55","modified_gmt":"2021-10-14T11:41:55","slug":"la-visio-i-lesport","status":"publish","type":"post","link":"https:\/\/www.activasalut.com\/ca\/la-visio-i-lesport\/","title":{"rendered":"La visi\u00f3 i l&#8217;esport"},"content":{"rendered":"\n<h4><strong>14 d\u2019octubre 2021 (Dia Mundial de la Visi\u00f3)<\/strong><\/h4>\n\n\n\n<p>Actualment, m\u00e9s de 24 milions de persones majors de 15 anys practiquen esport a Espanya, cosa que suposa que m\u00e9s de la meitat de la poblaci\u00f3 espanyola, fa esport. Aquesta dada no \u00e9s un fenomen a\u00efllat, ja que, des de fa molts anys, la pr\u00e0ctica d&#8217;exercici i esport est\u00e0 experimentant un continu augment en la poblaci\u00f3 en general.<\/p>\n\n\n\n<p>La pr\u00e0ctica de l&#8217;esport \u00e9s una activitat molt saludable que, al costat d&#8217;una dieta equilibrada i a uns bons h\u00e0bits de vida, redunden en el benefici de la nostra salut, sense oblidar-nos tamb\u00e9, dels beneficis que aporta a la nostra <strong>salut visual<\/strong>.<\/p>\n\n\n\n<!--more-->\n\n\n\n<div class=\"wp-block-image\"><figure class=\"aligncenter size-large is-resized\"><a href=\"https:\/\/www.activasalut.com\/wp-content\/uploads\/2021\/10\/THE-YO1-scaled.jpg\"><img decoding=\"async\" loading=\"lazy\" src=\"https:\/\/www.activasalut.com\/wp-content\/uploads\/2021\/10\/THE-YO1-1024x683.jpg\" alt=\"\" class=\"wp-image-8107\" width=\"512\" height=\"342\" srcset=\"https:\/\/www.activasalut.com\/wp-content\/uploads\/2021\/10\/THE-YO1-1024x683.jpg 1024w, https:\/\/www.activasalut.com\/wp-content\/uploads\/2021\/10\/THE-YO1-300x200.jpg 300w, https:\/\/www.activasalut.com\/wp-content\/uploads\/2021\/10\/THE-YO1-768x512.jpg 768w, https:\/\/www.activasalut.com\/wp-content\/uploads\/2021\/10\/THE-YO1-1536x1024.jpg 1536w, https:\/\/www.activasalut.com\/wp-content\/uploads\/2021\/10\/THE-YO1-2048x1365.jpg 2048w, https:\/\/www.activasalut.com\/wp-content\/uploads\/2021\/10\/THE-YO1-604x402.jpg 604w\" sizes=\"(max-width: 512px) 100vw, 512px\" \/><\/a><\/figure><\/div>\n\n\n\n<p>Algunes malalties sist\u00e8miques com la hipercolesterol\u00e8mia o la diabetis, poden acabar repercutint negativament en la nostra visi\u00f3. Per aix\u00f2, la pr\u00e0ctica esportiva, en general, juga a favor nostre, ajudant a minimitzar aquests efectes negatius.<\/p>\n\n\n\n<p>L&#8217;<strong>esport<\/strong> permet exercitar no tan sols la ment i el cos, sin\u00f3 la <strong>percepci\u00f3<\/strong> i <strong>l&#8217;agudesa visual<\/strong> que tenim. Un entrenament correcte de la visi\u00f3 pot arribar a maximitzar el rendiment esportiu d&#8217;un individu. Ning\u00fa dubta que si l&#8217;agudesa visual d&#8217;un pilot de moto GP, que sobrepassen els 300 km\/h, no \u00e9s perfecta, els resultats no poden ser bons. Tampoc en un futbolista, que entre altres coses ha de fer passis molt mesurats a llarga dist\u00e0ncia, o la d&#8217;un tenista, o la d&#8217;un jugador de golf, etc.<\/p>\n\n\n\n<h5>La pr\u00e0ctica esportiva implica, en la majoria dels casos, una constant <strong>atenci\u00f3 visual<\/strong>.<\/h5>\n\n\n\n<div class=\"wp-block-image\"><figure class=\"alignright size-large is-resized\"><a href=\"https:\/\/www.activasalut.com\/wp-content\/uploads\/2021\/10\/motorcycle-practice-leaning-into-fast-corner-on-track-scaled.jpg\"><img decoding=\"async\" loading=\"lazy\" src=\"https:\/\/www.activasalut.com\/wp-content\/uploads\/2021\/10\/motorcycle-practice-leaning-into-fast-corner-on-track-1024x768.jpg\" alt=\"\" class=\"wp-image-8111\" width=\"256\" height=\"192\" srcset=\"https:\/\/www.activasalut.com\/wp-content\/uploads\/2021\/10\/motorcycle-practice-leaning-into-fast-corner-on-track-1024x768.jpg 1024w, https:\/\/www.activasalut.com\/wp-content\/uploads\/2021\/10\/motorcycle-practice-leaning-into-fast-corner-on-track-300x225.jpg 300w, https:\/\/www.activasalut.com\/wp-content\/uploads\/2021\/10\/motorcycle-practice-leaning-into-fast-corner-on-track-768x576.jpg 768w, https:\/\/www.activasalut.com\/wp-content\/uploads\/2021\/10\/motorcycle-practice-leaning-into-fast-corner-on-track-1536x1152.jpg 1536w, https:\/\/www.activasalut.com\/wp-content\/uploads\/2021\/10\/motorcycle-practice-leaning-into-fast-corner-on-track-2048x1536.jpg 2048w\" sizes=\"(max-width: 256px) 100vw, 256px\" \/><\/a><\/figure><\/div>\n\n\n\n<div class=\"wp-block-image\"><figure class=\"alignright size-large is-resized\"><a href=\"https:\/\/www.activasalut.com\/wp-content\/uploads\/2021\/10\/soccer-player-action-on-the-stadium-scaled.jpg\"><img decoding=\"async\" loading=\"lazy\" src=\"https:\/\/www.activasalut.com\/wp-content\/uploads\/2021\/10\/soccer-player-action-on-the-stadium-1024x683.jpg\" alt=\"\" class=\"wp-image-8113\" width=\"285\" height=\"191\" srcset=\"https:\/\/www.activasalut.com\/wp-content\/uploads\/2021\/10\/soccer-player-action-on-the-stadium-1024x683.jpg 1024w, https:\/\/www.activasalut.com\/wp-content\/uploads\/2021\/10\/soccer-player-action-on-the-stadium-300x200.jpg 300w, https:\/\/www.activasalut.com\/wp-content\/uploads\/2021\/10\/soccer-player-action-on-the-stadium-768x513.jpg 768w, https:\/\/www.activasalut.com\/wp-content\/uploads\/2021\/10\/soccer-player-action-on-the-stadium-1536x1025.jpg 1536w, https:\/\/www.activasalut.com\/wp-content\/uploads\/2021\/10\/soccer-player-action-on-the-stadium-2048x1367.jpg 2048w, https:\/\/www.activasalut.com\/wp-content\/uploads\/2021\/10\/soccer-player-action-on-the-stadium-604x402.jpg 604w\" sizes=\"(max-width: 285px) 100vw, 285px\" \/><\/a><\/figure><\/div>\n\n\n\n<p>Conceptes com la percepci\u00f3 de l&#8217;espai, la velocitat, el pes i la dist\u00e0ncia entraran en joc a l&#8217;hora d&#8217;activar una determinada reacci\u00f3. Per tant, habilitats com la <strong>visi\u00f3 din\u00e0mica<\/strong> o la <strong>perif\u00e8rica<\/strong> han d&#8217;estar en condicions \u00f2ptimes, ja que la visi\u00f3 ens aporta un 80% de la informaci\u00f3 necess\u00e0ria per a realitzar les diferents accions.<\/p>\n\n\n\n<p>Per tant tenir una bona agudesa visual resulta essencial, no nom\u00e9s per a discriminar objectes, sin\u00f3 per a millorar el rendiment pel que fa a habilitats com el temps de reacci\u00f3, la percepci\u00f3 de dist\u00e0ncies o l&#8217;anticipaci\u00f3. Aquestes habilitats visuals difereixen notablement en els diferents esports.<\/p>\n\n\n\n<p>A m\u00e9s, s&#8217;estima que la major part de les respostes en l&#8217;esport s\u00f3n una r\u00e8plica a est\u00edmuls visuals originats en el joc.<\/p>\n\n\n\n<p>Determinar si existeix alguna anomalia visual pr\u00e8via i l&#8217;eventual influ\u00e8ncia negativa que aquesta pogu\u00e9s provocar en l&#8217;activitat f\u00edsica que es practiqui i la seva correcci\u00f3, \u00e9s essencial per a la realitzaci\u00f3 de qualsevol activitat esportiva i m\u00e9s si aquesta \u00e9s de competici\u00f3.<\/p>\n\n\n\n<p>En una societat cada vegada m\u00e9s &#8220;miopitzada&#8221; a causa dels h\u00e0bits sedentaris i a la creixent activitat davant de tota mena de pantalles, <strong>la pr\u00e0ctica esportiva<\/strong> i les activitats d&#8217;oci a l&#8217;aire lliure, ens permeten <strong>exercitar<\/strong> funcions com la <strong>visi\u00f3 din\u00e0mica o la perif\u00e8rica<\/strong>, que contribueixen a mantenir en bona forma la nostra salut visual.<\/p>\n\n\n\n<p>A la nostra unitat de l&#8217;esport podem ajudar-te a millorar el teu rendiment esportiu, aix\u00ed com a tractar les teves lesions esportives, per a poder recuperar de nou l&#8217;activitat f\u00edsica.<\/p>\n\n\n\n<div style=\"height:62px\" aria-hidden=\"true\" class=\"wp-block-spacer\"><\/div>\n\n\n\n<h3>Bibliografia<\/h3>\n\n\n\n<p>Elizalde, J. &#8220;Traumatismos oculares en el deporte&#8221;. Apunts. Educaci\u00f3n f\u00edsica y deportes [en l\u00ednia], 2007, Vol. 2, N\u00fam. 88, p. 15-23.&nbsp;&nbsp;<\/p>\n\n\n\n<p>&nbsp;&nbsp;&nbsp;&nbsp;&nbsp;&nbsp;&nbsp;&nbsp;&nbsp;&nbsp;&nbsp;&nbsp;&nbsp;&nbsp;&nbsp;&nbsp;&nbsp;&nbsp;&nbsp;&nbsp;&nbsp;&nbsp;&nbsp;&nbsp;&nbsp;&nbsp;&nbsp;&nbsp;&nbsp;&nbsp;&nbsp;&nbsp;&nbsp;&nbsp;&nbsp;&nbsp;&nbsp;&nbsp;&nbsp;&nbsp;&nbsp;&nbsp;&nbsp;&nbsp;&nbsp;&nbsp;&nbsp;&nbsp;&nbsp;&nbsp;&nbsp;&nbsp;&nbsp;&nbsp;&nbsp;&nbsp;&nbsp;&nbsp;&nbsp;&nbsp;&nbsp;&nbsp;&nbsp;&nbsp;&nbsp;&nbsp;&nbsp;&nbsp;&nbsp;&nbsp;&nbsp;&nbsp;&nbsp;&nbsp;&nbsp;&nbsp;&nbsp;&nbsp;&nbsp;&nbsp;&nbsp;&nbsp;&nbsp;&nbsp;&nbsp;&nbsp;&nbsp;&nbsp;&nbsp;&nbsp;&nbsp;&nbsp;&nbsp;&nbsp;&nbsp;&nbsp;&nbsp;&nbsp;&nbsp;&nbsp;&nbsp;&nbsp;&nbsp;&nbsp;&nbsp;&nbsp;&nbsp;&nbsp;&nbsp;&nbsp;&nbsp;&nbsp;&nbsp;&nbsp;&nbsp;&nbsp;&nbsp;&nbsp; &nbsp;&nbsp;&nbsp;&nbsp;&nbsp;&nbsp;&nbsp;&nbsp;&nbsp;&nbsp;&nbsp;&nbsp;&nbsp;&nbsp;&nbsp;&nbsp;&nbsp;&nbsp;&nbsp;&nbsp;&nbsp;&nbsp;&nbsp;&nbsp;&nbsp;&nbsp;&nbsp;&nbsp;&nbsp;FERNANDEZ SANCHEZ, A.; RODRIGUEZ RODRIGUEZ, B. N. y MESA HERNANDEZ, E. \u201cLesiones traum\u00e1ticas de los anexos y del segmento anterior del ojo en los boxeadores\u201d. Rev Cubana Oftalmol [online]. 2003, vol.16, n.1 (citado 2016-08-07)<\/p>\n\n\n\n<p>&nbsp;Quevedo I Juyent, L.; Seres I Rev\u00e9s, C.: \u201cLentes de Contacto en el deporte\u201d.<\/p>\n\n\n\n<p>&nbsp;Ortega S\u00e1nchez-Pinilla, R. Medicina del ejercicio f\u00edsico y del deporte para la atenci\u00f3n a la salud. (pags 452 \u2013 458)<\/p>\n\n\n\n<p>&nbsp;IMO. Instituto de microcirug\u00eda ocular. \u201cVisi\u00f3n de Juego. Salud ocular y rendimiento visual en el deporte.\u201d<\/p>\n\n\n\n<p>&nbsp;Ib\u00e1\u00f1ez, E. Visi\u00f3n y Vida. FEDAO. \u201cLibro Blanco de la Visi\u00f3n en Espa\u00f1a\u201d. 2013.<\/p>\n\n\n\n<p>&nbsp;El Papel de la Visi\u00f3n en el Deporte. Cl\u00ednica Babiera.<\/p>\n\n\n\n<p>Eurolaser. Instituto Oftalmologico<\/p>\n\n\n\n<div style=\"height:59px\" aria-hidden=\"true\" class=\"wp-block-spacer\"><\/div>\n\n\n\n<h2>Pots consultar els nostres serveis de&nbsp;<a href=\"https:\/\/www.fisiogestion.com\/ca\/servicios-en-centros\/fisioterapia\/\">fisioter\u00e0pia<\/a>&nbsp;en la nostra xarxa de&nbsp;<a href=\"https:\/\/www.fisiogestion.com\/ca\/centros\/\">centres<\/a> o emplenar aquest formulari i et contactarem.<\/h2>\n\n\n\n<div class=\"wp-block-contact-form-7-contact-form-selector\">\n<div class=\"wpcf7 no-js\" id=\"wpcf7-f5253-o1\" lang=\"es-ES\" dir=\"ltr\">\n<div class=\"screen-reader-response\"><p role=\"status\" aria-live=\"polite\" aria-atomic=\"true\"><\/p> <ul><\/ul><\/div>\n<form action=\"\/ca\/wp-json\/wp\/v2\/posts\/8119#wpcf7-f5253-o1\" method=\"post\" class=\"wpcf7-form init\" aria-label=\"Formulario de contacto\" novalidate=\"novalidate\" data-status=\"init\">\n<div style=\"display: none;\">\n<input type=\"hidden\" name=\"_wpcf7\" value=\"5253\" \/>\n<input type=\"hidden\" name=\"_wpcf7_version\" value=\"5.7.3\" \/>\n<input type=\"hidden\" name=\"_wpcf7_locale\" value=\"es_ES\" \/>\n<input type=\"hidden\" name=\"_wpcf7_unit_tag\" value=\"wpcf7-f5253-o1\" \/>\n<input type=\"hidden\" name=\"_wpcf7_container_post\" value=\"0\" \/>\n<input type=\"hidden\" name=\"_wpcf7_posted_data_hash\" value=\"\" \/>\n<input type=\"hidden\" name=\"_wpcf7_recaptcha_response\" value=\"\" \/>\n<\/div>\n<div class=\"wpcf7-response-output\" aria-hidden=\"true\"><\/div>\n<div class='comment-form'>\n\t<div class=\"comment-form-inputs\">\n\t\t<p><span class=\"wpcf7-form-control-wrap\" data-name=\"nombre\"><input size=\"40\" class=\"wpcf7-form-control wpcf7-text wpcf7-validates-as-required\" id=\"nombre\" aria-required=\"true\" aria-invalid=\"false\" placeholder=\"Nom (requerit)\" value=\"\" type=\"text\" name=\"nombre\" \/><\/span>\n\t\t<\/p>\n\t\t<p><span class=\"wpcf7-form-control-wrap\" data-name=\"apellidos\"><input size=\"40\" class=\"wpcf7-form-control wpcf7-text wpcf7-validates-as-required\" id=\"apellidos\" aria-required=\"true\" aria-invalid=\"false\" placeholder=\"Cognoms (requerit)\" value=\"\" type=\"text\" name=\"apellidos\" \/><\/span>\n\t\t<\/p>\n\t\t<p><span class=\"wpcf7-form-control-wrap\" data-name=\"email\"><input size=\"40\" class=\"wpcf7-form-control wpcf7-text wpcf7-email wpcf7-validates-as-required wpcf7-validates-as-email\" id=\"email\" aria-required=\"true\" aria-invalid=\"false\" placeholder=\"Email (requerit)\" value=\"\" type=\"email\" name=\"email\" \/><\/span>\n\t\t<\/p>\n\t\t<p><span class=\"wpcf7-form-control-wrap\" data-name=\"telefono\"><input size=\"40\" class=\"wpcf7-form-control wpcf7-text wpcf7-tel wpcf7-validates-as-required wpcf7-validates-as-tel\" id=\"telefono\" aria-required=\"true\" aria-invalid=\"false\" placeholder=\"Tel\u00e8fon (requerit)\" value=\"\" type=\"tel\" name=\"telefono\" \/><\/span>\n\t\t<\/p>\n\t<\/div>\n\t<p><span class=\"wpcf7-form-control-wrap\" data-name=\"mensaje\"><textarea cols=\"39\" rows=\"10\" class=\"wpcf7-form-control wpcf7-textarea wpcf7-validates-as-required\" id=\"mensaje\" aria-required=\"true\" aria-invalid=\"false\" placeholder=\"Missatge (requerit)\" name=\"mensaje\"><\/textarea><\/span>\n\t<\/p>\n\t<p class=\"form-submit\"><input class=\"wpcf7-form-control has-spinner wpcf7-submit\" type=\"submit\" value=\"Enviar\" \/>\n\t<\/p>\n<\/div>\n<p style=\"text-align:justify; color:#383838;\"><br \/>\n<em>L\u2019informem que les dades recollides al present formulari, seran tractades per Corporaci\u00f3 d'Administraci\u00f3 Sanit\u00e0ria A.I.E., per poder atendre i donar resposta a la seva sol\u00b7licitud d\u2018informaci\u00f3. Si necessita m\u00e9s informaci\u00f3 o vol exercir els seus drets sobre aquestes dades consulti la nostra <a href=\"https:\/\/www.fisiogestion.com\/ca\/politica-privacidad\/\">Pol\u00edtica de Privacitat<\/a>.<\/em>\n<\/p>\n<\/form>\n<\/div>\n<\/div>\n","protected":false},"excerpt":{"rendered":"<p>14 d\u2019octubre 2021 (Dia Mundial de la Visi\u00f3) Actualment, m\u00e9s de 24 milions de persones majors de 15 anys practiquen esport a Espanya, cosa<a class=\"moretag\" href=\"https:\/\/www.activasalut.com\/ca\/la-visio-i-lesport\/\">Llegeix m\u00e9s&#8230;<\/a><\/p>\n","protected":false},"author":125,"featured_media":8117,"comment_status":"open","ping_status":"closed","sticky":false,"template":"","format":"standard","meta":[],"categories":[610,2790],"tags":[1474,2705,2067],"yoast_head":"<!-- This site is optimized with the Yoast SEO plugin v20.0 - https:\/\/yoast.com\/wordpress\/plugins\/seo\/ -->\n<title>La visi\u00f3 i l&#039;esport<\/title>\n<meta name=\"robots\" content=\"index, follow, max-snippet:-1, max-image-preview:large, max-video-preview:-1\" \/>\n<link rel=\"canonical\" href=\"https:\/\/www.activasalut.com\/ca\/la-visio-i-lesport\/\" \/>\n<meta property=\"og:locale\" content=\"ca_ES\" \/>\n<meta property=\"og:type\" content=\"article\" \/>\n<meta property=\"og:title\" content=\"La visi\u00f3 i l&#039;esport\" \/>\n<meta property=\"og:description\" content=\"14 d\u2019octubre 2021 (Dia Mundial de la Visi\u00f3) Actualment, m\u00e9s de 24 milions de persones majors de 15 anys practiquen esport a Espanya, cosaLlegeix m\u00e9s...\" \/>\n<meta property=\"og:url\" content=\"https:\/\/www.activasalut.com\/ca\/la-visio-i-lesport\/\" \/>\n<meta property=\"og:site_name\" content=\"Corporaci\u00f3 Fisiogesti\u00f3\" \/>\n<meta property=\"article:published_time\" content=\"2021-10-14T11:41:53+00:00\" \/>\n<meta property=\"article:modified_time\" content=\"2021-10-14T11:41:55+00:00\" \/>\n<meta property=\"og:image\" content=\"https:\/\/www.activasalut.com\/wp-content\/uploads\/2021\/10\/PORTRA1-scaled.jpg\" \/>\n\t<meta property=\"og:image:width\" content=\"2560\" \/>\n\t<meta property=\"og:image:height\" content=\"1709\" \/>\n\t<meta property=\"og:image:type\" content=\"image\/jpeg\" \/>\n<meta name=\"author\" content=\"Joan Ondategui\" \/>\n<meta name=\"twitter:label1\" content=\"Escrit per\" \/>\n\t<meta name=\"twitter:data1\" content=\"Joan Ondategui\" \/>\n\t<meta name=\"twitter:label2\" content=\"Temps estimat de lectura\" \/>\n\t<meta name=\"twitter:data2\" content=\"4 minuts\" \/>\n<script type=\"application\/ld+json\" class=\"yoast-schema-graph\">{\"@context\":\"https:\/\/schema.org\",\"@graph\":[{\"@type\":\"WebPage\",\"@id\":\"https:\/\/www.activasalut.com\/ca\/la-visio-i-lesport\/\",\"url\":\"https:\/\/www.activasalut.com\/ca\/la-visio-i-lesport\/\",\"name\":\"La visi\u00f3 i l'esport\",\"isPartOf\":{\"@id\":\"https:\/\/www.activasalut.com\/ca\/#website\"},\"datePublished\":\"2021-10-14T11:41:53+00:00\",\"dateModified\":\"2021-10-14T11:41:55+00:00\",\"author\":{\"@id\":\"https:\/\/www.activasalut.com\/ca\/#\/schema\/person\/f360958a93d10f29df63deefbbc69714\"},\"breadcrumb\":{\"@id\":\"https:\/\/www.activasalut.com\/ca\/la-visio-i-lesport\/#breadcrumb\"},\"inLanguage\":\"ca\",\"potentialAction\":[{\"@type\":\"ReadAction\",\"target\":[\"https:\/\/www.activasalut.com\/ca\/la-visio-i-lesport\/\"]}]},{\"@type\":\"BreadcrumbList\",\"@id\":\"https:\/\/www.activasalut.com\/ca\/la-visio-i-lesport\/#breadcrumb\",\"itemListElement\":[{\"@type\":\"ListItem\",\"position\":1,\"name\":\"Portada\",\"item\":\"https:\/\/www.activasalut.com\/ca\/\"},{\"@type\":\"ListItem\",\"position\":2,\"name\":\"La visi\u00f3 i l&#8217;esport\"}]},{\"@type\":\"WebSite\",\"@id\":\"https:\/\/www.activasalut.com\/ca\/#website\",\"url\":\"https:\/\/www.activasalut.com\/ca\/\",\"name\":\"Corporaci\u00f3n fisiogesti\u00f3n\",\"description\":\"Activa la teva salut\",\"potentialAction\":[{\"@type\":\"SearchAction\",\"target\":{\"@type\":\"EntryPoint\",\"urlTemplate\":\"https:\/\/www.activasalut.com\/ca\/?s={search_term_string}\"},\"query-input\":\"required name=search_term_string\"}],\"inLanguage\":\"ca\"},{\"@type\":\"Person\",\"@id\":\"https:\/\/www.activasalut.com\/ca\/#\/schema\/person\/f360958a93d10f29df63deefbbc69714\",\"name\":\"Joan Ondategui\",\"image\":{\"@type\":\"ImageObject\",\"inLanguage\":\"ca\",\"@id\":\"https:\/\/www.activasalut.com\/ca\/#\/schema\/person\/image\/\",\"url\":\"https:\/\/secure.gravatar.com\/avatar\/b1de9d295dcbbceee830a01d83d02440?s=96&d=mm&r=g\",\"contentUrl\":\"https:\/\/secure.gravatar.com\/avatar\/b1de9d295dcbbceee830a01d83d02440?s=96&d=mm&r=g\",\"caption\":\"Joan Ondategui\"},\"description\":\"Fisioterapeuta CF-Roger de Ll\u00faria\",\"url\":\"https:\/\/www.activasalut.com\/ca\/author\/joan-ondategui\/\"}]}<\/script>\n<!-- \/ Yoast SEO plugin. -->","yoast_head_json":{"title":"La visi\u00f3 i l'esport","robots":{"index":"index","follow":"follow","max-snippet":"max-snippet:-1","max-image-preview":"max-image-preview:large","max-video-preview":"max-video-preview:-1"},"canonical":"https:\/\/www.activasalut.com\/ca\/la-visio-i-lesport\/","og_locale":"ca_ES","og_type":"article","og_title":"La visi\u00f3 i l'esport","og_description":"14 d\u2019octubre 2021 (Dia Mundial de la Visi\u00f3) Actualment, m\u00e9s de 24 milions de persones majors de 15 anys practiquen esport a Espanya, cosaLlegeix m\u00e9s...","og_url":"https:\/\/www.activasalut.com\/ca\/la-visio-i-lesport\/","og_site_name":"Corporaci\u00f3 Fisiogesti\u00f3","article_published_time":"2021-10-14T11:41:53+00:00","article_modified_time":"2021-10-14T11:41:55+00:00","og_image":[{"width":2560,"height":1709,"url":"https:\/\/www.activasalut.com\/wp-content\/uploads\/2021\/10\/PORTRA1-scaled.jpg","type":"image\/jpeg"}],"author":"Joan Ondategui","twitter_misc":{"Escrit per":"Joan Ondategui","Temps estimat de lectura":"4 minuts"},"schema":{"@context":"https:\/\/schema.org","@graph":[{"@type":"WebPage","@id":"https:\/\/www.activasalut.com\/ca\/la-visio-i-lesport\/","url":"https:\/\/www.activasalut.com\/ca\/la-visio-i-lesport\/","name":"La visi\u00f3 i l'esport","isPartOf":{"@id":"https:\/\/www.activasalut.com\/ca\/#website"},"datePublished":"2021-10-14T11:41:53+00:00","dateModified":"2021-10-14T11:41:55+00:00","author":{"@id":"https:\/\/www.activasalut.com\/ca\/#\/schema\/person\/f360958a93d10f29df63deefbbc69714"},"breadcrumb":{"@id":"https:\/\/www.activasalut.com\/ca\/la-visio-i-lesport\/#breadcrumb"},"inLanguage":"ca","potentialAction":[{"@type":"ReadAction","target":["https:\/\/www.activasalut.com\/ca\/la-visio-i-lesport\/"]}]},{"@type":"BreadcrumbList","@id":"https:\/\/www.activasalut.com\/ca\/la-visio-i-lesport\/#breadcrumb","itemListElement":[{"@type":"ListItem","position":1,"name":"Portada","item":"https:\/\/www.activasalut.com\/ca\/"},{"@type":"ListItem","position":2,"name":"La visi\u00f3 i l&#8217;esport"}]},{"@type":"WebSite","@id":"https:\/\/www.activasalut.com\/ca\/#website","url":"https:\/\/www.activasalut.com\/ca\/","name":"Corporaci\u00f3n fisiogesti\u00f3n","description":"Activa la teva salut","potentialAction":[{"@type":"SearchAction","target":{"@type":"EntryPoint","urlTemplate":"https:\/\/www.activasalut.com\/ca\/?s={search_term_string}"},"query-input":"required name=search_term_string"}],"inLanguage":"ca"},{"@type":"Person","@id":"https:\/\/www.activasalut.com\/ca\/#\/schema\/person\/f360958a93d10f29df63deefbbc69714","name":"Joan Ondategui","image":{"@type":"ImageObject","inLanguage":"ca","@id":"https:\/\/www.activasalut.com\/ca\/#\/schema\/person\/image\/","url":"https:\/\/secure.gravatar.com\/avatar\/b1de9d295dcbbceee830a01d83d02440?s=96&d=mm&r=g","contentUrl":"https:\/\/secure.gravatar.com\/avatar\/b1de9d295dcbbceee830a01d83d02440?s=96&d=mm&r=g","caption":"Joan Ondategui"},"description":"Fisioterapeuta CF-Roger de Ll\u00faria","url":"https:\/\/www.activasalut.com\/ca\/author\/joan-ondategui\/"}]}},"_links":{"self":[{"href":"https:\/\/www.activasalut.com\/ca\/wp-json\/wp\/v2\/posts\/8119"}],"collection":[{"href":"https:\/\/www.activasalut.com\/ca\/wp-json\/wp\/v2\/posts"}],"about":[{"href":"https:\/\/www.activasalut.com\/ca\/wp-json\/wp\/v2\/types\/post"}],"author":[{"embeddable":true,"href":"https:\/\/www.activasalut.com\/ca\/wp-json\/wp\/v2\/users\/125"}],"replies":[{"embeddable":true,"href":"https:\/\/www.activasalut.com\/ca\/wp-json\/wp\/v2\/comments?post=8119"}],"version-history":[{"count":6,"href":"https:\/\/www.activasalut.com\/ca\/wp-json\/wp\/v2\/posts\/8119\/revisions"}],"predecessor-version":[{"id":8131,"href":"https:\/\/www.activasalut.com\/ca\/wp-json\/wp\/v2\/posts\/8119\/revisions\/8131"}],"wp:featuredmedia":[{"embeddable":true,"href":"https:\/\/www.activasalut.com\/ca\/wp-json\/wp\/v2\/media\/8117"}],"wp:attachment":[{"href":"https:\/\/www.activasalut.com\/ca\/wp-json\/wp\/v2\/media?parent=8119"}],"wp:term":[{"taxonomy":"category","embeddable":true,"href":"https:\/\/www.activasalut.com\/ca\/wp-json\/wp\/v2\/categories?post=8119"},{"taxonomy":"post_tag","embeddable":true,"href":"https:\/\/www.activasalut.com\/ca\/wp-json\/wp\/v2\/tags?post=8119"}],"curies":[{"name":"wp","href":"https:\/\/api.w.org\/{rel}","templated":true}]}}