{"id":8245,"date":"2021-11-03T13:37:36","date_gmt":"2021-11-03T12:37:36","guid":{"rendered":"https:\/\/www.activasalut.com\/?p=8245"},"modified":"2022-01-19T11:41:13","modified_gmt":"2022-01-19T10:41:13","slug":"que-es-la-sindrome-dintesti-permeable-part-ii","status":"publish","type":"post","link":"https:\/\/www.activasalut.com\/ca\/que-es-la-sindrome-dintesti-permeable-part-ii\/","title":{"rendered":"Qu\u00e8 \u00e9s la s\u00edndrome d&#8217;intest\u00ed permeable? (Part II)"},"content":{"rendered":"\n<p>Una paret intestinal sana i una microbiota intestinal diversa, evita el pas de microorganismes pat\u00f2gens al torrent sanguini. En canvi, quan la barrera intestinal s&#8217;altera <strong>augmenta la permeabilitat de la paret intestinal<\/strong>, permetent el pas d&#8217;aliments parcialment no digerits, toxines, f\u00e0rmacs i la invasi\u00f3 d&#8217;altres microorganismes (protozous, virus, bacteris pat\u00f2gens) al torrent sanguini i a la barrera hematoencef\u00e0lica.<\/p>\n\n\n\n<p>En conseq\u00fc\u00e8ncia, es pot generar un proc\u00e9s de <strong>neuroinflamaci\u00f3<\/strong> que pot afectar el sistema nervi\u00f3s central (SNC).<\/p>\n\n\n\n<!--more-->\n\n\n\n<h4>La <strong>neuroinflamaci\u00f3 <\/strong>pot produir:<\/h4>\n\n\n\n<ul><li>Nebulosa mental<\/li><li>Irritabilitat<\/li><li>Ansietat<\/li><li>Apatia<\/li><li>P\u00e8rdua de mem\u00f2ria i concentraci\u00f3.<\/li><\/ul>\n\n\n\n<div class=\"wp-block-image\"><figure class=\"aligncenter size-large is-resized\"><a href=\"https:\/\/www.activasalut.com\/wp-content\/uploads\/2021\/11\/headache-sick-woman-with-temple-pain-scaled.jpg\"><img decoding=\"async\" loading=\"lazy\" src=\"https:\/\/www.activasalut.com\/wp-content\/uploads\/2021\/11\/headache-sick-woman-with-temple-pain-1024x684.jpg\" alt=\"\" class=\"wp-image-8238\" width=\"256\" height=\"171\" srcset=\"https:\/\/www.activasalut.com\/wp-content\/uploads\/2021\/11\/headache-sick-woman-with-temple-pain-1024x684.jpg 1024w, https:\/\/www.activasalut.com\/wp-content\/uploads\/2021\/11\/headache-sick-woman-with-temple-pain-300x200.jpg 300w, https:\/\/www.activasalut.com\/wp-content\/uploads\/2021\/11\/headache-sick-woman-with-temple-pain-768x513.jpg 768w, https:\/\/www.activasalut.com\/wp-content\/uploads\/2021\/11\/headache-sick-woman-with-temple-pain-1536x1025.jpg 1536w, https:\/\/www.activasalut.com\/wp-content\/uploads\/2021\/11\/headache-sick-woman-with-temple-pain-2048x1367.jpg 2048w, https:\/\/www.activasalut.com\/wp-content\/uploads\/2021\/11\/headache-sick-woman-with-temple-pain-604x402.jpg 604w\" sizes=\"(max-width: 256px) 100vw, 256px\" \/><\/a><\/figure><\/div>\n\n\n\n<h4>Les causes de la <strong>neuroinflamaci\u00f3 <\/strong>s\u00f3n:<\/h4>\n\n\n\n<ul><li>Una alimentaci\u00f3 proinflamat\u00f2ria (greixos saturats).<\/li><li>Endotoxines (lipopolisac\u00e0rids que poden ser t\u00f2xics per a l\u2019organisme i provoquen inflamaci\u00f3 en el teixit adip\u00f3s, associat a l&#8217;obesitat).<\/li><li>Tabac i alcohol.<\/li><li>Tamb\u00e9 el cervell pot influir en la microbiota en enviar hormones d&#8217;estr\u00e8s (cortisol) a l&#8217;intest\u00ed a trav\u00e9s del nervi Vague i alterar la permeabilitat intestinal, facilitant el pas de microorganismes pat\u00f2gens, al\u00b7l\u00e8rgens i toxines al torrent sanguini <em>(veure imatge 1)<\/em><\/li><\/ul>\n\n\n\n<figure class=\"wp-block-image size-full is-resized\"><a href=\"https:\/\/www.activasalut.com\/wp-content\/uploads\/2021\/11\/ART_SISTEMAGSANO_ESQUEMA.png\"><img decoding=\"async\" loading=\"lazy\" src=\"https:\/\/www.activasalut.com\/wp-content\/uploads\/2021\/11\/ART_SISTEMAGSANO_ESQUEMA.png\" alt=\"\" class=\"wp-image-8236\" width=\"575\" height=\"287\" srcset=\"https:\/\/www.activasalut.com\/wp-content\/uploads\/2021\/11\/ART_SISTEMAGSANO_ESQUEMA.png 767w, https:\/\/www.activasalut.com\/wp-content\/uploads\/2021\/11\/ART_SISTEMAGSANO_ESQUEMA-300x150.png 300w\" sizes=\"(max-width: 575px) 100vw, 575px\" \/><\/a><figcaption><em>Imatge 1: Intest\u00ed permeable<\/em><\/figcaption><\/figure>\n\n\n\n<div style=\"height:100px\" aria-hidden=\"true\" class=\"wp-block-spacer\"><\/div>\n\n\n\n<h4>Per tot aix\u00f2, la disbiosi intestinal i la s\u00edndrome d&#8217;intest\u00ed permeable poden produir diferents s\u00edmptomes i Malalties Inflamat\u00f2ries Intestinals (MII):<\/h4>\n\n\n\n<ul><li>Diarrea<\/li><li>Restrenyiment<\/li><li>Diarrea o femtes pastoses, alternat amb restrenyiment<\/li><li>Exc\u00e9s de gasos: com el met\u00e0, gasos que no fan olor i que poden produir restrenyiment o b\u00e9 d&#8217;un altre tipus com l&#8217;\u00e0cid sulfh\u00eddric, gasos que produeixen molta olor i s&#8217;associen a <strong>MII<\/strong>.<\/li><li>Dolor abdominal \/ mol\u00e8sties gastrointestinals<\/li><li>S\u00edndrome de Colon Irritable<\/li><li>Colitis ulcerosa<\/li><li>Malaltia de Crhon<\/li><\/ul>\n\n\n\n<h4><strong>Tractament de la disbiosi intestinal i s\u00edndrome intest\u00ed permeable.<\/strong><\/h4>\n\n\n\n<ul><li><strong>Dieta personalitzada<\/strong> d\u2019acord amb els resultats de les proves sol\u00b7licitades: an\u00e0lisis cl\u00edniques personalitzades: virus, protozous, bacteris pat\u00f2gens, exc\u00e9s de fongs (candidiasi), proves d&#8217;intoler\u00e0ncies aliment\u00e0ries en sang i l\u2019an\u00e0lisi metagen\u00f2mica (material gen\u00e8tic de diferents microorganismes).<\/li><li><strong>Suplements<\/strong> de probi\u00f2tics, prebi\u00f2tics i complements alimentaris a partir dels resultats de les proves sol\u00b7licitades.<\/li><\/ul>\n\n\n\n<div class=\"wp-block-image\"><figure class=\"aligncenter size-large is-resized\"><a href=\"https:\/\/www.activasalut.com\/wp-content\/uploads\/2021\/11\/ingredients-healthy-foods-selection-set-up-scaled.jpg\"><img decoding=\"async\" loading=\"lazy\" src=\"https:\/\/www.activasalut.com\/wp-content\/uploads\/2021\/11\/ingredients-healthy-foods-selection-set-up-1024x652.jpg\" alt=\"\" class=\"wp-image-8242\" width=\"256\" height=\"163\" srcset=\"https:\/\/www.activasalut.com\/wp-content\/uploads\/2021\/11\/ingredients-healthy-foods-selection-set-up-1024x652.jpg 1024w, https:\/\/www.activasalut.com\/wp-content\/uploads\/2021\/11\/ingredients-healthy-foods-selection-set-up-300x191.jpg 300w, https:\/\/www.activasalut.com\/wp-content\/uploads\/2021\/11\/ingredients-healthy-foods-selection-set-up-768x489.jpg 768w, https:\/\/www.activasalut.com\/wp-content\/uploads\/2021\/11\/ingredients-healthy-foods-selection-set-up-1536x978.jpg 1536w, https:\/\/www.activasalut.com\/wp-content\/uploads\/2021\/11\/ingredients-healthy-foods-selection-set-up-2048x1303.jpg 2048w\" sizes=\"(max-width: 256px) 100vw, 256px\" \/><\/a><\/figure><\/div>\n\n\n\n<ul><li><strong><strong>Exercici f\u00edsic<\/strong>&nbsp;de baixa intensitat.<\/strong><\/li><\/ul>\n\n\n\n<div class=\"wp-block-image\"><figure class=\"aligncenter size-large is-resized\"><a href=\"https:\/\/www.activasalut.com\/wp-content\/uploads\/2021\/11\/HEALTH2-scaled.jpg\"><img decoding=\"async\" loading=\"lazy\" src=\"https:\/\/www.activasalut.com\/wp-content\/uploads\/2021\/11\/HEALTH2-1024x683.jpg\" alt=\"\" class=\"wp-image-8240\" width=\"256\" height=\"171\" srcset=\"https:\/\/www.activasalut.com\/wp-content\/uploads\/2021\/11\/HEALTH2-1024x683.jpg 1024w, https:\/\/www.activasalut.com\/wp-content\/uploads\/2021\/11\/HEALTH2-300x200.jpg 300w, https:\/\/www.activasalut.com\/wp-content\/uploads\/2021\/11\/HEALTH2-768x513.jpg 768w, https:\/\/www.activasalut.com\/wp-content\/uploads\/2021\/11\/HEALTH2-1536x1025.jpg 1536w, https:\/\/www.activasalut.com\/wp-content\/uploads\/2021\/11\/HEALTH2-2048x1367.jpg 2048w, https:\/\/www.activasalut.com\/wp-content\/uploads\/2021\/11\/HEALTH2-604x402.jpg 604w\" sizes=\"(max-width: 256px) 100vw, 256px\" \/><\/a><\/figure><\/div>\n\n\n\n<div style=\"height:100px\" aria-hidden=\"true\" class=\"wp-block-spacer\"><\/div>\n\n\n\n<h4>Per consultar per aquest servei, pots contactar amb: <a href=\"https:\/\/www.fisiogestion.com\/ca\/centros\/roger-de-lluria\/\">CF Roger de Ll\u00faria<\/a>, on l\u2019Ignasi Ullod, Dr. en Medicina Xinesa i Nutrici\u00f3 Cl\u00ednica, podr\u00e0 realitzar-te una visita i tractar el teu cas de manera personalitzada.<\/h4>\n\n\n\n<p> <\/p>\n\n\n\n<div style=\"height:100px\" aria-hidden=\"true\" class=\"wp-block-spacer\"><\/div>\n\n\n\n<h4><strong>Refer\u00e8ncies bibliogr\u00e0fiques:<\/strong><\/h4>\n\n\n\n<p>1-<a href=\"https:\/\/www.ncbi.nlm.nih.gov\/pubmed\/?term=Me%26%23x00161%3Btrovi%26%23x00107%3B%20T%5BAuthor%5D&amp;cauthor=true&amp;cauthor_uid=32290414\">Tomislav Me\u0161trovi\u0107<\/a><em>, <\/em><a href=\"https:\/\/www.ncbi.nlm.nih.gov\/pubmed\/?term=%26%23x0010c%3Bip%26%23x0010d%3Bi%26%23x00107%3B%20Paljetak%20H%5BAuthor%5D&amp;cauthor=true&amp;cauthor_uid=32290414\">Hana \u010cip\u010di\u0107 Paljetak<\/a><em> <\/em><a href=\"https:\/\/www.ncbi.nlm.nih.gov\/pubmed\/?term=Peri%26%23x00107%3B%20M%5BAuthor%5D&amp;cauthor=true&amp;cauthor_uid=32290414\">Mihaela Peri\u0107<\/a><em>, Anja Baresic, and Donatella Verbanacario Matijasic.<\/em> <em>Gut Microbiota beyond Bacteria\u2014Mycobiome, Virome, Archaeome, and Eukaryotic Parasites in IBD M, <\/em>2020 April 21 (8)<\/p>\n\n\n\n<p><em>2-David Rojo, Celia M\u00e9ndez-Garc\u00eda, Beata Anna Raczkowska, Rafael Bargiela, Andr\u00e9s Moya, Manuel Ferrer, &amp; Coral Barbas. (2017). Exploring the human microbiome from multiple perspectives: factors altering its composition and function, FEMS Microbiology Reviews. 41(4):453\u2013478. https:\/\/doi.org\/10.1093\/femsre\/fuw046<\/em><\/p>\n\n\n\n<p><em>3- Carabotti, M., Scirocco, A., Maselli, M. A., &amp; Severi, C. (2015). The gut-brain axis: interactions between enteric microbiota, central and enteric nervous systems. Annals of Gastroenterology : Quarterly Publication of the Hellenic Society of Gastroenterology, 28(2), 203\u2013209<\/em><\/p>\n\n\n\n<p>4- Boulang\u00e9, C. L., Neves, A. L., Chilloux, J., Nicholson, J. K., &amp; Dumas, M.-E. (2016). Impact of the gut microbiota on in!ammation, obesity, and metabolic disease. Genome Medicine, 8, 42.<\/p>\n\n\n\n<p>5-Lach G, Schellekens H, Dinan TG, Cryan JF. (2018). Anxiety, Depression, and the Microbiome: A Role for Gut Peptides. Neurotherapeutics 15(1):36-59. https:\/\/doi.org\/10.1007\/s13311-017-0585<\/p>\n\n\n\n<p>6- Clapp, M., Aurora, N., Herrera, L., Bhatia, M., Wilen, E., Wake!eld, S. (2017). Gut microbiota\u2019s e#ect on mental health: The gut-brain axis. Clinics and Practice, 7(4), 987. http:\/\/doi.org\/10.4081\/cp.2017.987<\/p>\n\n\n\n<p>7-<strong> <\/strong><em>David LA1, Maurice CF2, Carmody RN2, Gootenberg DB2, Button JE2, Wolfe BE2, Ling AV3, Devlin AS4, Varma Y4, Fischbach MA4, Biddinger SB3, Dutton RJ2, Turnbaugh PJ2.<\/em><strong>Diet rapidly and reproducibly alters the human gut microbiome.<\/strong><em>2014 Jan 23;505(7484):<\/em><\/p>\n\n\n\n<div style=\"height:100px\" aria-hidden=\"true\" class=\"wp-block-spacer\"><\/div>\n\n\n\n<h2>Pots consultar els nostres serveis de\u00a0<a href=\"https:\/\/www.fisiogestion.com\/ca\/servicios-en-centros\/fisioterapia\/\">fisioter\u00e0pia<\/a>\u00a0a la nostra xarxa de\u00a0<a href=\"https:\/\/www.fisiogestion.com\/ca\/centros\/\">centres<\/a>\u00a0o omplir aquest formulari i et contactarem.<\/h2>\n\n\n\n<div class=\"wp-block-contact-form-7-contact-form-selector\">\n<div class=\"wpcf7 no-js\" id=\"wpcf7-f5253-o1\" lang=\"es-ES\" dir=\"ltr\">\n<div class=\"screen-reader-response\"><p role=\"status\" aria-live=\"polite\" aria-atomic=\"true\"><\/p> <ul><\/ul><\/div>\n<form action=\"\/ca\/wp-json\/wp\/v2\/posts\/8245#wpcf7-f5253-o1\" method=\"post\" class=\"wpcf7-form init\" aria-label=\"Formulario de contacto\" novalidate=\"novalidate\" data-status=\"init\">\n<div style=\"display: none;\">\n<input type=\"hidden\" name=\"_wpcf7\" value=\"5253\" \/>\n<input type=\"hidden\" name=\"_wpcf7_version\" value=\"5.7.3\" \/>\n<input type=\"hidden\" name=\"_wpcf7_locale\" value=\"es_ES\" \/>\n<input type=\"hidden\" name=\"_wpcf7_unit_tag\" value=\"wpcf7-f5253-o1\" \/>\n<input type=\"hidden\" name=\"_wpcf7_container_post\" value=\"0\" \/>\n<input type=\"hidden\" name=\"_wpcf7_posted_data_hash\" value=\"\" \/>\n<input type=\"hidden\" name=\"_wpcf7_recaptcha_response\" value=\"\" \/>\n<\/div>\n<div class=\"wpcf7-response-output\" aria-hidden=\"true\"><\/div>\n<div class='comment-form'>\n\t<div class=\"comment-form-inputs\">\n\t\t<p><span class=\"wpcf7-form-control-wrap\" data-name=\"nombre\"><input size=\"40\" class=\"wpcf7-form-control wpcf7-text wpcf7-validates-as-required\" id=\"nombre\" aria-required=\"true\" aria-invalid=\"false\" placeholder=\"Nom (requerit)\" value=\"\" type=\"text\" name=\"nombre\" \/><\/span>\n\t\t<\/p>\n\t\t<p><span class=\"wpcf7-form-control-wrap\" data-name=\"apellidos\"><input size=\"40\" class=\"wpcf7-form-control wpcf7-text wpcf7-validates-as-required\" id=\"apellidos\" aria-required=\"true\" aria-invalid=\"false\" placeholder=\"Cognoms (requerit)\" value=\"\" type=\"text\" name=\"apellidos\" \/><\/span>\n\t\t<\/p>\n\t\t<p><span class=\"wpcf7-form-control-wrap\" data-name=\"email\"><input size=\"40\" class=\"wpcf7-form-control wpcf7-text wpcf7-email wpcf7-validates-as-required wpcf7-validates-as-email\" id=\"email\" aria-required=\"true\" aria-invalid=\"false\" placeholder=\"Email (requerit)\" value=\"\" type=\"email\" name=\"email\" \/><\/span>\n\t\t<\/p>\n\t\t<p><span class=\"wpcf7-form-control-wrap\" data-name=\"telefono\"><input size=\"40\" class=\"wpcf7-form-control wpcf7-text wpcf7-tel wpcf7-validates-as-required wpcf7-validates-as-tel\" id=\"telefono\" aria-required=\"true\" aria-invalid=\"false\" placeholder=\"Tel\u00e8fon (requerit)\" value=\"\" type=\"tel\" name=\"telefono\" \/><\/span>\n\t\t<\/p>\n\t<\/div>\n\t<p><span class=\"wpcf7-form-control-wrap\" data-name=\"mensaje\"><textarea cols=\"39\" rows=\"10\" class=\"wpcf7-form-control wpcf7-textarea wpcf7-validates-as-required\" id=\"mensaje\" aria-required=\"true\" aria-invalid=\"false\" placeholder=\"Missatge (requerit)\" name=\"mensaje\"><\/textarea><\/span>\n\t<\/p>\n\t<p class=\"form-submit\"><input class=\"wpcf7-form-control has-spinner wpcf7-submit\" type=\"submit\" value=\"Enviar\" \/>\n\t<\/p>\n<\/div>\n<p style=\"text-align:justify; color:#383838;\"><br \/>\n<em>L\u2019informem que les dades recollides al present formulari, seran tractades per Corporaci\u00f3 d'Administraci\u00f3 Sanit\u00e0ria A.I.E., per poder atendre i donar resposta a la seva sol\u00b7licitud d\u2018informaci\u00f3. Si necessita m\u00e9s informaci\u00f3 o vol exercir els seus drets sobre aquestes dades consulti la nostra <a href=\"https:\/\/www.fisiogestion.com\/ca\/politica-privacidad\/\">Pol\u00edtica de Privacitat<\/a>.<\/em>\n<\/p>\n<\/form>\n<\/div>\n<\/div>\n","protected":false},"excerpt":{"rendered":"<p>Una paret intestinal sana i una microbiota intestinal diversa, evita el pas de microorganismes pat\u00f2gens al torrent sanguini. En canvi, quan la barrera intestinal<a class=\"moretag\" href=\"https:\/\/www.activasalut.com\/ca\/que-es-la-sindrome-dintesti-permeable-part-ii\/\">Llegeix m\u00e9s&#8230;<\/a><\/p>\n","protected":false},"author":9,"featured_media":8234,"comment_status":"open","ping_status":"closed","sticky":true,"template":"","format":"standard","meta":[],"categories":[625,471,831],"tags":[],"yoast_head":"<!-- This site is optimized with the Yoast SEO plugin v20.0 - https:\/\/yoast.com\/wordpress\/plugins\/seo\/ -->\n<title>Qu\u00e8 \u00e9s la s\u00edndrome d&#039;intest\u00ed permeable? (Part II)<\/title>\n<meta name=\"robots\" content=\"index, follow, max-snippet:-1, max-image-preview:large, max-video-preview:-1\" \/>\n<link rel=\"canonical\" href=\"https:\/\/www.activasalut.com\/ca\/que-es-la-sindrome-dintesti-permeable-part-ii\/\" \/>\n<meta property=\"og:locale\" content=\"ca_ES\" \/>\n<meta property=\"og:type\" content=\"article\" \/>\n<meta property=\"og:title\" content=\"Qu\u00e8 \u00e9s la s\u00edndrome d&#039;intest\u00ed permeable? (Part II)\" \/>\n<meta property=\"og:description\" content=\"Una paret intestinal sana i una microbiota intestinal diversa, evita el pas de microorganismes pat\u00f2gens al torrent sanguini. En canvi, quan la barrera intestinalLlegeix m\u00e9s...\" \/>\n<meta property=\"og:url\" content=\"https:\/\/www.activasalut.com\/ca\/que-es-la-sindrome-dintesti-permeable-part-ii\/\" \/>\n<meta property=\"og:site_name\" content=\"Corporaci\u00f3 Fisiogesti\u00f3\" \/>\n<meta property=\"article:published_time\" content=\"2021-11-03T12:37:36+00:00\" \/>\n<meta property=\"article:modified_time\" content=\"2022-01-19T10:41:13+00:00\" \/>\n<meta property=\"og:image\" content=\"https:\/\/www.activasalut.com\/wp-content\/uploads\/2021\/11\/WOMAN-1-scaled.jpg\" \/>\n\t<meta property=\"og:image:width\" content=\"2560\" \/>\n\t<meta property=\"og:image:height\" content=\"1707\" \/>\n\t<meta property=\"og:image:type\" content=\"image\/jpeg\" \/>\n<meta name=\"author\" content=\"Ignasi Ullod\" \/>\n<meta name=\"twitter:label1\" content=\"Escrit per\" \/>\n\t<meta name=\"twitter:data1\" content=\"Ignasi Ullod\" \/>\n\t<meta name=\"twitter:label2\" content=\"Temps estimat de lectura\" \/>\n\t<meta name=\"twitter:data2\" content=\"4 minuts\" \/>\n<script type=\"application\/ld+json\" class=\"yoast-schema-graph\">{\"@context\":\"https:\/\/schema.org\",\"@graph\":[{\"@type\":\"WebPage\",\"@id\":\"https:\/\/www.activasalut.com\/ca\/que-es-la-sindrome-dintesti-permeable-part-ii\/\",\"url\":\"https:\/\/www.activasalut.com\/ca\/que-es-la-sindrome-dintesti-permeable-part-ii\/\",\"name\":\"Qu\u00e8 \u00e9s la s\u00edndrome d'intest\u00ed permeable? (Part II)\",\"isPartOf\":{\"@id\":\"https:\/\/www.activasalut.com\/ca\/#website\"},\"datePublished\":\"2021-11-03T12:37:36+00:00\",\"dateModified\":\"2022-01-19T10:41:13+00:00\",\"author\":{\"@id\":\"https:\/\/www.activasalut.com\/ca\/#\/schema\/person\/b36ab5c729dda700e6076b1be3b71462\"},\"breadcrumb\":{\"@id\":\"https:\/\/www.activasalut.com\/ca\/que-es-la-sindrome-dintesti-permeable-part-ii\/#breadcrumb\"},\"inLanguage\":\"ca\",\"potentialAction\":[{\"@type\":\"ReadAction\",\"target\":[\"https:\/\/www.activasalut.com\/ca\/que-es-la-sindrome-dintesti-permeable-part-ii\/\"]}]},{\"@type\":\"BreadcrumbList\",\"@id\":\"https:\/\/www.activasalut.com\/ca\/que-es-la-sindrome-dintesti-permeable-part-ii\/#breadcrumb\",\"itemListElement\":[{\"@type\":\"ListItem\",\"position\":1,\"name\":\"Portada\",\"item\":\"https:\/\/www.activasalut.com\/ca\/\"},{\"@type\":\"ListItem\",\"position\":2,\"name\":\"Qu\u00e8 \u00e9s la s\u00edndrome d&#8217;intest\u00ed permeable? (Part II)\"}]},{\"@type\":\"WebSite\",\"@id\":\"https:\/\/www.activasalut.com\/ca\/#website\",\"url\":\"https:\/\/www.activasalut.com\/ca\/\",\"name\":\"Corporaci\u00f3n fisiogesti\u00f3n\",\"description\":\"Activa la teva salut\",\"potentialAction\":[{\"@type\":\"SearchAction\",\"target\":{\"@type\":\"EntryPoint\",\"urlTemplate\":\"https:\/\/www.activasalut.com\/ca\/?s={search_term_string}\"},\"query-input\":\"required name=search_term_string\"}],\"inLanguage\":\"ca\"},{\"@type\":\"Person\",\"@id\":\"https:\/\/www.activasalut.com\/ca\/#\/schema\/person\/b36ab5c729dda700e6076b1be3b71462\",\"name\":\"Ignasi Ullod\",\"image\":{\"@type\":\"ImageObject\",\"inLanguage\":\"ca\",\"@id\":\"https:\/\/www.activasalut.com\/ca\/#\/schema\/person\/image\/\",\"url\":\"https:\/\/secure.gravatar.com\/avatar\/1e5a635b7332de02380e688b854bfa8a?s=96&d=mm&r=g\",\"contentUrl\":\"https:\/\/secure.gravatar.com\/avatar\/1e5a635b7332de02380e688b854bfa8a?s=96&d=mm&r=g\",\"caption\":\"Ignasi Ullod\"},\"description\":\"Doctor en Medicina China, Nutrici\u00f3n Cl\u00ednica y acupuntor en CF-Roger de Ll\u00faria\",\"url\":\"https:\/\/www.activasalut.com\/ca\/author\/ignasi-ullod\/\"}]}<\/script>\n<!-- \/ Yoast SEO plugin. -->","yoast_head_json":{"title":"Qu\u00e8 \u00e9s la s\u00edndrome d'intest\u00ed permeable? (Part II)","robots":{"index":"index","follow":"follow","max-snippet":"max-snippet:-1","max-image-preview":"max-image-preview:large","max-video-preview":"max-video-preview:-1"},"canonical":"https:\/\/www.activasalut.com\/ca\/que-es-la-sindrome-dintesti-permeable-part-ii\/","og_locale":"ca_ES","og_type":"article","og_title":"Qu\u00e8 \u00e9s la s\u00edndrome d'intest\u00ed permeable? (Part II)","og_description":"Una paret intestinal sana i una microbiota intestinal diversa, evita el pas de microorganismes pat\u00f2gens al torrent sanguini. En canvi, quan la barrera intestinalLlegeix m\u00e9s...","og_url":"https:\/\/www.activasalut.com\/ca\/que-es-la-sindrome-dintesti-permeable-part-ii\/","og_site_name":"Corporaci\u00f3 Fisiogesti\u00f3","article_published_time":"2021-11-03T12:37:36+00:00","article_modified_time":"2022-01-19T10:41:13+00:00","og_image":[{"width":2560,"height":1707,"url":"https:\/\/www.activasalut.com\/wp-content\/uploads\/2021\/11\/WOMAN-1-scaled.jpg","type":"image\/jpeg"}],"author":"Ignasi Ullod","twitter_misc":{"Escrit per":"Ignasi Ullod","Temps estimat de lectura":"4 minuts"},"schema":{"@context":"https:\/\/schema.org","@graph":[{"@type":"WebPage","@id":"https:\/\/www.activasalut.com\/ca\/que-es-la-sindrome-dintesti-permeable-part-ii\/","url":"https:\/\/www.activasalut.com\/ca\/que-es-la-sindrome-dintesti-permeable-part-ii\/","name":"Qu\u00e8 \u00e9s la s\u00edndrome d'intest\u00ed permeable? (Part II)","isPartOf":{"@id":"https:\/\/www.activasalut.com\/ca\/#website"},"datePublished":"2021-11-03T12:37:36+00:00","dateModified":"2022-01-19T10:41:13+00:00","author":{"@id":"https:\/\/www.activasalut.com\/ca\/#\/schema\/person\/b36ab5c729dda700e6076b1be3b71462"},"breadcrumb":{"@id":"https:\/\/www.activasalut.com\/ca\/que-es-la-sindrome-dintesti-permeable-part-ii\/#breadcrumb"},"inLanguage":"ca","potentialAction":[{"@type":"ReadAction","target":["https:\/\/www.activasalut.com\/ca\/que-es-la-sindrome-dintesti-permeable-part-ii\/"]}]},{"@type":"BreadcrumbList","@id":"https:\/\/www.activasalut.com\/ca\/que-es-la-sindrome-dintesti-permeable-part-ii\/#breadcrumb","itemListElement":[{"@type":"ListItem","position":1,"name":"Portada","item":"https:\/\/www.activasalut.com\/ca\/"},{"@type":"ListItem","position":2,"name":"Qu\u00e8 \u00e9s la s\u00edndrome d&#8217;intest\u00ed permeable? (Part II)"}]},{"@type":"WebSite","@id":"https:\/\/www.activasalut.com\/ca\/#website","url":"https:\/\/www.activasalut.com\/ca\/","name":"Corporaci\u00f3n fisiogesti\u00f3n","description":"Activa la teva salut","potentialAction":[{"@type":"SearchAction","target":{"@type":"EntryPoint","urlTemplate":"https:\/\/www.activasalut.com\/ca\/?s={search_term_string}"},"query-input":"required name=search_term_string"}],"inLanguage":"ca"},{"@type":"Person","@id":"https:\/\/www.activasalut.com\/ca\/#\/schema\/person\/b36ab5c729dda700e6076b1be3b71462","name":"Ignasi Ullod","image":{"@type":"ImageObject","inLanguage":"ca","@id":"https:\/\/www.activasalut.com\/ca\/#\/schema\/person\/image\/","url":"https:\/\/secure.gravatar.com\/avatar\/1e5a635b7332de02380e688b854bfa8a?s=96&d=mm&r=g","contentUrl":"https:\/\/secure.gravatar.com\/avatar\/1e5a635b7332de02380e688b854bfa8a?s=96&d=mm&r=g","caption":"Ignasi Ullod"},"description":"Doctor en Medicina China, Nutrici\u00f3n Cl\u00ednica y acupuntor en CF-Roger de Ll\u00faria","url":"https:\/\/www.activasalut.com\/ca\/author\/ignasi-ullod\/"}]}},"_links":{"self":[{"href":"https:\/\/www.activasalut.com\/ca\/wp-json\/wp\/v2\/posts\/8245"}],"collection":[{"href":"https:\/\/www.activasalut.com\/ca\/wp-json\/wp\/v2\/posts"}],"about":[{"href":"https:\/\/www.activasalut.com\/ca\/wp-json\/wp\/v2\/types\/post"}],"author":[{"embeddable":true,"href":"https:\/\/www.activasalut.com\/ca\/wp-json\/wp\/v2\/users\/9"}],"replies":[{"embeddable":true,"href":"https:\/\/www.activasalut.com\/ca\/wp-json\/wp\/v2\/comments?post=8245"}],"version-history":[{"count":6,"href":"https:\/\/www.activasalut.com\/ca\/wp-json\/wp\/v2\/posts\/8245\/revisions"}],"predecessor-version":[{"id":8458,"href":"https:\/\/www.activasalut.com\/ca\/wp-json\/wp\/v2\/posts\/8245\/revisions\/8458"}],"wp:featuredmedia":[{"embeddable":true,"href":"https:\/\/www.activasalut.com\/ca\/wp-json\/wp\/v2\/media\/8234"}],"wp:attachment":[{"href":"https:\/\/www.activasalut.com\/ca\/wp-json\/wp\/v2\/media?parent=8245"}],"wp:term":[{"taxonomy":"category","embeddable":true,"href":"https:\/\/www.activasalut.com\/ca\/wp-json\/wp\/v2\/categories?post=8245"},{"taxonomy":"post_tag","embeddable":true,"href":"https:\/\/www.activasalut.com\/ca\/wp-json\/wp\/v2\/tags?post=8245"}],"curies":[{"name":"wp","href":"https:\/\/api.w.org\/{rel}","templated":true}]}}