{"id":8405,"date":"2021-12-10T17:34:46","date_gmt":"2021-12-10T16:34:46","guid":{"rendered":"https:\/\/www.activasalut.com\/?p=8405"},"modified":"2022-01-26T15:58:36","modified_gmt":"2022-01-26T14:58:36","slug":"dia-mundial-de-la-disfagia","status":"publish","type":"post","link":"https:\/\/www.activasalut.com\/ca\/dia-mundial-de-la-disfagia\/","title":{"rendered":"Dia Mundial de la Disf\u00e0gia"},"content":{"rendered":"\n<p>El dia 12 de desembre se celebra el <strong>Dia Mundial de la Disf\u00e0gia<\/strong>, en aquest post us expliquem en qu\u00e8 consisteix aquesta malaltia:<\/p>\n\n\n\n<p><strong>Qu\u00e8 \u00e9s la disf\u00e0gia?<\/strong><\/p>\n\n\n\n<p><strong>La disf\u00e0gia<\/strong> \u00e9s la dificultat per empassar, \u00e9s a dir per a formar i transportar l\u2019aliment des de la boca a l\u2019es\u00f2fag. \u00c9s una alteraci\u00f3 que afecta la qualitat de vida de les persones que la pateixen i que provoquen tensions psicol\u00f2giques i socials tant en els pacients com en els seus familiars.<\/p>\n\n\n\n<!--more-->\n\n\n\n<div class=\"wp-block-image\"><figure class=\"aligncenter size-full is-resized\"><a href=\"https:\/\/www.activasalut.com\/wp-content\/uploads\/2021\/12\/1.jpg\"><img decoding=\"async\" loading=\"lazy\" src=\"https:\/\/www.activasalut.com\/wp-content\/uploads\/2021\/12\/1.jpg\" alt=\"\" class=\"wp-image-8396\" width=\"497\" height=\"332\" srcset=\"https:\/\/www.activasalut.com\/wp-content\/uploads\/2021\/12\/1.jpg 663w, https:\/\/www.activasalut.com\/wp-content\/uploads\/2021\/12\/1-300x200.jpg 300w, https:\/\/www.activasalut.com\/wp-content\/uploads\/2021\/12\/1-604x402.jpg 604w\" sizes=\"(max-width: 497px) 100vw, 497px\" \/><\/a><\/figure><\/div>\n\n\n\n<p>Les <strong>complicacions nutricionals i respirat\u00f2ries<\/strong> de la disf\u00e0gia s\u00f3n molt greus i freq\u00fcents. &nbsp;La prevalen\u00e7a de la desnutrici\u00f3 \u00e9s molt elevada i pot arribar fins al 33% de les persones grans amb disf\u00e0gia, la deshidrataci\u00f3 tamb\u00e9 \u00e9s una complicaci\u00f3 freq\u00fcent, tot i que la seva prevalen\u00e7a \u00e9s encara molt desconeguda. Les complicacions respirat\u00f2ries suposen la principal causa de mortalitat dels pacients amb disf\u00e0gia, fins el 50% dels pacients que aspiren l\u2019aliment (l\u2019aliment va als pulmons) desenvolupen pneum\u00f2nia.<\/p>\n\n\n\n<p><strong>Prevalen\u00e7a de la disf\u00e0gia<\/strong><\/p>\n\n\n\n<p>Les poblacions amb m\u00e9s risc de presentar disf\u00e0gia s\u00f3n les persones grans, afectant al 30-40% de les persones majors de 65 anys, entre el 56-78% d\u2019ancians institucionalitzats, fins el 44% d\u2019ancians ingressats en un hospital general i al voltant del &nbsp;25% dels ancians que viuen de forma independent en la comunitat.<\/p>\n\n\n\n<p>Les dades que es disposen de la resta de la poblaci\u00f3 son les seg\u00fcents:<\/p>\n\n\n\n<ul><li>Persones que han patit un ictus, s\u2019estima que pot afectar a m\u00e9s del 30% de pacients.<\/li><li>Entre el 52-82% de les persones amb malaltia de Parkinson tamb\u00e9 presentaran disf\u00e0gia en algun moment de l\u2019evoluci\u00f3 de la malaltia.<\/li><li>El 80% dels pacients amb malaltia d\u2019Alzheimer.<\/li><li>El 40% de pacients amb Esclerosi M\u00faltiple.<\/li><li>El 47,4% dels pacients ingressats en una Unitat Geri\u00e0trica d\u2019Aguts (UGA) &nbsp;u hospital general.<\/li><li>Al voltant del 80% dels pacients que han rebut tractament quir\u00fargic o de radioter\u00e0pia per tumors de cap i coll.<strong><\/strong><\/li><\/ul>\n\n\n\n<p><strong>S\u00edmptomes de la disf\u00e0gia<\/strong><\/p>\n\n\n\n<p>L\u2019alteraci\u00f3 es pot presentar durant la ingesta d\u2019aliments l\u00edquids, s\u00f2lids, semi-s\u00f2lids com por exemple: iogurts, crema catalana\u2026etc, o amb la combinaci\u00f3 entre aliments.<\/p>\n\n\n\n<p>Els s\u00edmptomes que ens alertaran d\u2019una disf\u00e0gia son:<\/p>\n\n\n\n<ul><li>Pres\u00e8ncia de tos durant els \u00e0pats, o despr\u00e8s de les ingestes. <\/li><li>Sensaci\u00f3 de cos estrany a la zona de la gola a l\u2019empassar. <\/li><li>Mastegar o deglutir amb excessiva lentitud. <\/li><li>P\u00e8rdua de pes sense motiu aparent. <\/li><li>Canvis de veu despr\u00e8s de menjar. <\/li><li>Augment de l\u2019esfor\u00e7 en el moment de deglutir. <\/li><\/ul>\n\n\n\n<div class=\"wp-block-image\"><figure class=\"aligncenter size-full is-resized\"><a href=\"https:\/\/www.activasalut.com\/wp-content\/uploads\/2021\/12\/3.jpg\"><img decoding=\"async\" loading=\"lazy\" src=\"https:\/\/www.activasalut.com\/wp-content\/uploads\/2021\/12\/3.jpg\" alt=\"\" class=\"wp-image-8400\" width=\"311\" height=\"208\" srcset=\"https:\/\/www.activasalut.com\/wp-content\/uploads\/2021\/12\/3.jpg 622w, https:\/\/www.activasalut.com\/wp-content\/uploads\/2021\/12\/3-300x200.jpg 300w, https:\/\/www.activasalut.com\/wp-content\/uploads\/2021\/12\/3-604x402.jpg 604w\" sizes=\"(max-width: 311px) 100vw, 311px\" \/><\/a><\/figure><\/div>\n\n\n\n<div class=\"wp-block-image\"><figure class=\"aligncenter size-full is-resized\"><a href=\"https:\/\/www.activasalut.com\/wp-content\/uploads\/2021\/12\/2.jpg\"><img decoding=\"async\" loading=\"lazy\" src=\"https:\/\/www.activasalut.com\/wp-content\/uploads\/2021\/12\/2.jpg\" alt=\"\" class=\"wp-image-8398\" width=\"310\" height=\"197\" srcset=\"https:\/\/www.activasalut.com\/wp-content\/uploads\/2021\/12\/2.jpg 663w, https:\/\/www.activasalut.com\/wp-content\/uploads\/2021\/12\/2-300x190.jpg 300w\" sizes=\"(max-width: 310px) 100vw, 310px\" \/><\/a><\/figure><\/div>\n\n\n\n<p><strong>&nbsp;<\/strong><\/p>\n\n\n\n<p><strong>Prevenci\u00f3 de la disf\u00e0gia<\/strong><\/p>\n\n\n\n<p>La disf\u00e0gia es pot prevenir i tamb\u00e9 es pot millorar. &nbsp;La <strong>dieta <\/strong>\u00e9s un dels factors m\u00e9s rellevants en l\u2019atenci\u00f3 i cura de la disf\u00e0gia.<\/p>\n\n\n\n<p>Es molt important llegir amb deteniment les seg\u00fcents recomanacions:<\/p>\n\n\n\n<ul><li><strong>No parlar mentre es menja<\/strong>: Quan parlem les vies respirat\u00f2ries s\u2019obren i \u00e9s m\u00e9s f\u00e0cil ennuegar-se, facilitant que l\u2019aliment vagi als pulmons.<\/li><li><strong>Concentrar-se en l\u2019acte de menjar<\/strong>: Evitar distraccions (vegeu la televisi\u00f3, escoltar la r\u00e0dio, etc), aconseguir un ambient tranquil i relaxat que permeti mantenir l&#8217;atenci\u00f3 en el proc\u00e9s de mastegar i empassar.<\/li><li>Mantenir una <strong>postura corporal que asseguri la correcta degluci\u00f3 en menjar<\/strong>: Asseure en&nbsp; una cadira mantenint l\u2019esquena en contacte amb el respatller i els peus recolzats en el terra. Continuar en aquesta posici\u00f3 40 minuts despr\u00e9s de menjar per a evitar el reflux gastro-esof\u00e0gic.<\/li><li>En empassar l\u2019aliment la <strong>posici\u00f3 del cap ser\u00e0 de<\/strong> <strong>flexi\u00f3 endavant:<\/strong> Baixar el cap, com si es volgu\u00e9s mirar els peus, per facilitar que l\u2019aliment baixi.<\/li><li>En cas de menjar al llit, <strong>col\u00b7locar l\u2019esquena recta i flexionar les cames<\/strong> elevant-les lleugerament amb l\u2019ajut d\u2019un coix\u00ed.<\/li><li><strong>Retirar les canyetes<\/strong> per a beure els l\u00edquids.<\/li><li><strong>Evitar els aliments que no tinguin textures homog\u00e8nies<\/strong>: Evitar grumolls, llavors, fils i espines. No ingerir aliments amb textures mixtes com per exemple llet amb galetes.<\/li><li>Afegir unes <strong>gotetes de llimona o taronja<\/strong> a l\u2019espessidor alimentari per a millor el sabor de l\u2019aigua.<\/li><li>Finalitzada la ingesta<strong>, realitzar una bona higiene de la cavitat bucal<\/strong>: Una incorrecta higiene de les dents i la boca augmenta la colonitzaci\u00f3 bucal per g\u00e8rmens, incrementant la possibilitat d\u2019infecci\u00f3 en cas que l\u2019aliment vagi als pulmons (aspiracions pulmonars).<\/li><\/ul>\n\n\n\n<div class=\"wp-block-image\"><figure class=\"aligncenter size-full is-resized\"><a href=\"https:\/\/www.activasalut.com\/wp-content\/uploads\/2021\/12\/4.jpg\"><img decoding=\"async\" loading=\"lazy\" src=\"https:\/\/www.activasalut.com\/wp-content\/uploads\/2021\/12\/4.jpg\" alt=\"\" class=\"wp-image-8402\" width=\"441\" height=\"294\" srcset=\"https:\/\/www.activasalut.com\/wp-content\/uploads\/2021\/12\/4.jpg 588w, https:\/\/www.activasalut.com\/wp-content\/uploads\/2021\/12\/4-300x200.jpg 300w\" sizes=\"(max-width: 441px) 100vw, 441px\" \/><\/a><\/figure><\/div>\n\n\n\n<p><strong><em>Per a major informaci\u00f3 i tractaments, consulta amb el nostre Servei de Logop\u00e8dia.<\/em><\/strong><\/p>\n\n\n\n<h2>Consulta en la nostra&nbsp;<a href=\"https:\/\/www.fisiogestion.com\/ca\/centros\/\">xarxa de centres<\/a>&nbsp;per a realitzar una consulta o tractament de&nbsp;<a href=\"https:\/\/www.fisiogestion.com\/ca\/servicios-en-centros\/servicios-logopedia\/\">logop\u00e8dia<\/a>.<br>Si ho prefereixes emplena aquest formulari i et contactarem per a informar-te.<\/h2>\n\n\n\n<div class=\"wp-block-contact-form-7-contact-form-selector\">\n<div class=\"wpcf7 no-js\" id=\"wpcf7-f5253-o1\" lang=\"es-ES\" dir=\"ltr\">\n<div class=\"screen-reader-response\"><p role=\"status\" aria-live=\"polite\" aria-atomic=\"true\"><\/p> <ul><\/ul><\/div>\n<form action=\"\/ca\/wp-json\/wp\/v2\/posts\/8405#wpcf7-f5253-o1\" method=\"post\" class=\"wpcf7-form init\" aria-label=\"Formulario de contacto\" novalidate=\"novalidate\" data-status=\"init\">\n<div style=\"display: none;\">\n<input type=\"hidden\" name=\"_wpcf7\" value=\"5253\" \/>\n<input type=\"hidden\" name=\"_wpcf7_version\" value=\"5.7.3\" \/>\n<input type=\"hidden\" name=\"_wpcf7_locale\" value=\"es_ES\" \/>\n<input type=\"hidden\" name=\"_wpcf7_unit_tag\" value=\"wpcf7-f5253-o1\" \/>\n<input type=\"hidden\" name=\"_wpcf7_container_post\" value=\"0\" \/>\n<input type=\"hidden\" name=\"_wpcf7_posted_data_hash\" value=\"\" \/>\n<input type=\"hidden\" name=\"_wpcf7_recaptcha_response\" value=\"\" \/>\n<\/div>\n<div class=\"wpcf7-response-output\" aria-hidden=\"true\"><\/div>\n<div class='comment-form'>\n\t<div class=\"comment-form-inputs\">\n\t\t<p><span class=\"wpcf7-form-control-wrap\" data-name=\"nombre\"><input size=\"40\" class=\"wpcf7-form-control wpcf7-text wpcf7-validates-as-required\" id=\"nombre\" aria-required=\"true\" aria-invalid=\"false\" placeholder=\"Nom (requerit)\" value=\"\" type=\"text\" name=\"nombre\" \/><\/span>\n\t\t<\/p>\n\t\t<p><span class=\"wpcf7-form-control-wrap\" data-name=\"apellidos\"><input size=\"40\" class=\"wpcf7-form-control wpcf7-text wpcf7-validates-as-required\" id=\"apellidos\" aria-required=\"true\" aria-invalid=\"false\" placeholder=\"Cognoms (requerit)\" value=\"\" type=\"text\" name=\"apellidos\" \/><\/span>\n\t\t<\/p>\n\t\t<p><span class=\"wpcf7-form-control-wrap\" data-name=\"email\"><input size=\"40\" class=\"wpcf7-form-control wpcf7-text wpcf7-email wpcf7-validates-as-required wpcf7-validates-as-email\" id=\"email\" aria-required=\"true\" aria-invalid=\"false\" placeholder=\"Email (requerit)\" value=\"\" type=\"email\" name=\"email\" \/><\/span>\n\t\t<\/p>\n\t\t<p><span class=\"wpcf7-form-control-wrap\" data-name=\"telefono\"><input size=\"40\" class=\"wpcf7-form-control wpcf7-text wpcf7-tel wpcf7-validates-as-required wpcf7-validates-as-tel\" id=\"telefono\" aria-required=\"true\" aria-invalid=\"false\" placeholder=\"Tel\u00e8fon (requerit)\" value=\"\" type=\"tel\" name=\"telefono\" \/><\/span>\n\t\t<\/p>\n\t<\/div>\n\t<p><span class=\"wpcf7-form-control-wrap\" data-name=\"mensaje\"><textarea cols=\"39\" rows=\"10\" class=\"wpcf7-form-control wpcf7-textarea wpcf7-validates-as-required\" id=\"mensaje\" aria-required=\"true\" aria-invalid=\"false\" placeholder=\"Missatge (requerit)\" name=\"mensaje\"><\/textarea><\/span>\n\t<\/p>\n\t<p class=\"form-submit\"><input class=\"wpcf7-form-control has-spinner wpcf7-submit\" type=\"submit\" value=\"Enviar\" \/>\n\t<\/p>\n<\/div>\n<p style=\"text-align:justify; color:#383838;\"><br \/>\n<em>L\u2019informem que les dades recollides al present formulari, seran tractades per Corporaci\u00f3 d'Administraci\u00f3 Sanit\u00e0ria A.I.E., per poder atendre i donar resposta a la seva sol\u00b7licitud d\u2018informaci\u00f3. Si necessita m\u00e9s informaci\u00f3 o vol exercir els seus drets sobre aquestes dades consulti la nostra <a href=\"https:\/\/www.fisiogestion.com\/ca\/politica-privacidad\/\">Pol\u00edtica de Privacitat<\/a>.<\/em>\n<\/p>\n<\/form>\n<\/div>\n<\/div>\n","protected":false},"excerpt":{"rendered":"<p>El dia 12 de desembre se celebra el Dia Mundial de la Disf\u00e0gia, en aquest post us expliquem en qu\u00e8 consisteix aquesta malaltia: Qu\u00e8<a class=\"moretag\" href=\"https:\/\/www.activasalut.com\/ca\/dia-mundial-de-la-disfagia\/\">Llegeix m\u00e9s&#8230;<\/a><\/p>\n","protected":false},"author":25,"featured_media":8396,"comment_status":"open","ping_status":"closed","sticky":false,"template":"","format":"standard","meta":[],"categories":[849],"tags":[],"yoast_head":"<!-- This site is optimized with the Yoast SEO plugin v20.0 - https:\/\/yoast.com\/wordpress\/plugins\/seo\/ -->\n<title>Dia Mundial de la Disf\u00e0gia<\/title>\n<meta name=\"robots\" content=\"index, follow, max-snippet:-1, max-image-preview:large, max-video-preview:-1\" \/>\n<link rel=\"canonical\" href=\"https:\/\/www.activasalut.com\/ca\/dia-mundial-de-la-disfagia\/\" \/>\n<meta property=\"og:locale\" content=\"ca_ES\" \/>\n<meta property=\"og:type\" content=\"article\" \/>\n<meta property=\"og:title\" content=\"Dia Mundial de la Disf\u00e0gia\" \/>\n<meta property=\"og:description\" content=\"El dia 12 de desembre se celebra el Dia Mundial de la Disf\u00e0gia, en aquest post us expliquem en qu\u00e8 consisteix aquesta malaltia: Qu\u00e8Llegeix m\u00e9s...\" \/>\n<meta property=\"og:url\" content=\"https:\/\/www.activasalut.com\/ca\/dia-mundial-de-la-disfagia\/\" \/>\n<meta property=\"og:site_name\" content=\"Corporaci\u00f3 Fisiogesti\u00f3\" \/>\n<meta property=\"article:published_time\" content=\"2021-12-10T16:34:46+00:00\" \/>\n<meta property=\"article:modified_time\" content=\"2022-01-26T14:58:36+00:00\" \/>\n<meta property=\"og:image\" content=\"https:\/\/www.activasalut.com\/wp-content\/uploads\/2021\/12\/1.jpg\" \/>\n\t<meta property=\"og:image:width\" content=\"663\" \/>\n\t<meta property=\"og:image:height\" content=\"442\" \/>\n\t<meta property=\"og:image:type\" content=\"image\/jpeg\" \/>\n<meta name=\"author\" content=\"Esther L\u00f3pez\" \/>\n<meta name=\"twitter:label1\" content=\"Escrit per\" \/>\n\t<meta name=\"twitter:data1\" content=\"Esther L\u00f3pez\" \/>\n\t<meta name=\"twitter:label2\" content=\"Temps estimat de lectura\" \/>\n\t<meta name=\"twitter:data2\" content=\"5 minuts\" \/>\n<script type=\"application\/ld+json\" class=\"yoast-schema-graph\">{\"@context\":\"https:\/\/schema.org\",\"@graph\":[{\"@type\":\"WebPage\",\"@id\":\"https:\/\/www.activasalut.com\/ca\/dia-mundial-de-la-disfagia\/\",\"url\":\"https:\/\/www.activasalut.com\/ca\/dia-mundial-de-la-disfagia\/\",\"name\":\"Dia Mundial de la Disf\u00e0gia\",\"isPartOf\":{\"@id\":\"https:\/\/www.activasalut.com\/ca\/#website\"},\"datePublished\":\"2021-12-10T16:34:46+00:00\",\"dateModified\":\"2022-01-26T14:58:36+00:00\",\"author\":{\"@id\":\"https:\/\/www.activasalut.com\/ca\/#\/schema\/person\/58c021e0d12eb6ce725a0f94ec2962cd\"},\"breadcrumb\":{\"@id\":\"https:\/\/www.activasalut.com\/ca\/dia-mundial-de-la-disfagia\/#breadcrumb\"},\"inLanguage\":\"ca\",\"potentialAction\":[{\"@type\":\"ReadAction\",\"target\":[\"https:\/\/www.activasalut.com\/ca\/dia-mundial-de-la-disfagia\/\"]}]},{\"@type\":\"BreadcrumbList\",\"@id\":\"https:\/\/www.activasalut.com\/ca\/dia-mundial-de-la-disfagia\/#breadcrumb\",\"itemListElement\":[{\"@type\":\"ListItem\",\"position\":1,\"name\":\"Portada\",\"item\":\"https:\/\/www.activasalut.com\/ca\/\"},{\"@type\":\"ListItem\",\"position\":2,\"name\":\"Dia Mundial de la Disf\u00e0gia\"}]},{\"@type\":\"WebSite\",\"@id\":\"https:\/\/www.activasalut.com\/ca\/#website\",\"url\":\"https:\/\/www.activasalut.com\/ca\/\",\"name\":\"Corporaci\u00f3n fisiogesti\u00f3n\",\"description\":\"Activa la teva salut\",\"potentialAction\":[{\"@type\":\"SearchAction\",\"target\":{\"@type\":\"EntryPoint\",\"urlTemplate\":\"https:\/\/www.activasalut.com\/ca\/?s={search_term_string}\"},\"query-input\":\"required name=search_term_string\"}],\"inLanguage\":\"ca\"},{\"@type\":\"Person\",\"@id\":\"https:\/\/www.activasalut.com\/ca\/#\/schema\/person\/58c021e0d12eb6ce725a0f94ec2962cd\",\"name\":\"Esther L\u00f3pez\",\"image\":{\"@type\":\"ImageObject\",\"inLanguage\":\"ca\",\"@id\":\"https:\/\/www.activasalut.com\/ca\/#\/schema\/person\/image\/\",\"url\":\"https:\/\/secure.gravatar.com\/avatar\/c44874e579f3b74c5601fbebe0a1a831?s=96&d=mm&r=g\",\"contentUrl\":\"https:\/\/secure.gravatar.com\/avatar\/c44874e579f3b74c5601fbebe0a1a831?s=96&d=mm&r=g\",\"caption\":\"Esther L\u00f3pez\"},\"url\":\"https:\/\/www.activasalut.com\/ca\/author\/esther-lopez\/\"}]}<\/script>\n<!-- \/ Yoast SEO plugin. -->","yoast_head_json":{"title":"Dia Mundial de la Disf\u00e0gia","robots":{"index":"index","follow":"follow","max-snippet":"max-snippet:-1","max-image-preview":"max-image-preview:large","max-video-preview":"max-video-preview:-1"},"canonical":"https:\/\/www.activasalut.com\/ca\/dia-mundial-de-la-disfagia\/","og_locale":"ca_ES","og_type":"article","og_title":"Dia Mundial de la Disf\u00e0gia","og_description":"El dia 12 de desembre se celebra el Dia Mundial de la Disf\u00e0gia, en aquest post us expliquem en qu\u00e8 consisteix aquesta malaltia: Qu\u00e8Llegeix m\u00e9s...","og_url":"https:\/\/www.activasalut.com\/ca\/dia-mundial-de-la-disfagia\/","og_site_name":"Corporaci\u00f3 Fisiogesti\u00f3","article_published_time":"2021-12-10T16:34:46+00:00","article_modified_time":"2022-01-26T14:58:36+00:00","og_image":[{"width":663,"height":442,"url":"https:\/\/www.activasalut.com\/wp-content\/uploads\/2021\/12\/1.jpg","type":"image\/jpeg"}],"author":"Esther L\u00f3pez","twitter_misc":{"Escrit per":"Esther L\u00f3pez","Temps estimat de lectura":"5 minuts"},"schema":{"@context":"https:\/\/schema.org","@graph":[{"@type":"WebPage","@id":"https:\/\/www.activasalut.com\/ca\/dia-mundial-de-la-disfagia\/","url":"https:\/\/www.activasalut.com\/ca\/dia-mundial-de-la-disfagia\/","name":"Dia Mundial de la Disf\u00e0gia","isPartOf":{"@id":"https:\/\/www.activasalut.com\/ca\/#website"},"datePublished":"2021-12-10T16:34:46+00:00","dateModified":"2022-01-26T14:58:36+00:00","author":{"@id":"https:\/\/www.activasalut.com\/ca\/#\/schema\/person\/58c021e0d12eb6ce725a0f94ec2962cd"},"breadcrumb":{"@id":"https:\/\/www.activasalut.com\/ca\/dia-mundial-de-la-disfagia\/#breadcrumb"},"inLanguage":"ca","potentialAction":[{"@type":"ReadAction","target":["https:\/\/www.activasalut.com\/ca\/dia-mundial-de-la-disfagia\/"]}]},{"@type":"BreadcrumbList","@id":"https:\/\/www.activasalut.com\/ca\/dia-mundial-de-la-disfagia\/#breadcrumb","itemListElement":[{"@type":"ListItem","position":1,"name":"Portada","item":"https:\/\/www.activasalut.com\/ca\/"},{"@type":"ListItem","position":2,"name":"Dia Mundial de la Disf\u00e0gia"}]},{"@type":"WebSite","@id":"https:\/\/www.activasalut.com\/ca\/#website","url":"https:\/\/www.activasalut.com\/ca\/","name":"Corporaci\u00f3n fisiogesti\u00f3n","description":"Activa la teva salut","potentialAction":[{"@type":"SearchAction","target":{"@type":"EntryPoint","urlTemplate":"https:\/\/www.activasalut.com\/ca\/?s={search_term_string}"},"query-input":"required name=search_term_string"}],"inLanguage":"ca"},{"@type":"Person","@id":"https:\/\/www.activasalut.com\/ca\/#\/schema\/person\/58c021e0d12eb6ce725a0f94ec2962cd","name":"Esther L\u00f3pez","image":{"@type":"ImageObject","inLanguage":"ca","@id":"https:\/\/www.activasalut.com\/ca\/#\/schema\/person\/image\/","url":"https:\/\/secure.gravatar.com\/avatar\/c44874e579f3b74c5601fbebe0a1a831?s=96&d=mm&r=g","contentUrl":"https:\/\/secure.gravatar.com\/avatar\/c44874e579f3b74c5601fbebe0a1a831?s=96&d=mm&r=g","caption":"Esther L\u00f3pez"},"url":"https:\/\/www.activasalut.com\/ca\/author\/esther-lopez\/"}]}},"_links":{"self":[{"href":"https:\/\/www.activasalut.com\/ca\/wp-json\/wp\/v2\/posts\/8405"}],"collection":[{"href":"https:\/\/www.activasalut.com\/ca\/wp-json\/wp\/v2\/posts"}],"about":[{"href":"https:\/\/www.activasalut.com\/ca\/wp-json\/wp\/v2\/types\/post"}],"author":[{"embeddable":true,"href":"https:\/\/www.activasalut.com\/ca\/wp-json\/wp\/v2\/users\/25"}],"replies":[{"embeddable":true,"href":"https:\/\/www.activasalut.com\/ca\/wp-json\/wp\/v2\/comments?post=8405"}],"version-history":[{"count":4,"href":"https:\/\/www.activasalut.com\/ca\/wp-json\/wp\/v2\/posts\/8405\/revisions"}],"predecessor-version":[{"id":8497,"href":"https:\/\/www.activasalut.com\/ca\/wp-json\/wp\/v2\/posts\/8405\/revisions\/8497"}],"wp:featuredmedia":[{"embeddable":true,"href":"https:\/\/www.activasalut.com\/ca\/wp-json\/wp\/v2\/media\/8396"}],"wp:attachment":[{"href":"https:\/\/www.activasalut.com\/ca\/wp-json\/wp\/v2\/media?parent=8405"}],"wp:term":[{"taxonomy":"category","embeddable":true,"href":"https:\/\/www.activasalut.com\/ca\/wp-json\/wp\/v2\/categories?post=8405"},{"taxonomy":"post_tag","embeddable":true,"href":"https:\/\/www.activasalut.com\/ca\/wp-json\/wp\/v2\/tags?post=8405"}],"curies":[{"name":"wp","href":"https:\/\/api.w.org\/{rel}","templated":true}]}}