{"id":8424,"date":"2022-01-13T12:24:10","date_gmt":"2022-01-13T11:24:10","guid":{"rendered":"https:\/\/www.activasalut.com\/?p=8424"},"modified":"2022-01-13T12:24:11","modified_gmt":"2022-01-13T11:24:11","slug":"que-es-la-tecarterapia-o-indiba","status":"publish","type":"post","link":"https:\/\/www.activasalut.com\/ca\/que-es-la-tecarterapia-o-indiba\/","title":{"rendered":"Qu\u00e8 \u00e9s la tecarter\u00e0pia o INDIBA?"},"content":{"rendered":"\n<p>A les darreres d\u00e8cades, el m\u00f3n de la fisioter\u00e0pia ha evolucionat molt i al seu costat, la maquin\u00e0ria que ens ajuda a millorar els nostres tractaments en el nostre dia a dia.<br><strong>INDIBA<\/strong>&#x2122; \u00e9s una marca catalana que va n\u00e9ixer el 1983<a href=\"https:\/\/www.activasalut.com\/?p=8369&amp;preview=true#_ftn1\">[1]<\/a> , i que des de llavors va anar desenvolupant la seva maquin\u00e0ria de radiofreq\u00fc\u00e8ncia fins que la va millorar amb el resultat del m\u00e8tode<a href=\"https:\/\/www.activasalut.com\/?p=8369&amp;preview=true#_ftn2\">[2]<\/a><em><strong>TECAR <\/strong><\/em>el 1998, que consta d&#8217;una part anomenada capacitiva i una altra anomenada <strong>resistiva<\/strong>. L&#8217;\u00fas d&#8217;aquesta t\u00e8cnica va ser batejat com a tecarter\u00e0pia. I aix\u00ed va ser com a principis del segle XXI, a trav\u00e9s d&#8217;INDIBA&#x2122; i de la seva rocambolesca hist\u00f2ria, va ser el torn de la implantaci\u00f3 de la tecarter\u00e0pia al m\u00f3n de la fisioter\u00e0pia al nostre pa\u00eds.<\/p>\n\n\n\n<!--more-->\n\n\n\n<hr class=\"wp-block-separator\"\/>\n\n\n\n<p><a href=\"https:\/\/www.activasalut.com\/?p=8369&amp;preview=true#_ftnref1\">[1]<\/a>&nbsp;www.indiba.com<br><a href=\"https:\/\/www.activasalut.com\/?p=8369&amp;preview=true#_ftn2\">[2]<\/a>Parolo E, Onesta MP. Hyperthermia mitjan\u00e7ant resistive and capacitive energy transfer en el tractament d&#8217;acute and chronic musculoskeletal lesions. La Riabilitazione. 1998;31(2):3.<\/p>\n\n\n\n<div class=\"wp-block-image\"><figure class=\"aligncenter size-full is-resized\"><a href=\"https:\/\/www.activasalut.com\/wp-content\/uploads\/2021\/12\/indiba.jpg\"><img decoding=\"async\" loading=\"lazy\" src=\"https:\/\/www.activasalut.com\/wp-content\/uploads\/2021\/12\/indiba.jpg\" alt=\"\" class=\"wp-image-8371\" width=\"587\" height=\"546\" srcset=\"https:\/\/www.activasalut.com\/wp-content\/uploads\/2021\/12\/indiba.jpg 783w, https:\/\/www.activasalut.com\/wp-content\/uploads\/2021\/12\/indiba-300x279.jpg 300w, https:\/\/www.activasalut.com\/wp-content\/uploads\/2021\/12\/indiba-768x714.jpg 768w\" sizes=\"(max-width: 587px) 100vw, 587px\" \/><\/a><figcaption><strong>Foto<\/strong>: <em>Tractament amb INDIBA a Corporaci\u00f3 Fisiogesti\u00f3n.<\/em><\/figcaption><\/figure><\/div>\n\n\n\n<p>La tecarter\u00e0pia \u00e9s una t\u00e8cnica que ens ajuda a regenerar els teixits, estimulant-los a trav\u00e9s de l&#8217;\u00fas d&#8217;electricitat en radiofreq\u00fc\u00e8ncia (448HZ). \u00c9s, doncs, el nostre propi cos que condueix l&#8217;electricitat d&#8217;un pol a un altre. Aix\u00f2 ens proporciona l&#8217;avantatge de poder treballar a zones tan superficialment amb la part capacitiva, per a <strong>problemes inflamatoris <\/strong>i <strong>limf\u00e0tics<\/strong>, en aquest cas es podria treballar fins i tot sense temperatura, com a nivell m\u00e9s profund amb la part resistiva, per a <strong>regeneraci\u00f3 de teixits<\/strong> i sobretot de <strong>fibres musculars<\/strong>, en aquest cas far\u00edem servir calor profunda.<\/p>\n\n\n\n<div class=\"wp-block-image\"><figure class=\"aligncenter size-large is-resized\"><a href=\"https:\/\/www.activasalut.com\/wp-content\/uploads\/2022\/01\/SHORT-1-scaled.jpg\"><img decoding=\"async\" loading=\"lazy\" src=\"https:\/\/www.activasalut.com\/wp-content\/uploads\/2022\/01\/SHORT-1-1024x683.jpg\" alt=\"\" class=\"wp-image-8422\" width=\"512\" height=\"342\" srcset=\"https:\/\/www.activasalut.com\/wp-content\/uploads\/2022\/01\/SHORT-1-1024x683.jpg 1024w, https:\/\/www.activasalut.com\/wp-content\/uploads\/2022\/01\/SHORT-1-300x200.jpg 300w, https:\/\/www.activasalut.com\/wp-content\/uploads\/2022\/01\/SHORT-1-768x512.jpg 768w, https:\/\/www.activasalut.com\/wp-content\/uploads\/2022\/01\/SHORT-1-1536x1025.jpg 1536w, https:\/\/www.activasalut.com\/wp-content\/uploads\/2022\/01\/SHORT-1-2048x1366.jpg 2048w, https:\/\/www.activasalut.com\/wp-content\/uploads\/2022\/01\/SHORT-1-604x402.jpg 604w\" sizes=\"(max-width: 512px) 100vw, 512px\" \/><\/a><\/figure><\/div>\n\n\n\n<h5>Quins beneficis ens aporta la tecarter\u00e0pia respecte a altres t\u00e8cniques?<\/h5>\n\n\n\n<p>Com hem dit anteriorment, la tecarter\u00e0pia estimula el nostre metabolisme, la qual cosa, \u00e9s un complement ideal per a accelerar les recuperacions, sobretot en l\u2019\u00e0mbit muscular. I aix\u00f2 \u00e9s aix\u00ed, perqu\u00e8 quan treballem amb temperatura<a href=\"https:\/\/www.activasalut.com\/?p=8369&amp;preview=true#_ftn1\">[3]<\/a>, creem una vasodilataci\u00f3 que, d&#8217;una banda, ens augmenta el reg sanguini de la zona tractada, element que ens permet aportar nutrients per a la regeneraci\u00f3 del teixit i, d&#8217;altra banda, ens allibera endorfines, que s\u00f3n les responsables d&#8217;aportar una sensaci\u00f3 de benestar i analg\u00e8sia.<\/p>\n\n\n\n<p><br>Aix\u00ed doncs, tots els dolors musculars, articulars i fins i tot inflamatoris milloraran amb aquesta t\u00e8cnica. I finalment, dir que no \u00e9s una t\u00e8cnica ni invasiva ni agressiva, per aix\u00f2 \u00e9s tolerable per qualsevol pacient.<\/p>\n\n\n\n<hr class=\"wp-block-separator\"\/>\n\n\n\n<p><a href=\"https:\/\/www.activasalut.com\/?p=8369&amp;preview=true#_ftnref1\">[3]<\/a>&nbsp;Kumaran B &amp; Watson T. Thermal build-up, decay and retention responses to local therapeutic application of 448\u2009kHz capacitive resistive monopolar radiofrequency: A prospective randomised crossover study in healthy adults. Pubmed. 02 nov. 2015<\/p>\n\n\n\n<h3>Pots consultar els nostres serveis de&nbsp;<a href=\"https:\/\/www.fisiogestion.com\/ca\/servicios-en-centros\/fisioterapia\/\">fisioter\u00e0pia<\/a>&nbsp;en la nostra xarxa de&nbsp;<a href=\"https:\/\/www.fisiogestion.com\/ca\/centros\/\">centres&nbsp;<\/a>o emplenar aquest formulari i et contactarem.<\/h3>\n\n\n\n<div class=\"wp-block-contact-form-7-contact-form-selector\">\n<div class=\"wpcf7 no-js\" id=\"wpcf7-f5253-o1\" lang=\"es-ES\" dir=\"ltr\">\n<div class=\"screen-reader-response\"><p role=\"status\" aria-live=\"polite\" aria-atomic=\"true\"><\/p> <ul><\/ul><\/div>\n<form action=\"\/ca\/wp-json\/wp\/v2\/posts\/8424#wpcf7-f5253-o1\" method=\"post\" class=\"wpcf7-form init\" aria-label=\"Formulario de contacto\" novalidate=\"novalidate\" data-status=\"init\">\n<div style=\"display: none;\">\n<input type=\"hidden\" name=\"_wpcf7\" value=\"5253\" \/>\n<input type=\"hidden\" name=\"_wpcf7_version\" value=\"5.7.3\" \/>\n<input type=\"hidden\" name=\"_wpcf7_locale\" value=\"es_ES\" \/>\n<input type=\"hidden\" name=\"_wpcf7_unit_tag\" value=\"wpcf7-f5253-o1\" \/>\n<input type=\"hidden\" name=\"_wpcf7_container_post\" value=\"0\" \/>\n<input type=\"hidden\" name=\"_wpcf7_posted_data_hash\" value=\"\" \/>\n<input type=\"hidden\" name=\"_wpcf7_recaptcha_response\" value=\"\" \/>\n<\/div>\n<div class=\"wpcf7-response-output\" aria-hidden=\"true\"><\/div>\n<div class='comment-form'>\n\t<div class=\"comment-form-inputs\">\n\t\t<p><span class=\"wpcf7-form-control-wrap\" data-name=\"nombre\"><input size=\"40\" class=\"wpcf7-form-control wpcf7-text wpcf7-validates-as-required\" id=\"nombre\" aria-required=\"true\" aria-invalid=\"false\" placeholder=\"Nom (requerit)\" value=\"\" type=\"text\" name=\"nombre\" \/><\/span>\n\t\t<\/p>\n\t\t<p><span class=\"wpcf7-form-control-wrap\" data-name=\"apellidos\"><input size=\"40\" class=\"wpcf7-form-control wpcf7-text wpcf7-validates-as-required\" id=\"apellidos\" aria-required=\"true\" aria-invalid=\"false\" placeholder=\"Cognoms (requerit)\" value=\"\" type=\"text\" name=\"apellidos\" \/><\/span>\n\t\t<\/p>\n\t\t<p><span class=\"wpcf7-form-control-wrap\" data-name=\"email\"><input size=\"40\" class=\"wpcf7-form-control wpcf7-text wpcf7-email wpcf7-validates-as-required wpcf7-validates-as-email\" id=\"email\" aria-required=\"true\" aria-invalid=\"false\" placeholder=\"Email (requerit)\" value=\"\" type=\"email\" name=\"email\" \/><\/span>\n\t\t<\/p>\n\t\t<p><span class=\"wpcf7-form-control-wrap\" data-name=\"telefono\"><input size=\"40\" class=\"wpcf7-form-control wpcf7-text wpcf7-tel wpcf7-validates-as-required wpcf7-validates-as-tel\" id=\"telefono\" aria-required=\"true\" aria-invalid=\"false\" placeholder=\"Tel\u00e8fon (requerit)\" value=\"\" type=\"tel\" name=\"telefono\" \/><\/span>\n\t\t<\/p>\n\t<\/div>\n\t<p><span class=\"wpcf7-form-control-wrap\" data-name=\"mensaje\"><textarea cols=\"39\" rows=\"10\" class=\"wpcf7-form-control wpcf7-textarea wpcf7-validates-as-required\" id=\"mensaje\" aria-required=\"true\" aria-invalid=\"false\" placeholder=\"Missatge (requerit)\" name=\"mensaje\"><\/textarea><\/span>\n\t<\/p>\n\t<p class=\"form-submit\"><input class=\"wpcf7-form-control has-spinner wpcf7-submit\" type=\"submit\" value=\"Enviar\" \/>\n\t<\/p>\n<\/div>\n<p style=\"text-align:justify; color:#383838;\"><br \/>\n<em>L\u2019informem que les dades recollides al present formulari, seran tractades per Corporaci\u00f3 d'Administraci\u00f3 Sanit\u00e0ria A.I.E., per poder atendre i donar resposta a la seva sol\u00b7licitud d\u2018informaci\u00f3. Si necessita m\u00e9s informaci\u00f3 o vol exercir els seus drets sobre aquestes dades consulti la nostra <a href=\"https:\/\/www.fisiogestion.com\/ca\/politica-privacidad\/\">Pol\u00edtica de Privacitat<\/a>.<\/em>\n<\/p>\n<\/form>\n<\/div>\n<\/div>\n","protected":false},"excerpt":{"rendered":"<p>A les darreres d\u00e8cades, el m\u00f3n de la fisioter\u00e0pia ha evolucionat molt i al seu costat, la maquin\u00e0ria que ens ajuda a millorar els<a class=\"moretag\" href=\"https:\/\/www.activasalut.com\/ca\/que-es-la-tecarterapia-o-indiba\/\">Llegeix m\u00e9s&#8230;<\/a><\/p>\n","protected":false},"author":128,"featured_media":8379,"comment_status":"open","ping_status":"closed","sticky":false,"template":"","format":"standard","meta":[],"categories":[610,849],"tags":[854,2869,2870],"yoast_head":"<!-- This site is optimized with the Yoast SEO plugin v20.0 - https:\/\/yoast.com\/wordpress\/plugins\/seo\/ -->\n<title>Qu\u00e8 \u00e9s la tecarter\u00e0pia o INDIBA?<\/title>\n<meta name=\"robots\" content=\"index, follow, max-snippet:-1, max-image-preview:large, max-video-preview:-1\" \/>\n<link rel=\"canonical\" href=\"https:\/\/www.activasalut.com\/ca\/que-es-la-tecarterapia-o-indiba\/\" \/>\n<meta property=\"og:locale\" content=\"ca_ES\" \/>\n<meta property=\"og:type\" content=\"article\" \/>\n<meta property=\"og:title\" content=\"Qu\u00e8 \u00e9s la tecarter\u00e0pia o INDIBA?\" \/>\n<meta property=\"og:description\" content=\"A les darreres d\u00e8cades, el m\u00f3n de la fisioter\u00e0pia ha evolucionat molt i al seu costat, la maquin\u00e0ria que ens ajuda a millorar elsLlegeix m\u00e9s...\" \/>\n<meta property=\"og:url\" content=\"https:\/\/www.activasalut.com\/ca\/que-es-la-tecarterapia-o-indiba\/\" \/>\n<meta property=\"og:site_name\" content=\"Corporaci\u00f3 Fisiogesti\u00f3\" \/>\n<meta property=\"article:published_time\" content=\"2022-01-13T11:24:10+00:00\" \/>\n<meta property=\"article:modified_time\" content=\"2022-01-13T11:24:11+00:00\" \/>\n<meta property=\"og:image\" content=\"https:\/\/www.activasalut.com\/wp-content\/uploads\/2021\/12\/indiba_portada.jpg\" \/>\n\t<meta property=\"og:image:width\" content=\"1392\" \/>\n\t<meta property=\"og:image:height\" content=\"933\" \/>\n\t<meta property=\"og:image:type\" content=\"image\/jpeg\" \/>\n<meta name=\"author\" content=\"Joan Ruiz\" \/>\n<meta name=\"twitter:label1\" content=\"Escrit per\" \/>\n\t<meta name=\"twitter:data1\" content=\"Joan Ruiz\" \/>\n\t<meta name=\"twitter:label2\" content=\"Temps estimat de lectura\" \/>\n\t<meta name=\"twitter:data2\" content=\"3 minuts\" \/>\n<script type=\"application\/ld+json\" class=\"yoast-schema-graph\">{\"@context\":\"https:\/\/schema.org\",\"@graph\":[{\"@type\":\"WebPage\",\"@id\":\"https:\/\/www.activasalut.com\/ca\/que-es-la-tecarterapia-o-indiba\/\",\"url\":\"https:\/\/www.activasalut.com\/ca\/que-es-la-tecarterapia-o-indiba\/\",\"name\":\"Qu\u00e8 \u00e9s la tecarter\u00e0pia o INDIBA?\",\"isPartOf\":{\"@id\":\"https:\/\/www.activasalut.com\/ca\/#website\"},\"datePublished\":\"2022-01-13T11:24:10+00:00\",\"dateModified\":\"2022-01-13T11:24:11+00:00\",\"author\":{\"@id\":\"https:\/\/www.activasalut.com\/ca\/#\/schema\/person\/21678e071ff1348bef8e47b78895efc8\"},\"breadcrumb\":{\"@id\":\"https:\/\/www.activasalut.com\/ca\/que-es-la-tecarterapia-o-indiba\/#breadcrumb\"},\"inLanguage\":\"ca\",\"potentialAction\":[{\"@type\":\"ReadAction\",\"target\":[\"https:\/\/www.activasalut.com\/ca\/que-es-la-tecarterapia-o-indiba\/\"]}]},{\"@type\":\"BreadcrumbList\",\"@id\":\"https:\/\/www.activasalut.com\/ca\/que-es-la-tecarterapia-o-indiba\/#breadcrumb\",\"itemListElement\":[{\"@type\":\"ListItem\",\"position\":1,\"name\":\"Portada\",\"item\":\"https:\/\/www.activasalut.com\/ca\/\"},{\"@type\":\"ListItem\",\"position\":2,\"name\":\"Qu\u00e8 \u00e9s la tecarter\u00e0pia o INDIBA?\"}]},{\"@type\":\"WebSite\",\"@id\":\"https:\/\/www.activasalut.com\/ca\/#website\",\"url\":\"https:\/\/www.activasalut.com\/ca\/\",\"name\":\"Corporaci\u00f3n fisiogesti\u00f3n\",\"description\":\"Activa la teva salut\",\"potentialAction\":[{\"@type\":\"SearchAction\",\"target\":{\"@type\":\"EntryPoint\",\"urlTemplate\":\"https:\/\/www.activasalut.com\/ca\/?s={search_term_string}\"},\"query-input\":\"required name=search_term_string\"}],\"inLanguage\":\"ca\"},{\"@type\":\"Person\",\"@id\":\"https:\/\/www.activasalut.com\/ca\/#\/schema\/person\/21678e071ff1348bef8e47b78895efc8\",\"name\":\"Joan Ruiz\",\"image\":{\"@type\":\"ImageObject\",\"inLanguage\":\"ca\",\"@id\":\"https:\/\/www.activasalut.com\/ca\/#\/schema\/person\/image\/\",\"url\":\"https:\/\/secure.gravatar.com\/avatar\/3eea27c89a0ad643e843b506c985756d?s=96&d=mm&r=g\",\"contentUrl\":\"https:\/\/secure.gravatar.com\/avatar\/3eea27c89a0ad643e843b506c985756d?s=96&d=mm&r=g\",\"caption\":\"Joan Ruiz\"},\"url\":\"https:\/\/www.activasalut.com\/ca\/author\/joan-ruiz\/\"}]}<\/script>\n<!-- \/ Yoast SEO plugin. -->","yoast_head_json":{"title":"Qu\u00e8 \u00e9s la tecarter\u00e0pia o INDIBA?","robots":{"index":"index","follow":"follow","max-snippet":"max-snippet:-1","max-image-preview":"max-image-preview:large","max-video-preview":"max-video-preview:-1"},"canonical":"https:\/\/www.activasalut.com\/ca\/que-es-la-tecarterapia-o-indiba\/","og_locale":"ca_ES","og_type":"article","og_title":"Qu\u00e8 \u00e9s la tecarter\u00e0pia o INDIBA?","og_description":"A les darreres d\u00e8cades, el m\u00f3n de la fisioter\u00e0pia ha evolucionat molt i al seu costat, la maquin\u00e0ria que ens ajuda a millorar elsLlegeix m\u00e9s...","og_url":"https:\/\/www.activasalut.com\/ca\/que-es-la-tecarterapia-o-indiba\/","og_site_name":"Corporaci\u00f3 Fisiogesti\u00f3","article_published_time":"2022-01-13T11:24:10+00:00","article_modified_time":"2022-01-13T11:24:11+00:00","og_image":[{"width":1392,"height":933,"url":"https:\/\/www.activasalut.com\/wp-content\/uploads\/2021\/12\/indiba_portada.jpg","type":"image\/jpeg"}],"author":"Joan Ruiz","twitter_misc":{"Escrit per":"Joan Ruiz","Temps estimat de lectura":"3 minuts"},"schema":{"@context":"https:\/\/schema.org","@graph":[{"@type":"WebPage","@id":"https:\/\/www.activasalut.com\/ca\/que-es-la-tecarterapia-o-indiba\/","url":"https:\/\/www.activasalut.com\/ca\/que-es-la-tecarterapia-o-indiba\/","name":"Qu\u00e8 \u00e9s la tecarter\u00e0pia o INDIBA?","isPartOf":{"@id":"https:\/\/www.activasalut.com\/ca\/#website"},"datePublished":"2022-01-13T11:24:10+00:00","dateModified":"2022-01-13T11:24:11+00:00","author":{"@id":"https:\/\/www.activasalut.com\/ca\/#\/schema\/person\/21678e071ff1348bef8e47b78895efc8"},"breadcrumb":{"@id":"https:\/\/www.activasalut.com\/ca\/que-es-la-tecarterapia-o-indiba\/#breadcrumb"},"inLanguage":"ca","potentialAction":[{"@type":"ReadAction","target":["https:\/\/www.activasalut.com\/ca\/que-es-la-tecarterapia-o-indiba\/"]}]},{"@type":"BreadcrumbList","@id":"https:\/\/www.activasalut.com\/ca\/que-es-la-tecarterapia-o-indiba\/#breadcrumb","itemListElement":[{"@type":"ListItem","position":1,"name":"Portada","item":"https:\/\/www.activasalut.com\/ca\/"},{"@type":"ListItem","position":2,"name":"Qu\u00e8 \u00e9s la tecarter\u00e0pia o INDIBA?"}]},{"@type":"WebSite","@id":"https:\/\/www.activasalut.com\/ca\/#website","url":"https:\/\/www.activasalut.com\/ca\/","name":"Corporaci\u00f3n fisiogesti\u00f3n","description":"Activa la teva salut","potentialAction":[{"@type":"SearchAction","target":{"@type":"EntryPoint","urlTemplate":"https:\/\/www.activasalut.com\/ca\/?s={search_term_string}"},"query-input":"required name=search_term_string"}],"inLanguage":"ca"},{"@type":"Person","@id":"https:\/\/www.activasalut.com\/ca\/#\/schema\/person\/21678e071ff1348bef8e47b78895efc8","name":"Joan Ruiz","image":{"@type":"ImageObject","inLanguage":"ca","@id":"https:\/\/www.activasalut.com\/ca\/#\/schema\/person\/image\/","url":"https:\/\/secure.gravatar.com\/avatar\/3eea27c89a0ad643e843b506c985756d?s=96&d=mm&r=g","contentUrl":"https:\/\/secure.gravatar.com\/avatar\/3eea27c89a0ad643e843b506c985756d?s=96&d=mm&r=g","caption":"Joan Ruiz"},"url":"https:\/\/www.activasalut.com\/ca\/author\/joan-ruiz\/"}]}},"_links":{"self":[{"href":"https:\/\/www.activasalut.com\/ca\/wp-json\/wp\/v2\/posts\/8424"}],"collection":[{"href":"https:\/\/www.activasalut.com\/ca\/wp-json\/wp\/v2\/posts"}],"about":[{"href":"https:\/\/www.activasalut.com\/ca\/wp-json\/wp\/v2\/types\/post"}],"author":[{"embeddable":true,"href":"https:\/\/www.activasalut.com\/ca\/wp-json\/wp\/v2\/users\/128"}],"replies":[{"embeddable":true,"href":"https:\/\/www.activasalut.com\/ca\/wp-json\/wp\/v2\/comments?post=8424"}],"version-history":[{"count":5,"href":"https:\/\/www.activasalut.com\/ca\/wp-json\/wp\/v2\/posts\/8424\/revisions"}],"predecessor-version":[{"id":8429,"href":"https:\/\/www.activasalut.com\/ca\/wp-json\/wp\/v2\/posts\/8424\/revisions\/8429"}],"wp:featuredmedia":[{"embeddable":true,"href":"https:\/\/www.activasalut.com\/ca\/wp-json\/wp\/v2\/media\/8379"}],"wp:attachment":[{"href":"https:\/\/www.activasalut.com\/ca\/wp-json\/wp\/v2\/media?parent=8424"}],"wp:term":[{"taxonomy":"category","embeddable":true,"href":"https:\/\/www.activasalut.com\/ca\/wp-json\/wp\/v2\/categories?post=8424"},{"taxonomy":"post_tag","embeddable":true,"href":"https:\/\/www.activasalut.com\/ca\/wp-json\/wp\/v2\/tags?post=8424"}],"curies":[{"name":"wp","href":"https:\/\/api.w.org\/{rel}","templated":true}]}}