{"id":8486,"date":"2022-01-27T11:30:22","date_gmt":"2022-01-27T10:30:22","guid":{"rendered":"https:\/\/www.activasalut.com\/?p=8486"},"modified":"2022-01-27T11:30:24","modified_gmt":"2022-01-27T10:30:24","slug":"exercici-i-cicle-menstrual","status":"publish","type":"post","link":"https:\/\/www.activasalut.com\/ca\/exercici-i-cicle-menstrual\/","title":{"rendered":"Exercici i cicle menstrual"},"content":{"rendered":"\n<h3>Treu-li partit!<\/h3>\n\n\n\n<p>Ets c\u00edclica, ja que presentes un cicle d&#8217;aproximadament&nbsp;28&nbsp;dies (24-35). Aquest cicle fa que passis per diferents fases i els nivells hormonals tamb\u00e9 canvien. Pel que, les nostres necessitats i les nostres respostes tamb\u00e9 seran diferents. Detallarem una mica cada fase, per a con\u00e8ixer-nos millor i poder treure-li el major partit.<\/p>\n\n\n\n<div class=\"wp-block-image\"><figure class=\"aligncenter size-full is-resized\"><a href=\"https:\/\/www.activasalut.com\/wp-content\/uploads\/2022\/01\/imagen-1.png\"><img decoding=\"async\" loading=\"lazy\" src=\"https:\/\/www.activasalut.com\/wp-content\/uploads\/2022\/01\/imagen-1.png\" alt=\"\" class=\"wp-image-8468\" width=\"396\" height=\"365\" srcset=\"https:\/\/www.activasalut.com\/wp-content\/uploads\/2022\/01\/imagen-1.png 528w, https:\/\/www.activasalut.com\/wp-content\/uploads\/2022\/01\/imagen-1-300x276.png 300w\" sizes=\"(max-width: 396px) 100vw, 396px\" \/><\/a><\/figure><\/div>\n\n\n\n<h4>Fase de depuraci\u00f3<\/h4>\n\n\n\n<p><strong>Fase menstrual.<\/strong> \u00c9s f\u00e0cil de diferenciar perqu\u00e8 \u00e9s la que comences amb el sagnat. La durada \u00e9s variable en cada dona (aprox. 3-6 dies). \u00c9s un mecanisme de depuraci\u00f3 del cos i una fase inflamat\u00f2ria. En aquesta fase ets m\u00e9s sensible al dolor, et sents m\u00e9s lenta i cansada. <\/p>\n\n\n\n<p>Pots aprofitar per a fer <strong>exercicis per a relaxar cos i ment<\/strong>, com <strong>ioga, postural&nbsp;training<\/strong>, o <strong>meditaci\u00f3<\/strong>. Tamb\u00e9 pots usar calor localitzada com a analg\u00e8sia per als dolors menstruals. \u00c9s un moment perqu\u00e8 no abusis del caf\u00e8 ni de l&#8217;alcohol. T&#8217;aconsello menjar aliments rics en: ferro, omega 3 i potassi (antiinflamatoris<strong>).<\/strong><\/p>\n\n\n\n<div class=\"wp-block-image\"><figure class=\"aligncenter size-large is-resized\"><a href=\"https:\/\/www.activasalut.com\/wp-content\/uploads\/2022\/01\/woman-doing-yoga-in-the-park-scaled.jpg\"><img decoding=\"async\" loading=\"lazy\" src=\"https:\/\/www.activasalut.com\/wp-content\/uploads\/2022\/01\/woman-doing-yoga-in-the-park-1024x683.jpg\" alt=\"\" class=\"wp-image-8470\" width=\"512\" height=\"342\" srcset=\"https:\/\/www.activasalut.com\/wp-content\/uploads\/2022\/01\/woman-doing-yoga-in-the-park-1024x683.jpg 1024w, https:\/\/www.activasalut.com\/wp-content\/uploads\/2022\/01\/woman-doing-yoga-in-the-park-300x200.jpg 300w, https:\/\/www.activasalut.com\/wp-content\/uploads\/2022\/01\/woman-doing-yoga-in-the-park-768x512.jpg 768w, https:\/\/www.activasalut.com\/wp-content\/uploads\/2022\/01\/woman-doing-yoga-in-the-park-1536x1024.jpg 1536w, https:\/\/www.activasalut.com\/wp-content\/uploads\/2022\/01\/woman-doing-yoga-in-the-park-2048x1365.jpg 2048w, https:\/\/www.activasalut.com\/wp-content\/uploads\/2022\/01\/woman-doing-yoga-in-the-park-604x402.jpg 604w\" sizes=\"(max-width: 512px) 100vw, 512px\" \/><\/a><\/figure><\/div>\n\n\n\n<div style=\"height:60px\" aria-hidden=\"true\" class=\"wp-block-spacer\"><\/div>\n\n\n\n<h4>Fase Power<\/h4>\n\n\n\n<p>La seg\u00fcent <strong>fase<\/strong> \u00e9s la <strong>fol\u00b7licular<\/strong> (aprox. dura&nbsp;7&nbsp;dies), \u00e9s una fase en la qual et trobes amb molta energia, toleres b\u00e9 l&#8217;esfor\u00e7, i et sents m\u00e9s poderosa. <\/p>\n\n\n\n<p>Pots aprofitar per a fer <strong>exercicis m\u00e9s durs, treballar la for\u00e7a i la pot\u00e8ncia muscular<\/strong> en temps curts.<\/p>\n\n\n\n<div class=\"wp-block-image\"><figure class=\"aligncenter size-large is-resized\"><a href=\"https:\/\/www.activasalut.com\/wp-content\/uploads\/2022\/01\/young-girl-playing-dumbbell-scaled.jpg\"><img decoding=\"async\" loading=\"lazy\" src=\"https:\/\/www.activasalut.com\/wp-content\/uploads\/2022\/01\/young-girl-playing-dumbbell-1024x683.jpg\" alt=\"\" class=\"wp-image-8472\" width=\"512\" height=\"342\" srcset=\"https:\/\/www.activasalut.com\/wp-content\/uploads\/2022\/01\/young-girl-playing-dumbbell-1024x683.jpg 1024w, https:\/\/www.activasalut.com\/wp-content\/uploads\/2022\/01\/young-girl-playing-dumbbell-300x200.jpg 300w, https:\/\/www.activasalut.com\/wp-content\/uploads\/2022\/01\/young-girl-playing-dumbbell-768x512.jpg 768w, https:\/\/www.activasalut.com\/wp-content\/uploads\/2022\/01\/young-girl-playing-dumbbell-1536x1025.jpg 1536w, https:\/\/www.activasalut.com\/wp-content\/uploads\/2022\/01\/young-girl-playing-dumbbell-2048x1366.jpg 2048w, https:\/\/www.activasalut.com\/wp-content\/uploads\/2022\/01\/young-girl-playing-dumbbell-604x402.jpg 604w\" sizes=\"(max-width: 512px) 100vw, 512px\" \/><\/a><\/figure><\/div>\n\n\n\n<p>Despr\u00e9s apareix la <strong>fase ovulat\u00f2ria<\/strong> (aprox. 2-3 dies), est\u00e0s a l&#8217;equador del cicle. Disminueix una mica l&#8217;energia de la fase anterior, per\u00f2 pots seguir amb el mateix treball o comen\u00e7ar amb el de la seg\u00fcent fase.<\/p>\n\n\n\n<p>En les fases fol\u00b7licular i ovulat\u00f2ria et recomano prendre aliments rics en: vitamina A i C (antioxidants), aliments proteics i \u00e0cids grassos poliinsaturats (peix blau, llavors i fruites seques). <\/p>\n\n\n\n<p>En els seg\u00fcents dies apareix la<strong> fase l\u00fatia<\/strong> (aprox.&nbsp;6&nbsp;dies). Disminueix lleument l&#8217;energia en comparaci\u00f3 amb la fase fol\u00b7licular. \u00c9s un bon moment perqu\u00e8 facis <strong>exercicis de baixa intensitat i altes repeticions<\/strong><\/p>\n\n\n\n<div style=\"height:60px\" aria-hidden=\"true\" class=\"wp-block-spacer\"><\/div>\n\n\n\n<h4>\u00daltima fase, pren-t&#8217;ho amb calma<\/h4>\n\n\n\n<p>L&#8217;\u00faltima <strong>fase<\/strong> \u00e9s la <strong>premenstrual<\/strong> (aprox.&nbsp;5&nbsp;dies). \u00c9s la fase on tens <strong>menys energia<\/strong>, est\u00e0s m\u00e9s feble, ap\u00e0tica, la teva capacitat de recuperaci\u00f3 \u00e9s m\u00e9s lenta i la capacitat de musculaci\u00f3 redu\u00efda. <\/p>\n\n\n\n<p>Pots treballar la flexibilitat, realitzant <strong>estiraments globals<\/strong>.<\/p>\n\n\n\n<div class=\"wp-block-image\"><figure class=\"aligncenter size-large is-resized\"><a href=\"https:\/\/www.activasalut.com\/wp-content\/uploads\/2022\/01\/side-view-portrait-of-fitness-woman-in-earphones-scaled.jpg\"><img decoding=\"async\" loading=\"lazy\" src=\"https:\/\/www.activasalut.com\/wp-content\/uploads\/2022\/01\/side-view-portrait-of-fitness-woman-in-earphones-1024x683.jpg\" alt=\"\" class=\"wp-image-8474\" width=\"512\" height=\"342\" srcset=\"https:\/\/www.activasalut.com\/wp-content\/uploads\/2022\/01\/side-view-portrait-of-fitness-woman-in-earphones-1024x683.jpg 1024w, https:\/\/www.activasalut.com\/wp-content\/uploads\/2022\/01\/side-view-portrait-of-fitness-woman-in-earphones-300x200.jpg 300w, https:\/\/www.activasalut.com\/wp-content\/uploads\/2022\/01\/side-view-portrait-of-fitness-woman-in-earphones-768x513.jpg 768w, https:\/\/www.activasalut.com\/wp-content\/uploads\/2022\/01\/side-view-portrait-of-fitness-woman-in-earphones-1536x1025.jpg 1536w, https:\/\/www.activasalut.com\/wp-content\/uploads\/2022\/01\/side-view-portrait-of-fitness-woman-in-earphones-2048x1367.jpg 2048w, https:\/\/www.activasalut.com\/wp-content\/uploads\/2022\/01\/side-view-portrait-of-fitness-woman-in-earphones-604x402.jpg 604w\" sizes=\"(max-width: 512px) 100vw, 512px\" \/><\/a><\/figure><\/div>\n\n\n\n<p>En les fases l\u00fatia i premenstrual hi ha una major <strong>retenci\u00f3 de l\u00edquids<\/strong> i \u00e9s important prevenir <strong>l&#8217;an\u00e8mia menstrual<\/strong>. <\/p>\n\n\n\n<p>T&#8217;aconsello limitar la sal a la teva dieta, prendre alguna infusi\u00f3 di\u00fcr\u00e8tica (te verd, cua de cavall&#8230;), prendre aliments antiinflamatoris (c\u00farcuma), evitar el sucre, consumir vegetals verds, i aliments rics en calci i ferro (s\u00e8sam, llegums i lactis)<\/p>\n\n\n\n<div style=\"height:60px\" aria-hidden=\"true\" class=\"wp-block-spacer\"><\/div>\n\n\n\n<h4>\u00daltims consells<\/h4>\n\n\n\n<p>A totes les fases \u00e9s bo que mantinguis uns <strong>h\u00e0bits saludables<\/strong>: una bona hidrataci\u00f3, exercici f\u00edsic adaptat, aportacions de vitamina D (sol), dormir suficient, respectar els cicles circadiaris i fer servir alguna t\u00e8cnica per a reduir <strong>l&#8217;estr\u00e8s<\/strong>. <\/p>\n\n\n\n<p>Qu\u00e8 podries provar en el teu pr\u00f2xim cicle?<\/p>\n\n\n\n<div class=\"wp-block-image\"><figure class=\"aligncenter size-large is-resized\"><a href=\"https:\/\/www.activasalut.com\/wp-content\/uploads\/2022\/01\/4286278-scaled.jpg\"><img decoding=\"async\" loading=\"lazy\" src=\"https:\/\/www.activasalut.com\/wp-content\/uploads\/2022\/01\/4286278-1024x683.jpg\" alt=\"\" class=\"wp-image-8503\" width=\"512\" height=\"342\" srcset=\"https:\/\/www.activasalut.com\/wp-content\/uploads\/2022\/01\/4286278-1024x683.jpg 1024w, https:\/\/www.activasalut.com\/wp-content\/uploads\/2022\/01\/4286278-300x200.jpg 300w, https:\/\/www.activasalut.com\/wp-content\/uploads\/2022\/01\/4286278-768x512.jpg 768w, https:\/\/www.activasalut.com\/wp-content\/uploads\/2022\/01\/4286278-1536x1024.jpg 1536w, https:\/\/www.activasalut.com\/wp-content\/uploads\/2022\/01\/4286278-2048x1365.jpg 2048w, https:\/\/www.activasalut.com\/wp-content\/uploads\/2022\/01\/4286278-604x402.jpg 604w\" sizes=\"(max-width: 512px) 100vw, 512px\" \/><\/a><\/figure><\/div>\n\n\n\n<h5><em>Consulta totes les activitats que realitzem en els nostres centres, per a saber quina s&#8217;adapta m\u00e9s a tu.<\/em><\/h5>\n\n\n\n<h2>Pots consultar els nostres serveis de&nbsp;<a href=\"https:\/\/www.fisiogestion.com\/ca\/servicios-en-centros\/fisioterapia\/\">fisioter\u00e0pia<\/a>&nbsp;a la nostra xarxa de&nbsp;<a href=\"https:\/\/www.fisiogestion.com\/ca\/centros\/\">centres<\/a>&nbsp;o omplir aquest formulari i et contactarem.<\/h2>\n\n\n\n<div class=\"wp-block-contact-form-7-contact-form-selector\">\n<div class=\"wpcf7 no-js\" id=\"wpcf7-f5253-o1\" lang=\"es-ES\" dir=\"ltr\">\n<div class=\"screen-reader-response\"><p role=\"status\" aria-live=\"polite\" aria-atomic=\"true\"><\/p> <ul><\/ul><\/div>\n<form action=\"\/ca\/wp-json\/wp\/v2\/posts\/8486#wpcf7-f5253-o1\" method=\"post\" class=\"wpcf7-form init\" aria-label=\"Formulario de contacto\" novalidate=\"novalidate\" data-status=\"init\">\n<div style=\"display: none;\">\n<input type=\"hidden\" name=\"_wpcf7\" value=\"5253\" \/>\n<input type=\"hidden\" name=\"_wpcf7_version\" value=\"5.7.3\" \/>\n<input type=\"hidden\" name=\"_wpcf7_locale\" value=\"es_ES\" \/>\n<input type=\"hidden\" name=\"_wpcf7_unit_tag\" value=\"wpcf7-f5253-o1\" \/>\n<input type=\"hidden\" name=\"_wpcf7_container_post\" value=\"0\" \/>\n<input type=\"hidden\" name=\"_wpcf7_posted_data_hash\" value=\"\" \/>\n<input type=\"hidden\" name=\"_wpcf7_recaptcha_response\" value=\"\" \/>\n<\/div>\n<div class=\"wpcf7-response-output\" aria-hidden=\"true\"><\/div>\n<div class='comment-form'>\n\t<div class=\"comment-form-inputs\">\n\t\t<p><span class=\"wpcf7-form-control-wrap\" data-name=\"nombre\"><input size=\"40\" class=\"wpcf7-form-control wpcf7-text wpcf7-validates-as-required\" id=\"nombre\" aria-required=\"true\" aria-invalid=\"false\" placeholder=\"Nom (requerit)\" value=\"\" type=\"text\" name=\"nombre\" \/><\/span>\n\t\t<\/p>\n\t\t<p><span class=\"wpcf7-form-control-wrap\" data-name=\"apellidos\"><input size=\"40\" class=\"wpcf7-form-control wpcf7-text wpcf7-validates-as-required\" id=\"apellidos\" aria-required=\"true\" aria-invalid=\"false\" placeholder=\"Cognoms (requerit)\" value=\"\" type=\"text\" name=\"apellidos\" \/><\/span>\n\t\t<\/p>\n\t\t<p><span class=\"wpcf7-form-control-wrap\" data-name=\"email\"><input size=\"40\" class=\"wpcf7-form-control wpcf7-text wpcf7-email wpcf7-validates-as-required wpcf7-validates-as-email\" id=\"email\" aria-required=\"true\" aria-invalid=\"false\" placeholder=\"Email (requerit)\" value=\"\" type=\"email\" name=\"email\" \/><\/span>\n\t\t<\/p>\n\t\t<p><span class=\"wpcf7-form-control-wrap\" data-name=\"telefono\"><input size=\"40\" class=\"wpcf7-form-control wpcf7-text wpcf7-tel wpcf7-validates-as-required wpcf7-validates-as-tel\" id=\"telefono\" aria-required=\"true\" aria-invalid=\"false\" placeholder=\"Tel\u00e8fon (requerit)\" value=\"\" type=\"tel\" name=\"telefono\" \/><\/span>\n\t\t<\/p>\n\t<\/div>\n\t<p><span class=\"wpcf7-form-control-wrap\" data-name=\"mensaje\"><textarea cols=\"39\" rows=\"10\" class=\"wpcf7-form-control wpcf7-textarea wpcf7-validates-as-required\" id=\"mensaje\" aria-required=\"true\" aria-invalid=\"false\" placeholder=\"Missatge (requerit)\" name=\"mensaje\"><\/textarea><\/span>\n\t<\/p>\n\t<p class=\"form-submit\"><input class=\"wpcf7-form-control has-spinner wpcf7-submit\" type=\"submit\" value=\"Enviar\" \/>\n\t<\/p>\n<\/div>\n<p style=\"text-align:justify; color:#383838;\"><br \/>\n<em>L\u2019informem que les dades recollides al present formulari, seran tractades per Corporaci\u00f3 d'Administraci\u00f3 Sanit\u00e0ria A.I.E., per poder atendre i donar resposta a la seva sol\u00b7licitud d\u2018informaci\u00f3. Si necessita m\u00e9s informaci\u00f3 o vol exercir els seus drets sobre aquestes dades consulti la nostra <a href=\"https:\/\/www.fisiogestion.com\/ca\/politica-privacidad\/\">Pol\u00edtica de Privacitat<\/a>.<\/em>\n<\/p>\n<\/form>\n<\/div>\n<\/div>\n","protected":false},"excerpt":{"rendered":"<p>Treu-li partit! Ets c\u00edclica, ja que presentes un cicle d&#8217;aproximadament&nbsp;28&nbsp;dies (24-35). Aquest cicle fa que passis per diferents fases i els nivells hormonals tamb\u00e9<a class=\"moretag\" href=\"https:\/\/www.activasalut.com\/ca\/exercici-i-cicle-menstrual\/\">Llegeix m\u00e9s&#8230;<\/a><\/p>\n","protected":false},"author":129,"featured_media":8499,"comment_status":"open","ping_status":"closed","sticky":false,"template":"","format":"standard","meta":[],"categories":[610,849],"tags":[854],"yoast_head":"<!-- This site is optimized with the Yoast SEO plugin v20.0 - https:\/\/yoast.com\/wordpress\/plugins\/seo\/ -->\n<title>Exercici i cicle menstrual<\/title>\n<meta name=\"robots\" content=\"index, follow, max-snippet:-1, max-image-preview:large, max-video-preview:-1\" \/>\n<link rel=\"canonical\" href=\"https:\/\/www.activasalut.com\/ca\/exercici-i-cicle-menstrual\/\" \/>\n<meta property=\"og:locale\" content=\"ca_ES\" \/>\n<meta property=\"og:type\" content=\"article\" \/>\n<meta property=\"og:title\" content=\"Exercici i cicle menstrual\" \/>\n<meta property=\"og:description\" content=\"Treu-li partit! Ets c\u00edclica, ja que presentes un cicle d&#8217;aproximadament&nbsp;28&nbsp;dies (24-35). Aquest cicle fa que passis per diferents fases i els nivells hormonals tamb\u00e9Llegeix m\u00e9s...\" \/>\n<meta property=\"og:url\" content=\"https:\/\/www.activasalut.com\/ca\/exercici-i-cicle-menstrual\/\" \/>\n<meta property=\"og:site_name\" content=\"Corporaci\u00f3 Fisiogesti\u00f3\" \/>\n<meta property=\"article:published_time\" content=\"2022-01-27T10:30:22+00:00\" \/>\n<meta property=\"article:modified_time\" content=\"2022-01-27T10:30:24+00:00\" \/>\n<meta property=\"og:image\" content=\"https:\/\/www.activasalut.com\/wp-content\/uploads\/2022\/01\/portrait-of-smiling-fitness-woman-in-earphones-scaled.jpg\" \/>\n\t<meta property=\"og:image:width\" content=\"2560\" \/>\n\t<meta property=\"og:image:height\" content=\"1709\" \/>\n\t<meta property=\"og:image:type\" content=\"image\/jpeg\" \/>\n<meta name=\"author\" content=\"Judit Catal\u00e1n\" \/>\n<meta name=\"twitter:label1\" content=\"Escrit per\" \/>\n\t<meta name=\"twitter:data1\" content=\"Judit Catal\u00e1n\" \/>\n\t<meta name=\"twitter:label2\" content=\"Temps estimat de lectura\" \/>\n\t<meta name=\"twitter:data2\" content=\"4 minuts\" \/>\n<script type=\"application\/ld+json\" class=\"yoast-schema-graph\">{\"@context\":\"https:\/\/schema.org\",\"@graph\":[{\"@type\":\"WebPage\",\"@id\":\"https:\/\/www.activasalut.com\/ca\/exercici-i-cicle-menstrual\/\",\"url\":\"https:\/\/www.activasalut.com\/ca\/exercici-i-cicle-menstrual\/\",\"name\":\"Exercici i cicle menstrual\",\"isPartOf\":{\"@id\":\"https:\/\/www.activasalut.com\/ca\/#website\"},\"datePublished\":\"2022-01-27T10:30:22+00:00\",\"dateModified\":\"2022-01-27T10:30:24+00:00\",\"author\":{\"@id\":\"https:\/\/www.activasalut.com\/ca\/#\/schema\/person\/ad18ba4685ce3d549584b41d48f1efb7\"},\"breadcrumb\":{\"@id\":\"https:\/\/www.activasalut.com\/ca\/exercici-i-cicle-menstrual\/#breadcrumb\"},\"inLanguage\":\"ca\",\"potentialAction\":[{\"@type\":\"ReadAction\",\"target\":[\"https:\/\/www.activasalut.com\/ca\/exercici-i-cicle-menstrual\/\"]}]},{\"@type\":\"BreadcrumbList\",\"@id\":\"https:\/\/www.activasalut.com\/ca\/exercici-i-cicle-menstrual\/#breadcrumb\",\"itemListElement\":[{\"@type\":\"ListItem\",\"position\":1,\"name\":\"Portada\",\"item\":\"https:\/\/www.activasalut.com\/ca\/\"},{\"@type\":\"ListItem\",\"position\":2,\"name\":\"Exercici i cicle menstrual\"}]},{\"@type\":\"WebSite\",\"@id\":\"https:\/\/www.activasalut.com\/ca\/#website\",\"url\":\"https:\/\/www.activasalut.com\/ca\/\",\"name\":\"Corporaci\u00f3n fisiogesti\u00f3n\",\"description\":\"Activa la teva salut\",\"potentialAction\":[{\"@type\":\"SearchAction\",\"target\":{\"@type\":\"EntryPoint\",\"urlTemplate\":\"https:\/\/www.activasalut.com\/ca\/?s={search_term_string}\"},\"query-input\":\"required name=search_term_string\"}],\"inLanguage\":\"ca\"},{\"@type\":\"Person\",\"@id\":\"https:\/\/www.activasalut.com\/ca\/#\/schema\/person\/ad18ba4685ce3d549584b41d48f1efb7\",\"name\":\"Judit Catal\u00e1n\",\"image\":{\"@type\":\"ImageObject\",\"inLanguage\":\"ca\",\"@id\":\"https:\/\/www.activasalut.com\/ca\/#\/schema\/person\/image\/\",\"url\":\"https:\/\/secure.gravatar.com\/avatar\/f1bad9d14d49bf2dcf1526187afea0e7?s=96&d=mm&r=g\",\"contentUrl\":\"https:\/\/secure.gravatar.com\/avatar\/f1bad9d14d49bf2dcf1526187afea0e7?s=96&d=mm&r=g\",\"caption\":\"Judit Catal\u00e1n\"},\"description\":\"Fisioterapeuta\",\"url\":\"https:\/\/www.activasalut.com\/ca\/author\/judit-catalan\/\"}]}<\/script>\n<!-- \/ Yoast SEO plugin. -->","yoast_head_json":{"title":"Exercici i cicle menstrual","robots":{"index":"index","follow":"follow","max-snippet":"max-snippet:-1","max-image-preview":"max-image-preview:large","max-video-preview":"max-video-preview:-1"},"canonical":"https:\/\/www.activasalut.com\/ca\/exercici-i-cicle-menstrual\/","og_locale":"ca_ES","og_type":"article","og_title":"Exercici i cicle menstrual","og_description":"Treu-li partit! Ets c\u00edclica, ja que presentes un cicle d&#8217;aproximadament&nbsp;28&nbsp;dies (24-35). Aquest cicle fa que passis per diferents fases i els nivells hormonals tamb\u00e9Llegeix m\u00e9s...","og_url":"https:\/\/www.activasalut.com\/ca\/exercici-i-cicle-menstrual\/","og_site_name":"Corporaci\u00f3 Fisiogesti\u00f3","article_published_time":"2022-01-27T10:30:22+00:00","article_modified_time":"2022-01-27T10:30:24+00:00","og_image":[{"width":2560,"height":1709,"url":"https:\/\/www.activasalut.com\/wp-content\/uploads\/2022\/01\/portrait-of-smiling-fitness-woman-in-earphones-scaled.jpg","type":"image\/jpeg"}],"author":"Judit Catal\u00e1n","twitter_misc":{"Escrit per":"Judit Catal\u00e1n","Temps estimat de lectura":"4 minuts"},"schema":{"@context":"https:\/\/schema.org","@graph":[{"@type":"WebPage","@id":"https:\/\/www.activasalut.com\/ca\/exercici-i-cicle-menstrual\/","url":"https:\/\/www.activasalut.com\/ca\/exercici-i-cicle-menstrual\/","name":"Exercici i cicle menstrual","isPartOf":{"@id":"https:\/\/www.activasalut.com\/ca\/#website"},"datePublished":"2022-01-27T10:30:22+00:00","dateModified":"2022-01-27T10:30:24+00:00","author":{"@id":"https:\/\/www.activasalut.com\/ca\/#\/schema\/person\/ad18ba4685ce3d549584b41d48f1efb7"},"breadcrumb":{"@id":"https:\/\/www.activasalut.com\/ca\/exercici-i-cicle-menstrual\/#breadcrumb"},"inLanguage":"ca","potentialAction":[{"@type":"ReadAction","target":["https:\/\/www.activasalut.com\/ca\/exercici-i-cicle-menstrual\/"]}]},{"@type":"BreadcrumbList","@id":"https:\/\/www.activasalut.com\/ca\/exercici-i-cicle-menstrual\/#breadcrumb","itemListElement":[{"@type":"ListItem","position":1,"name":"Portada","item":"https:\/\/www.activasalut.com\/ca\/"},{"@type":"ListItem","position":2,"name":"Exercici i cicle menstrual"}]},{"@type":"WebSite","@id":"https:\/\/www.activasalut.com\/ca\/#website","url":"https:\/\/www.activasalut.com\/ca\/","name":"Corporaci\u00f3n fisiogesti\u00f3n","description":"Activa la teva salut","potentialAction":[{"@type":"SearchAction","target":{"@type":"EntryPoint","urlTemplate":"https:\/\/www.activasalut.com\/ca\/?s={search_term_string}"},"query-input":"required name=search_term_string"}],"inLanguage":"ca"},{"@type":"Person","@id":"https:\/\/www.activasalut.com\/ca\/#\/schema\/person\/ad18ba4685ce3d549584b41d48f1efb7","name":"Judit Catal\u00e1n","image":{"@type":"ImageObject","inLanguage":"ca","@id":"https:\/\/www.activasalut.com\/ca\/#\/schema\/person\/image\/","url":"https:\/\/secure.gravatar.com\/avatar\/f1bad9d14d49bf2dcf1526187afea0e7?s=96&d=mm&r=g","contentUrl":"https:\/\/secure.gravatar.com\/avatar\/f1bad9d14d49bf2dcf1526187afea0e7?s=96&d=mm&r=g","caption":"Judit Catal\u00e1n"},"description":"Fisioterapeuta","url":"https:\/\/www.activasalut.com\/ca\/author\/judit-catalan\/"}]}},"_links":{"self":[{"href":"https:\/\/www.activasalut.com\/ca\/wp-json\/wp\/v2\/posts\/8486"}],"collection":[{"href":"https:\/\/www.activasalut.com\/ca\/wp-json\/wp\/v2\/posts"}],"about":[{"href":"https:\/\/www.activasalut.com\/ca\/wp-json\/wp\/v2\/types\/post"}],"author":[{"embeddable":true,"href":"https:\/\/www.activasalut.com\/ca\/wp-json\/wp\/v2\/users\/129"}],"replies":[{"embeddable":true,"href":"https:\/\/www.activasalut.com\/ca\/wp-json\/wp\/v2\/comments?post=8486"}],"version-history":[{"count":5,"href":"https:\/\/www.activasalut.com\/ca\/wp-json\/wp\/v2\/posts\/8486\/revisions"}],"predecessor-version":[{"id":8505,"href":"https:\/\/www.activasalut.com\/ca\/wp-json\/wp\/v2\/posts\/8486\/revisions\/8505"}],"wp:featuredmedia":[{"embeddable":true,"href":"https:\/\/www.activasalut.com\/ca\/wp-json\/wp\/v2\/media\/8499"}],"wp:attachment":[{"href":"https:\/\/www.activasalut.com\/ca\/wp-json\/wp\/v2\/media?parent=8486"}],"wp:term":[{"taxonomy":"category","embeddable":true,"href":"https:\/\/www.activasalut.com\/ca\/wp-json\/wp\/v2\/categories?post=8486"},{"taxonomy":"post_tag","embeddable":true,"href":"https:\/\/www.activasalut.com\/ca\/wp-json\/wp\/v2\/tags?post=8486"}],"curies":[{"name":"wp","href":"https:\/\/api.w.org\/{rel}","templated":true}]}}