{"id":8552,"date":"2022-02-16T15:11:16","date_gmt":"2022-02-16T14:11:16","guid":{"rendered":"https:\/\/www.activasalut.com\/?p=8552"},"modified":"2022-02-16T16:23:06","modified_gmt":"2022-02-16T15:23:06","slug":"que-es-la-candidiasi-vaginal","status":"publish","type":"post","link":"https:\/\/www.activasalut.com\/ca\/que-es-la-candidiasi-vaginal\/","title":{"rendered":"Qu\u00e8 \u00e9s la candidiasi vaginal?"},"content":{"rendered":"\n<p>El llevat C\u00e0ndida Albicans (esp\u00e8cie de major incid\u00e8ncia dins de la c\u00e0ndida spp), \u00e9s un fong que es troba a la pell, microbiota intestinal, microbiota vaginal i tamb\u00e9 pot trobar-se a la microbiota oral.<\/p>\n\n\n\n<!--more-->\n\n\n\n<p>A la microbiota vaginal hi ha un equilibri entre C\u00e0ndida spp (fongs) i Lactobacils spp (bacteris), que es pot veure alterada per canvis ambientals i canvis fisiol\u00f2gics: cicle menstrual, embar\u00e0s, anticonceptius, relacions sexuals, humitat i roba interior de materials sint\u00e8tics. L&#8217;alteraci\u00f3 a l&#8217;equilibri fisiol\u00f2gic de la microbiota vaginal produeix una disminuci\u00f3 de Lactobacils spp i un <strong>sobrecreixement de la C\u00e0ndida spp<\/strong>, per tant, aquest <strong>fong <\/strong>es pot tornar <strong>patogen i invasor<\/strong> i provocar la <strong>infecci\u00f3 de candidiasi<\/strong> vaginal o candidiasi vulvovaginal.<\/p>\n\n\n\n<div class=\"wp-block-image\"><figure class=\"aligncenter size-large is-resized\"><a href=\"https:\/\/www.activasalut.com\/wp-content\/uploads\/2022\/02\/view-in-microscopic-of-candidiasis-1-scaled.jpg\"><img decoding=\"async\" loading=\"lazy\" src=\"https:\/\/www.activasalut.com\/wp-content\/uploads\/2022\/02\/view-in-microscopic-of-candidiasis-1-1024x683.jpg\" alt=\"\" class=\"wp-image-8554\" width=\"512\" height=\"342\" srcset=\"https:\/\/www.activasalut.com\/wp-content\/uploads\/2022\/02\/view-in-microscopic-of-candidiasis-1-1024x683.jpg 1024w, https:\/\/www.activasalut.com\/wp-content\/uploads\/2022\/02\/view-in-microscopic-of-candidiasis-1-300x200.jpg 300w, https:\/\/www.activasalut.com\/wp-content\/uploads\/2022\/02\/view-in-microscopic-of-candidiasis-1-768x512.jpg 768w, https:\/\/www.activasalut.com\/wp-content\/uploads\/2022\/02\/view-in-microscopic-of-candidiasis-1-1536x1024.jpg 1536w, https:\/\/www.activasalut.com\/wp-content\/uploads\/2022\/02\/view-in-microscopic-of-candidiasis-1-2048x1365.jpg 2048w, https:\/\/www.activasalut.com\/wp-content\/uploads\/2022\/02\/view-in-microscopic-of-candidiasis-1-604x402.jpg 604w\" sizes=\"(max-width: 512px) 100vw, 512px\" \/><\/a><\/figure><\/div>\n\n\n\n<p><strong>S\u00edmptomes:<\/strong><\/p>\n\n\n\n<ul><li>Flux vaginal esp\u00e8s i blanc<\/li><li>Picor i envermelliment<\/li><li>Dolor i inflamaci\u00f3 en els teixits de la superf\u00edcie vaginal per citocines proinflamat\u00f2ries<\/li><li>Ardor durant la relaci\u00f3 sexual<\/li><\/ul>\n\n\n\n<div class=\"wp-block-image\"><figure class=\"aligncenter size-large is-resized\"><a href=\"https:\/\/www.activasalut.com\/wp-content\/uploads\/2022\/02\/vaginal-or-urinary-infection-and-problems-concept-scaled.jpg\"><img decoding=\"async\" loading=\"lazy\" src=\"https:\/\/www.activasalut.com\/wp-content\/uploads\/2022\/02\/vaginal-or-urinary-infection-and-problems-concept-1024x683.jpg\" alt=\"\" class=\"wp-image-8543\" width=\"512\" height=\"342\" srcset=\"https:\/\/www.activasalut.com\/wp-content\/uploads\/2022\/02\/vaginal-or-urinary-infection-and-problems-concept-1024x683.jpg 1024w, https:\/\/www.activasalut.com\/wp-content\/uploads\/2022\/02\/vaginal-or-urinary-infection-and-problems-concept-300x200.jpg 300w, https:\/\/www.activasalut.com\/wp-content\/uploads\/2022\/02\/vaginal-or-urinary-infection-and-problems-concept-768x512.jpg 768w, https:\/\/www.activasalut.com\/wp-content\/uploads\/2022\/02\/vaginal-or-urinary-infection-and-problems-concept-1536x1024.jpg 1536w, https:\/\/www.activasalut.com\/wp-content\/uploads\/2022\/02\/vaginal-or-urinary-infection-and-problems-concept-2048x1365.jpg 2048w, https:\/\/www.activasalut.com\/wp-content\/uploads\/2022\/02\/vaginal-or-urinary-infection-and-problems-concept-604x402.jpg 604w\" sizes=\"(max-width: 512px) 100vw, 512px\" \/><\/a><\/figure><\/div>\n\n\n\n<h5><strong>Causes de la candidiasi vaginal:<\/strong><\/h5>\n\n\n\n<ul><li>Els <strong>antibi\u00f2tics <\/strong>poden provocar la infecci\u00f3 vaginal, ja que faciliten el sobrecreixement del llevat C\u00e0ndida albicans en disminuir la flora de Lactobacils spp vaginal.<\/li><li><strong>Sistema immunitari debilitat<\/strong> per corticoides.<\/li><li>Nivells <strong>d&#8217;estr\u00f2gens elevats<\/strong> al per\u00edode menstrual.<\/li><li><strong>Anticonceptius<\/strong> d&#8217;estr\u00f2gens.<\/li><li><strong>L&#8217;embar\u00e0s<\/strong> pot produir candidiasi vaginal per canvis hormonals.<\/li><li>La <strong>dieta<\/strong> pot afectar la microbiota vaginal en disminuir les defenses, per tant, pot augmentar la proliferaci\u00f3 de microorganismes pat\u00f2gens i reduir els Lactobacils spp. Sobretot cal evitar aliments que contenen <strong>sucre<\/strong>, a excepci\u00f3 de les fruites.<\/li><li><strong>Diabetis mellitus<\/strong> mal controlada, en conseq\u00fc\u00e8ncia els nivells alts de glucosa poden produir exc\u00e9s de sucre a l&#8217;orina i la vagina.<\/li><li><strong>Dutxa vaginal i productes d&#8217;higiene inadequats<\/strong> poden produir una reducci\u00f3 de la flora vaginal (Lactobacils spp).<\/li><li><strong>L&#8217;augment del Ph<\/strong> vaginal per sobre de 4,5 afavoreix el creixement de microorganismes perjudicials.<\/li><\/ul>\n\n\n\n<h5><strong>Tractament de la candidiasi vaginal<\/strong><\/h5>\n\n\n\n<ul><li>Dieta personalitzada: Es realitzar\u00e0 una dieta personalitzada, sobre la base dels resultats de les proves sol\u00b7licitades:<\/li><\/ul>\n\n\n\n<p>&#8211; An\u00e0lisis cl\u00edniques per detectar virus, protozous, bacteris pat\u00f2gens, exc\u00e9s de fongs\u2026<\/p>\n\n\n\n<p>&#8211; Proves de metab\u00f2lits d&#8217;estr\u00f2gens en orina.<\/p>\n\n\n\n<p>&#8211; An\u00e0lisi metagen\u00f2mica: Detectar material gen\u00e8tic de diferents microorganismes<\/p>\n\n\n\n<ul><li>Suplements de probi\u00f2tics, prebi\u00f2tics i complements alimentaris, sempre sobre la base dels resultats de les proves sol\u00b7licitades.<\/li><\/ul>\n\n\n\n<div class=\"wp-block-image\"><figure class=\"aligncenter size-large is-resized\"><a href=\"https:\/\/www.activasalut.com\/wp-content\/uploads\/2022\/02\/visita-pacient2-scaled.jpg\"><img decoding=\"async\" loading=\"lazy\" src=\"https:\/\/www.activasalut.com\/wp-content\/uploads\/2022\/02\/visita-pacient2-1024x768.jpg\" alt=\"\" class=\"wp-image-8546\" width=\"512\" height=\"384\" srcset=\"https:\/\/www.activasalut.com\/wp-content\/uploads\/2022\/02\/visita-pacient2-1024x768.jpg 1024w, https:\/\/www.activasalut.com\/wp-content\/uploads\/2022\/02\/visita-pacient2-300x225.jpg 300w, https:\/\/www.activasalut.com\/wp-content\/uploads\/2022\/02\/visita-pacient2-768x576.jpg 768w, https:\/\/www.activasalut.com\/wp-content\/uploads\/2022\/02\/visita-pacient2-1536x1152.jpg 1536w, https:\/\/www.activasalut.com\/wp-content\/uploads\/2022\/02\/visita-pacient2-2048x1536.jpg 2048w\" sizes=\"(max-width: 512px) 100vw, 512px\" \/><\/a><figcaption><em>Primera visita amb el Dr. Ignasi Ullod, al centre Fisiogesti\u00f3n Roger de Ll\u00faria.<\/em><\/figcaption><\/figure><\/div>\n\n\n\n<div class=\"wp-block-image\"><figure class=\"aligncenter size-large is-resized\"><a href=\"https:\/\/www.activasalut.com\/wp-content\/uploads\/2022\/02\/palpacio5-scaled.jpg\"><img decoding=\"async\" loading=\"lazy\" src=\"https:\/\/www.activasalut.com\/wp-content\/uploads\/2022\/02\/palpacio5-1024x768.jpg\" alt=\"\" class=\"wp-image-8548\" width=\"512\" height=\"384\" srcset=\"https:\/\/www.activasalut.com\/wp-content\/uploads\/2022\/02\/palpacio5-1024x768.jpg 1024w, https:\/\/www.activasalut.com\/wp-content\/uploads\/2022\/02\/palpacio5-300x225.jpg 300w, https:\/\/www.activasalut.com\/wp-content\/uploads\/2022\/02\/palpacio5-768x576.jpg 768w, https:\/\/www.activasalut.com\/wp-content\/uploads\/2022\/02\/palpacio5-1536x1152.jpg 1536w, https:\/\/www.activasalut.com\/wp-content\/uploads\/2022\/02\/palpacio5-2048x1536.jpg 2048w\" sizes=\"(max-width: 512px) 100vw, 512px\" \/><\/a><figcaption><em>Exploraci\u00f3 a una pacient pel Dr. Ignasi Ullod, al centre Fisiogesti\u00f3n Roger de Ll\u00faria<\/em>.<\/figcaption><\/figure><\/div>\n\n\n\n<div style=\"height:60px\" aria-hidden=\"true\" class=\"wp-block-spacer\"><\/div>\n\n\n\n<h5><strong>Refer\u00e8ncies:<\/strong><\/h5>\n\n\n\n<p>1-Medical Mycology, Volume 53, Issue 8, November 2015, Pages 817\u2013827, doi: 10.1093\/mmy\/myv042. Does vaginal douching affect the type of candidal vulvovaginal infection?<\/p>\n\n\n\n<p>Omar M. Shaaban, Ahmed M. Abbas, Ahmad M. Moharram, Mohammed M. Farhan, Ibrahim H. Hassanen<\/p>\n\n\n\n<p>2-Front Cell Infect Microbiol. 2020 Jun 19;10:303.&nbsp; doi: 10.3389\/fcimb.2020.00303. eCollection 2020.Vaginal Microbiota Evaluation and Lactobacilli Quantification by qPCR in Pregnant and Non-pregnant Women: A Pilot Study.David Pacha-Herrera,Gabriela Vasco, Cecilia Cruz-Betancourt,&nbsp; Juan Miguel Galarza, Ver\u00f3nica Barrag\u00e1n, Ant\u00f3nio Machado.<\/p>\n\n\n\n<p>3-Virulence. 2017 Apr 3;8(3):342-351.&nbsp; doi: 10.1080\/21505594.2016.1237332. Epub 2016 Sep 22.<\/p>\n\n\n\n<p>The vaginal mycobiome: A contemporary perspective on fungi in women&#8217;s health and diseases<\/p>\n\n\n\n<p>L Lat\u00e9y Bradford,Jacques Ravel.<\/p>\n\n\n\n<p>4-J Obstet Gynaecol 2018 Feb;38(2):226-230. doi: 10.1080\/01443615.2017.1343810.Epub 2017 Sep 18. High glucose-mediated overexpression of ICAM-1 in human vaginal epithelial cells increases adhesion of Candida albicans.<a href=\"https:\/\/pubmed.ncbi.nlm.nih.gov\/?term=Mikamo+H&amp;cauthor_id=28920516\">Hiroshige Mikamo<\/a>,<a href=\"https:\/\/pubmed.ncbi.nlm.nih.gov\/?term=Yamagishi+Y&amp;cauthor_id=28920516\">Yuka Yamagishi<\/a>, <a href=\"https:\/\/pubmed.ncbi.nlm.nih.gov\/?term=Sugiyama+H&amp;cauthor_id=28920516\">Hiroyuki Sugiyama<\/a>, &nbsp;<a href=\"https:\/\/pubmed.ncbi.nlm.nih.gov\/?term=Miyazaki+S&amp;cauthor_id=28920516\">Shun Miyazaki<\/a> ,<a href=\"https:\/\/pubmed.ncbi.nlm.nih.gov\/?term=Sano+T&amp;cauthor_id=28920516\">Takako Sano<\/a>, <a href=\"https:\/\/pubmed.ncbi.nlm.nih.gov\/?term=Tomita+T&amp;cauthor_id=28920516\">Tsutomu Tomita<\/a><\/p>\n\n\n\n<p>5-Crit Rev Microbiol. 2016 Nov;42(6):905-27.&nbsp; doi: 10.3109\/1040841X.2015.1091805. Epub 2015 Dec 21. Vulvovaginal candidiasis: Epidemiology, microbiology and risk factors. Bruna Gon\u00e7alves,&nbsp; Carina Ferreira, Carlos Tiago Alves, Mariana Henriques, Joana Azeredo, S\u00f3nia Silva.<\/p>\n\n\n\n<p>6-Allied academies Joint Event International Conference and Exhibition on Probiotics, Nutrition and Functional Foods &amp;17th World Congress on Pediatrics and NutritionJuly 05-06, 2019 | Paris, France. Probiotics in the treatment of (Vulvovaginal Candidiasis) VVC and (Bacterial Vaginosis) BV. Franco Vicariotto.<\/p>\n\n\n\n<p>7-JCI Insight. 2017 Jun 2; 2(11): e93156. Published online 2017 Jun 2. doi: 10.1172\/jci.insight. 93156 Immunity against fungi. Michail S. Lionakis, Iliyan D. Iliev, and Tobias M. Hohl<\/p>\n\n\n\n<div style=\"height:62px\" aria-hidden=\"true\" class=\"wp-block-spacer\"><\/div>\n\n\n\n<h4>Per a m\u00e9s informaci\u00f3, podeu consultar a Ignasi Ullod, Dr. en Medicina Xinesa i Nutrici\u00f3 cl\u00ednica del Centre Fisiogesti\u00f3n Roger de Ll\u00faria.<\/h4>\n\n\n\n<h3>Pots consultar els nostres serveis de salut en la nostra xarxa de centres o emplenar aquest formulari i et contactarem.<\/h3>\n\n\n\n<div class=\"wp-block-contact-form-7-contact-form-selector\">\n<div class=\"wpcf7 no-js\" id=\"wpcf7-f5253-o1\" lang=\"es-ES\" dir=\"ltr\">\n<div class=\"screen-reader-response\"><p role=\"status\" aria-live=\"polite\" aria-atomic=\"true\"><\/p> <ul><\/ul><\/div>\n<form action=\"\/ca\/wp-json\/wp\/v2\/posts\/8552#wpcf7-f5253-o1\" method=\"post\" class=\"wpcf7-form init\" aria-label=\"Formulario de contacto\" novalidate=\"novalidate\" data-status=\"init\">\n<div style=\"display: none;\">\n<input type=\"hidden\" name=\"_wpcf7\" value=\"5253\" \/>\n<input type=\"hidden\" name=\"_wpcf7_version\" value=\"5.7.3\" \/>\n<input type=\"hidden\" name=\"_wpcf7_locale\" value=\"es_ES\" \/>\n<input type=\"hidden\" name=\"_wpcf7_unit_tag\" value=\"wpcf7-f5253-o1\" \/>\n<input type=\"hidden\" name=\"_wpcf7_container_post\" value=\"0\" \/>\n<input type=\"hidden\" name=\"_wpcf7_posted_data_hash\" value=\"\" \/>\n<input type=\"hidden\" name=\"_wpcf7_recaptcha_response\" value=\"\" \/>\n<\/div>\n<div class=\"wpcf7-response-output\" aria-hidden=\"true\"><\/div>\n<div class='comment-form'>\n\t<div class=\"comment-form-inputs\">\n\t\t<p><span class=\"wpcf7-form-control-wrap\" data-name=\"nombre\"><input size=\"40\" class=\"wpcf7-form-control wpcf7-text wpcf7-validates-as-required\" id=\"nombre\" aria-required=\"true\" aria-invalid=\"false\" placeholder=\"Nom (requerit)\" value=\"\" type=\"text\" name=\"nombre\" \/><\/span>\n\t\t<\/p>\n\t\t<p><span class=\"wpcf7-form-control-wrap\" data-name=\"apellidos\"><input size=\"40\" class=\"wpcf7-form-control wpcf7-text wpcf7-validates-as-required\" id=\"apellidos\" aria-required=\"true\" aria-invalid=\"false\" placeholder=\"Cognoms (requerit)\" value=\"\" type=\"text\" name=\"apellidos\" \/><\/span>\n\t\t<\/p>\n\t\t<p><span class=\"wpcf7-form-control-wrap\" data-name=\"email\"><input size=\"40\" class=\"wpcf7-form-control wpcf7-text wpcf7-email wpcf7-validates-as-required wpcf7-validates-as-email\" id=\"email\" aria-required=\"true\" aria-invalid=\"false\" placeholder=\"Email (requerit)\" value=\"\" type=\"email\" name=\"email\" \/><\/span>\n\t\t<\/p>\n\t\t<p><span class=\"wpcf7-form-control-wrap\" data-name=\"telefono\"><input size=\"40\" class=\"wpcf7-form-control wpcf7-text wpcf7-tel wpcf7-validates-as-required wpcf7-validates-as-tel\" id=\"telefono\" aria-required=\"true\" aria-invalid=\"false\" placeholder=\"Tel\u00e8fon (requerit)\" value=\"\" type=\"tel\" name=\"telefono\" \/><\/span>\n\t\t<\/p>\n\t<\/div>\n\t<p><span class=\"wpcf7-form-control-wrap\" data-name=\"mensaje\"><textarea cols=\"39\" rows=\"10\" class=\"wpcf7-form-control wpcf7-textarea wpcf7-validates-as-required\" id=\"mensaje\" aria-required=\"true\" aria-invalid=\"false\" placeholder=\"Missatge (requerit)\" name=\"mensaje\"><\/textarea><\/span>\n\t<\/p>\n\t<p class=\"form-submit\"><input class=\"wpcf7-form-control has-spinner wpcf7-submit\" type=\"submit\" value=\"Enviar\" \/>\n\t<\/p>\n<\/div>\n<p style=\"text-align:justify; color:#383838;\"><br \/>\n<em>L\u2019informem que les dades recollides al present formulari, seran tractades per Corporaci\u00f3 d'Administraci\u00f3 Sanit\u00e0ria A.I.E., per poder atendre i donar resposta a la seva sol\u00b7licitud d\u2018informaci\u00f3. Si necessita m\u00e9s informaci\u00f3 o vol exercir els seus drets sobre aquestes dades consulti la nostra <a href=\"https:\/\/www.fisiogestion.com\/ca\/politica-privacidad\/\">Pol\u00edtica de Privacitat<\/a>.<\/em>\n<\/p>\n<\/form>\n<\/div>\n<\/div>\n","protected":false},"excerpt":{"rendered":"<p>El llevat C\u00e0ndida Albicans (esp\u00e8cie de major incid\u00e8ncia dins de la c\u00e0ndida spp), \u00e9s un fong que es troba a la pell, microbiota intestinal,<a class=\"moretag\" href=\"https:\/\/www.activasalut.com\/ca\/que-es-la-candidiasi-vaginal\/\">Llegeix m\u00e9s&#8230;<\/a><\/p>\n","protected":false},"author":9,"featured_media":8539,"comment_status":"open","ping_status":"closed","sticky":false,"template":"","format":"standard","meta":[],"categories":[619,625,471],"tags":[2509,1123,1087],"yoast_head":"<!-- This site is optimized with the Yoast SEO plugin v20.0 - https:\/\/yoast.com\/wordpress\/plugins\/seo\/ -->\n<title>Qu\u00e8 \u00e9s la candidiasi vaginal?<\/title>\n<meta name=\"robots\" content=\"index, follow, max-snippet:-1, max-image-preview:large, max-video-preview:-1\" \/>\n<link rel=\"canonical\" href=\"https:\/\/www.activasalut.com\/ca\/que-es-la-candidiasi-vaginal\/\" \/>\n<meta property=\"og:locale\" content=\"ca_ES\" \/>\n<meta property=\"og:type\" content=\"article\" \/>\n<meta property=\"og:title\" content=\"Qu\u00e8 \u00e9s la candidiasi vaginal?\" \/>\n<meta property=\"og:description\" content=\"El llevat C\u00e0ndida Albicans (esp\u00e8cie de major incid\u00e8ncia dins de la c\u00e0ndida spp), \u00e9s un fong que es troba a la pell, microbiota intestinal,Llegeix m\u00e9s...\" \/>\n<meta property=\"og:url\" content=\"https:\/\/www.activasalut.com\/ca\/que-es-la-candidiasi-vaginal\/\" \/>\n<meta property=\"og:site_name\" content=\"Corporaci\u00f3 Fisiogesti\u00f3\" \/>\n<meta property=\"article:published_time\" content=\"2022-02-16T14:11:16+00:00\" \/>\n<meta property=\"article:modified_time\" content=\"2022-02-16T15:23:06+00:00\" \/>\n<meta property=\"og:image\" content=\"https:\/\/www.activasalut.com\/wp-content\/uploads\/2022\/02\/candida-word-on-wooden-block-scaled.jpg\" \/>\n\t<meta property=\"og:image:width\" content=\"2560\" \/>\n\t<meta property=\"og:image:height\" content=\"1707\" \/>\n\t<meta property=\"og:image:type\" content=\"image\/jpeg\" \/>\n<meta name=\"author\" content=\"Ignasi Ullod\" \/>\n<meta name=\"twitter:label1\" content=\"Escrit per\" \/>\n\t<meta name=\"twitter:data1\" content=\"Ignasi Ullod\" \/>\n\t<meta name=\"twitter:label2\" content=\"Temps estimat de lectura\" \/>\n\t<meta name=\"twitter:data2\" content=\"4 minuts\" \/>\n<script type=\"application\/ld+json\" class=\"yoast-schema-graph\">{\"@context\":\"https:\/\/schema.org\",\"@graph\":[{\"@type\":\"WebPage\",\"@id\":\"https:\/\/www.activasalut.com\/ca\/que-es-la-candidiasi-vaginal\/\",\"url\":\"https:\/\/www.activasalut.com\/ca\/que-es-la-candidiasi-vaginal\/\",\"name\":\"Qu\u00e8 \u00e9s la candidiasi vaginal?\",\"isPartOf\":{\"@id\":\"https:\/\/www.activasalut.com\/ca\/#website\"},\"datePublished\":\"2022-02-16T14:11:16+00:00\",\"dateModified\":\"2022-02-16T15:23:06+00:00\",\"author\":{\"@id\":\"https:\/\/www.activasalut.com\/ca\/#\/schema\/person\/b36ab5c729dda700e6076b1be3b71462\"},\"breadcrumb\":{\"@id\":\"https:\/\/www.activasalut.com\/ca\/que-es-la-candidiasi-vaginal\/#breadcrumb\"},\"inLanguage\":\"ca\",\"potentialAction\":[{\"@type\":\"ReadAction\",\"target\":[\"https:\/\/www.activasalut.com\/ca\/que-es-la-candidiasi-vaginal\/\"]}]},{\"@type\":\"BreadcrumbList\",\"@id\":\"https:\/\/www.activasalut.com\/ca\/que-es-la-candidiasi-vaginal\/#breadcrumb\",\"itemListElement\":[{\"@type\":\"ListItem\",\"position\":1,\"name\":\"Portada\",\"item\":\"https:\/\/www.activasalut.com\/ca\/\"},{\"@type\":\"ListItem\",\"position\":2,\"name\":\"Qu\u00e8 \u00e9s la candidiasi vaginal?\"}]},{\"@type\":\"WebSite\",\"@id\":\"https:\/\/www.activasalut.com\/ca\/#website\",\"url\":\"https:\/\/www.activasalut.com\/ca\/\",\"name\":\"Corporaci\u00f3n fisiogesti\u00f3n\",\"description\":\"Activa la teva salut\",\"potentialAction\":[{\"@type\":\"SearchAction\",\"target\":{\"@type\":\"EntryPoint\",\"urlTemplate\":\"https:\/\/www.activasalut.com\/ca\/?s={search_term_string}\"},\"query-input\":\"required name=search_term_string\"}],\"inLanguage\":\"ca\"},{\"@type\":\"Person\",\"@id\":\"https:\/\/www.activasalut.com\/ca\/#\/schema\/person\/b36ab5c729dda700e6076b1be3b71462\",\"name\":\"Ignasi Ullod\",\"image\":{\"@type\":\"ImageObject\",\"inLanguage\":\"ca\",\"@id\":\"https:\/\/www.activasalut.com\/ca\/#\/schema\/person\/image\/\",\"url\":\"https:\/\/secure.gravatar.com\/avatar\/1e5a635b7332de02380e688b854bfa8a?s=96&d=mm&r=g\",\"contentUrl\":\"https:\/\/secure.gravatar.com\/avatar\/1e5a635b7332de02380e688b854bfa8a?s=96&d=mm&r=g\",\"caption\":\"Ignasi Ullod\"},\"description\":\"Doctor en Medicina China, Nutrici\u00f3n Cl\u00ednica y acupuntor en CF-Roger de Ll\u00faria\",\"url\":\"https:\/\/www.activasalut.com\/ca\/author\/ignasi-ullod\/\"}]}<\/script>\n<!-- \/ Yoast SEO plugin. -->","yoast_head_json":{"title":"Qu\u00e8 \u00e9s la candidiasi vaginal?","robots":{"index":"index","follow":"follow","max-snippet":"max-snippet:-1","max-image-preview":"max-image-preview:large","max-video-preview":"max-video-preview:-1"},"canonical":"https:\/\/www.activasalut.com\/ca\/que-es-la-candidiasi-vaginal\/","og_locale":"ca_ES","og_type":"article","og_title":"Qu\u00e8 \u00e9s la candidiasi vaginal?","og_description":"El llevat C\u00e0ndida Albicans (esp\u00e8cie de major incid\u00e8ncia dins de la c\u00e0ndida spp), \u00e9s un fong que es troba a la pell, microbiota intestinal,Llegeix m\u00e9s...","og_url":"https:\/\/www.activasalut.com\/ca\/que-es-la-candidiasi-vaginal\/","og_site_name":"Corporaci\u00f3 Fisiogesti\u00f3","article_published_time":"2022-02-16T14:11:16+00:00","article_modified_time":"2022-02-16T15:23:06+00:00","og_image":[{"width":2560,"height":1707,"url":"https:\/\/www.activasalut.com\/wp-content\/uploads\/2022\/02\/candida-word-on-wooden-block-scaled.jpg","type":"image\/jpeg"}],"author":"Ignasi Ullod","twitter_misc":{"Escrit per":"Ignasi Ullod","Temps estimat de lectura":"4 minuts"},"schema":{"@context":"https:\/\/schema.org","@graph":[{"@type":"WebPage","@id":"https:\/\/www.activasalut.com\/ca\/que-es-la-candidiasi-vaginal\/","url":"https:\/\/www.activasalut.com\/ca\/que-es-la-candidiasi-vaginal\/","name":"Qu\u00e8 \u00e9s la candidiasi vaginal?","isPartOf":{"@id":"https:\/\/www.activasalut.com\/ca\/#website"},"datePublished":"2022-02-16T14:11:16+00:00","dateModified":"2022-02-16T15:23:06+00:00","author":{"@id":"https:\/\/www.activasalut.com\/ca\/#\/schema\/person\/b36ab5c729dda700e6076b1be3b71462"},"breadcrumb":{"@id":"https:\/\/www.activasalut.com\/ca\/que-es-la-candidiasi-vaginal\/#breadcrumb"},"inLanguage":"ca","potentialAction":[{"@type":"ReadAction","target":["https:\/\/www.activasalut.com\/ca\/que-es-la-candidiasi-vaginal\/"]}]},{"@type":"BreadcrumbList","@id":"https:\/\/www.activasalut.com\/ca\/que-es-la-candidiasi-vaginal\/#breadcrumb","itemListElement":[{"@type":"ListItem","position":1,"name":"Portada","item":"https:\/\/www.activasalut.com\/ca\/"},{"@type":"ListItem","position":2,"name":"Qu\u00e8 \u00e9s la candidiasi vaginal?"}]},{"@type":"WebSite","@id":"https:\/\/www.activasalut.com\/ca\/#website","url":"https:\/\/www.activasalut.com\/ca\/","name":"Corporaci\u00f3n fisiogesti\u00f3n","description":"Activa la teva salut","potentialAction":[{"@type":"SearchAction","target":{"@type":"EntryPoint","urlTemplate":"https:\/\/www.activasalut.com\/ca\/?s={search_term_string}"},"query-input":"required name=search_term_string"}],"inLanguage":"ca"},{"@type":"Person","@id":"https:\/\/www.activasalut.com\/ca\/#\/schema\/person\/b36ab5c729dda700e6076b1be3b71462","name":"Ignasi Ullod","image":{"@type":"ImageObject","inLanguage":"ca","@id":"https:\/\/www.activasalut.com\/ca\/#\/schema\/person\/image\/","url":"https:\/\/secure.gravatar.com\/avatar\/1e5a635b7332de02380e688b854bfa8a?s=96&d=mm&r=g","contentUrl":"https:\/\/secure.gravatar.com\/avatar\/1e5a635b7332de02380e688b854bfa8a?s=96&d=mm&r=g","caption":"Ignasi Ullod"},"description":"Doctor en Medicina China, Nutrici\u00f3n Cl\u00ednica y acupuntor en CF-Roger de Ll\u00faria","url":"https:\/\/www.activasalut.com\/ca\/author\/ignasi-ullod\/"}]}},"_links":{"self":[{"href":"https:\/\/www.activasalut.com\/ca\/wp-json\/wp\/v2\/posts\/8552"}],"collection":[{"href":"https:\/\/www.activasalut.com\/ca\/wp-json\/wp\/v2\/posts"}],"about":[{"href":"https:\/\/www.activasalut.com\/ca\/wp-json\/wp\/v2\/types\/post"}],"author":[{"embeddable":true,"href":"https:\/\/www.activasalut.com\/ca\/wp-json\/wp\/v2\/users\/9"}],"replies":[{"embeddable":true,"href":"https:\/\/www.activasalut.com\/ca\/wp-json\/wp\/v2\/comments?post=8552"}],"version-history":[{"count":6,"href":"https:\/\/www.activasalut.com\/ca\/wp-json\/wp\/v2\/posts\/8552\/revisions"}],"predecessor-version":[{"id":8561,"href":"https:\/\/www.activasalut.com\/ca\/wp-json\/wp\/v2\/posts\/8552\/revisions\/8561"}],"wp:featuredmedia":[{"embeddable":true,"href":"https:\/\/www.activasalut.com\/ca\/wp-json\/wp\/v2\/media\/8539"}],"wp:attachment":[{"href":"https:\/\/www.activasalut.com\/ca\/wp-json\/wp\/v2\/media?parent=8552"}],"wp:term":[{"taxonomy":"category","embeddable":true,"href":"https:\/\/www.activasalut.com\/ca\/wp-json\/wp\/v2\/categories?post=8552"},{"taxonomy":"post_tag","embeddable":true,"href":"https:\/\/www.activasalut.com\/ca\/wp-json\/wp\/v2\/tags?post=8552"}],"curies":[{"name":"wp","href":"https:\/\/api.w.org\/{rel}","templated":true}]}}