{"id":8665,"date":"2022-04-01T15:01:00","date_gmt":"2022-04-01T13:01:00","guid":{"rendered":"https:\/\/www.activasalut.com\/?p=8665"},"modified":"2022-04-01T15:01:01","modified_gmt":"2022-04-01T13:01:01","slug":"signes-dalerta-en-el-trastorn-de-lespectre-autista","status":"publish","type":"post","link":"https:\/\/www.activasalut.com\/ca\/signes-dalerta-en-el-trastorn-de-lespectre-autista\/","title":{"rendered":"Signes d&#8217;alerta en el Trastorn de l&#8217;Espectre Autista"},"content":{"rendered":"\n<p>El Trastorn de l&#8217;Espectre Autista (TEA) \u00e9s un trastorn neurobiol\u00f2gic del desenvolupament que es manifesta durant els tres primers anys de vida i que perdura al llarg de tot el cicle vital. \u00c9s un trastorn plurietiol\u00f2gic, \u00e9s a dir, diversos factors tant gen\u00e8tics com ambientals, no clarament identificats, s\u00f3n els que afavoreixen la seva aparici\u00f3.<\/p>\n\n\n\n<!--more-->\n\n\n\n<p>No obstant aix\u00f2, existeixen altres causes, actualment desconegudes, que donen lloc a alteracions cerebrals molt primerenques. Segons diversos estudis s&#8217;estima que el TEA gira al voltant de l&#8217;1% de la poblaci\u00f3, i afecta amb m\u00e9s freq\u00fc\u00e8ncia els nens que les nenes, en una proporci\u00f3 de 4 a 1.<\/p>\n\n\n\n<p>Les persones que presenten aquest trastorn mostren una s\u00e8rie de s\u00edmptomes relacionats amb la interacci\u00f3 social, la comunicaci\u00f3 i la falta de flexibilitat en el raonament i en el seu comportament.<\/p>\n\n\n\n<div class=\"wp-block-image\"><figure class=\"aligncenter size-large is-resized\"><a href=\"https:\/\/www.activasalut.com\/wp-content\/uploads\/2022\/03\/PORTRA1-1-scaled.jpg\"><img decoding=\"async\" loading=\"lazy\" src=\"https:\/\/www.activasalut.com\/wp-content\/uploads\/2022\/03\/PORTRA1-1-1024x683.jpg\" alt=\"\" class=\"wp-image-8666\" width=\"512\" height=\"342\" srcset=\"https:\/\/www.activasalut.com\/wp-content\/uploads\/2022\/03\/PORTRA1-1-1024x683.jpg 1024w, https:\/\/www.activasalut.com\/wp-content\/uploads\/2022\/03\/PORTRA1-1-300x200.jpg 300w, https:\/\/www.activasalut.com\/wp-content\/uploads\/2022\/03\/PORTRA1-1-768x512.jpg 768w, https:\/\/www.activasalut.com\/wp-content\/uploads\/2022\/03\/PORTRA1-1-1536x1024.jpg 1536w, https:\/\/www.activasalut.com\/wp-content\/uploads\/2022\/03\/PORTRA1-1-2048x1365.jpg 2048w, https:\/\/www.activasalut.com\/wp-content\/uploads\/2022\/03\/PORTRA1-1-604x402.jpg 604w\" sizes=\"(max-width: 512px) 100vw, 512px\" \/><\/a><\/figure><\/div>\n\n\n\n<p>A continuaci\u00f3, es poden observar uns certs <strong>SIGNES D\u2019ALERTA<\/strong> caracter\u00edstics d&#8217;aquest trastorn, segons l&#8217;edat cronol\u00f2gica del nen.<\/p>\n\n\n\n<h4><strong>Als 3 mesos:<\/strong><\/h4>\n\n\n\n<ul><li>Abs\u00e8ncia de somriure afectiu amb els del seu voltant<\/li><li>Abs\u00e8ncia de mirada o contacte visual<\/li><li>Nom\u00e9s fixa la seva mirada en est\u00edmuls lluminosos<\/li><li>Plora sense motiu<\/li><li>Alt grau d\u2019irritabilitat<\/li><li>No reconeix la veu dels seus pares ni mostra inter\u00e8s per ella<\/li><\/ul>\n\n\n\n<div class=\"wp-block-image\"><figure class=\"aligncenter size-large is-resized\"><a href=\"https:\/\/www.activasalut.com\/wp-content\/uploads\/2022\/03\/crying-red-haired-baby-in-blue-and-grey-clothes-1-scaled.jpg\"><img decoding=\"async\" loading=\"lazy\" src=\"https:\/\/www.activasalut.com\/wp-content\/uploads\/2022\/03\/crying-red-haired-baby-in-blue-and-grey-clothes-1-1024x683.jpg\" alt=\"\" class=\"wp-image-8668\" width=\"512\" height=\"342\" srcset=\"https:\/\/www.activasalut.com\/wp-content\/uploads\/2022\/03\/crying-red-haired-baby-in-blue-and-grey-clothes-1-1024x683.jpg 1024w, https:\/\/www.activasalut.com\/wp-content\/uploads\/2022\/03\/crying-red-haired-baby-in-blue-and-grey-clothes-1-300x200.jpg 300w, https:\/\/www.activasalut.com\/wp-content\/uploads\/2022\/03\/crying-red-haired-baby-in-blue-and-grey-clothes-1-768x512.jpg 768w, https:\/\/www.activasalut.com\/wp-content\/uploads\/2022\/03\/crying-red-haired-baby-in-blue-and-grey-clothes-1-1536x1024.jpg 1536w, https:\/\/www.activasalut.com\/wp-content\/uploads\/2022\/03\/crying-red-haired-baby-in-blue-and-grey-clothes-1-2048x1365.jpg 2048w, https:\/\/www.activasalut.com\/wp-content\/uploads\/2022\/03\/crying-red-haired-baby-in-blue-and-grey-clothes-1-604x402.jpg 604w\" sizes=\"(max-width: 512px) 100vw, 512px\" \/><\/a><\/figure><\/div>\n\n\n\n<h4><strong>Als 6 mesos: <\/strong><\/h4>\n\n\n\n<ul><li>Tancar fortament les seves mans (reflex de prensi\u00f3 palmar) sense mirar l&#8217;objecte amb el qual es pressiona<\/li><li>Fascinaci\u00f3 per les seves mans i peus<\/li><li>Abs\u00e8ncia de vocalitzaci\u00f3 t\u00edpica dels 6 mesos<\/li><li>Falta d\u2019expressivitat (ohh, ahh\u2026)<\/li><li>Disminuci\u00f3 dels gestos anteriors al llenguatge, com mossegar&#8230;<\/li><li>Postures an\u00f2males i estranyes<\/li><\/ul>\n\n\n\n<h4><strong>Als 9 mesos:<\/strong><\/h4>\n\n\n\n<ul><li>Indifer\u00e8ncia davant els pares<\/li><li>No segueix amb la mirada quan s\u2019assenyala<\/li><li>No mostra postura anticipat\u00f2ria, com per exemple quan se\u2019l vol agafar en bra\u00e7os<\/li><li>No plora davant persones estranyes<\/li><li>Mostra molta sensibilitat davant d\u2019alguns sons (els molesta la m\u00fasica alta, els sorolls\u2026)<\/li><li>Abs\u00e8ncia del balboteig imitatiu<\/li><li>Manca d\u2019inter\u00e8s en jocs interactius simples (com el \u201ccucut\u201d)<\/li><\/ul>\n\n\n\n<div class=\"wp-block-image\"><figure class=\"aligncenter size-large is-resized\"><a href=\"https:\/\/www.activasalut.com\/wp-content\/uploads\/2022\/03\/baby-girl-crying-and-rubbing-her-eyes-1-scaled.jpg\"><img decoding=\"async\" loading=\"lazy\" src=\"https:\/\/www.activasalut.com\/wp-content\/uploads\/2022\/03\/baby-girl-crying-and-rubbing-her-eyes-1-1024x683.jpg\" alt=\"\" class=\"wp-image-8670\" width=\"512\" height=\"342\" srcset=\"https:\/\/www.activasalut.com\/wp-content\/uploads\/2022\/03\/baby-girl-crying-and-rubbing-her-eyes-1-1024x683.jpg 1024w, https:\/\/www.activasalut.com\/wp-content\/uploads\/2022\/03\/baby-girl-crying-and-rubbing-her-eyes-1-300x200.jpg 300w, https:\/\/www.activasalut.com\/wp-content\/uploads\/2022\/03\/baby-girl-crying-and-rubbing-her-eyes-1-768x512.jpg 768w, https:\/\/www.activasalut.com\/wp-content\/uploads\/2022\/03\/baby-girl-crying-and-rubbing-her-eyes-1-1536x1024.jpg 1536w, https:\/\/www.activasalut.com\/wp-content\/uploads\/2022\/03\/baby-girl-crying-and-rubbing-her-eyes-1-2048x1365.jpg 2048w, https:\/\/www.activasalut.com\/wp-content\/uploads\/2022\/03\/baby-girl-crying-and-rubbing-her-eyes-1-604x402.jpg 604w\" sizes=\"(max-width: 512px) 100vw, 512px\" \/><\/a><\/figure><\/div>\n\n\n\n<h4><strong>Als 12 mesos:<\/strong><\/h4>\n\n\n\n<ul><li>No assenyala per a demanar all\u00f2 que l\u2019interessa<\/li><li>No balboteja ni fa gestos per a comunicar-se (assenyalar o dir adeu amb la m\u00e0\u2026)<\/li><li>No mostra atenci\u00f3 pels altres<\/li><li>Reaccions emocionals inapropiades<\/li><li>No mostra inter\u00e8s per les joguines que se li ofereixen<\/li><\/ul>\n\n\n\n<h4><strong>Als 15 mesos:<\/strong><\/h4>\n\n\n\n<ul><li>No mostra atenci\u00f3 conjunta amb una altra persona<\/li><li>No mira quan se li parla<\/li><li>No respon al seu nom<\/li><li>No diu les seves primeres paraules (mama, papa, aigua\u2026)<\/li><\/ul>\n\n\n\n<div class=\"wp-block-image\"><figure class=\"aligncenter size-large is-resized\"><a href=\"https:\/\/www.activasalut.com\/wp-content\/uploads\/2022\/03\/the-baby-is-crying-the-little-boy-is-crying-heavily-1-scaled.jpg\"><img decoding=\"async\" loading=\"lazy\" src=\"https:\/\/www.activasalut.com\/wp-content\/uploads\/2022\/03\/the-baby-is-crying-the-little-boy-is-crying-heavily-1-1024x683.jpg\" alt=\"\" class=\"wp-image-8672\" width=\"512\" height=\"342\" srcset=\"https:\/\/www.activasalut.com\/wp-content\/uploads\/2022\/03\/the-baby-is-crying-the-little-boy-is-crying-heavily-1-1024x683.jpg 1024w, https:\/\/www.activasalut.com\/wp-content\/uploads\/2022\/03\/the-baby-is-crying-the-little-boy-is-crying-heavily-1-300x200.jpg 300w, https:\/\/www.activasalut.com\/wp-content\/uploads\/2022\/03\/the-baby-is-crying-the-little-boy-is-crying-heavily-1-768x512.jpg 768w, https:\/\/www.activasalut.com\/wp-content\/uploads\/2022\/03\/the-baby-is-crying-the-little-boy-is-crying-heavily-1-1536x1024.jpg 1536w, https:\/\/www.activasalut.com\/wp-content\/uploads\/2022\/03\/the-baby-is-crying-the-little-boy-is-crying-heavily-1-2048x1365.jpg 2048w, https:\/\/www.activasalut.com\/wp-content\/uploads\/2022\/03\/the-baby-is-crying-the-little-boy-is-crying-heavily-1-604x402.jpg 604w\" sizes=\"(max-width: 512px) 100vw, 512px\" \/><\/a><\/figure><\/div>\n\n\n\n<h4><strong>Als 18 mesos:<\/strong><\/h4>\n\n\n\n<ul><li>No t\u00e9 inter\u00e8s pels nens de la seva edat<\/li><li>No mostra emocions rec\u00edproques<\/li><li>No existeix llenguatge expressiu ni comprensiu (retard en el desenvolupament del llenguatge)<\/li><li>Repetici\u00f3 de paraules i frases que ha escoltat amb anterioritat (ecol\u00e0lia)<\/li><li>Formes repetitives del joc (alinear coses, obrir i tancar\u2026)<\/li><\/ul>\n\n\n\n<h4><strong>Als 24 mesos:<\/strong><\/h4>\n\n\n\n<ul><li>No imita<\/li><li>No importa inter\u00e8s pels altres (adults o nens)<\/li><li>Moviments i conductes repetitives i inflexibles (no accepten el canvi de la seva rutina, entorn\u2026)<\/li><li>Rebequeries freq\u00fcents<\/li><li>Abs\u00e8ncia total del joc simb\u00f2lic (fer que parla per tel\u00e8fon, com si prepara el menjar\u2026)<\/li><li>\u00das peculiar de les seves joguines<\/li><li>No diu frases espont\u00e0nies de dues o m\u00e9s paraules<\/li><\/ul>\n\n\n\n<div class=\"wp-block-image\"><figure class=\"aligncenter size-large is-resized\"><a href=\"https:\/\/www.activasalut.com\/wp-content\/uploads\/2022\/03\/child-playing-with-stacking-pieces-on-top-of-carpet-indoors-in-home-1-scaled.jpg\"><img decoding=\"async\" loading=\"lazy\" src=\"https:\/\/www.activasalut.com\/wp-content\/uploads\/2022\/03\/child-playing-with-stacking-pieces-on-top-of-carpet-indoors-in-home-1-1024x706.jpg\" alt=\"\" class=\"wp-image-8674\" width=\"512\" height=\"353\" srcset=\"https:\/\/www.activasalut.com\/wp-content\/uploads\/2022\/03\/child-playing-with-stacking-pieces-on-top-of-carpet-indoors-in-home-1-1024x706.jpg 1024w, https:\/\/www.activasalut.com\/wp-content\/uploads\/2022\/03\/child-playing-with-stacking-pieces-on-top-of-carpet-indoors-in-home-1-300x207.jpg 300w, https:\/\/www.activasalut.com\/wp-content\/uploads\/2022\/03\/child-playing-with-stacking-pieces-on-top-of-carpet-indoors-in-home-1-768x530.jpg 768w, https:\/\/www.activasalut.com\/wp-content\/uploads\/2022\/03\/child-playing-with-stacking-pieces-on-top-of-carpet-indoors-in-home-1-1536x1059.jpg 1536w, https:\/\/www.activasalut.com\/wp-content\/uploads\/2022\/03\/child-playing-with-stacking-pieces-on-top-of-carpet-indoors-in-home-1-2048x1412.jpg 2048w\" sizes=\"(max-width: 512px) 100vw, 512px\" \/><\/a><\/figure><\/div>\n\n\n\n<p>Hem de destacar, que l\u00f2gicament, no hi ha dues persones amb TEA iguals, ja que aquest dependr\u00e0 del seu propi desenvolupament personal i dels suports que pugui tenir, aix\u00ed com de si presenta o no discapacitat intel\u00b7lectual associada i tamb\u00e9 del seu nivell de desenvolupament del llenguatge. Per tant, cada nen pot presentar uns s\u00edmptomes diferents.<\/p>\n\n\n\n<p>En el cas que existeixi una discapacitat intel\u00b7lectual, s&#8217;han de tenir en compte uns <strong>s\u00edmptomes secundaris<\/strong>, que poden ser:<\/p>\n\n\n\n<ul><li>Hiperactivitat (a la inf\u00e0ncia)<\/li><li>Hipoactivitat (adolesc\u00e8ncia i edat adulta)<\/li><li>Canvis d\u2019humor descontrolats (humor l\u00e0bil)<\/li><li>Baixa toler\u00e0ncia a la frustraci\u00f3<\/li><li>Crisis d\u2019agitaci\u00f3 (amb causa aparent o sense)<\/li><li>Impulsivitat<\/li><li>Autoagressivitat<\/li><li>Conductes agressives cap als altres (heteroagressivitat)<\/li><li>Alteracions del son<\/li><li>Trastorns alimentaris (molt selectius, els hi costa adaptar-se a diferents textures)<\/li><li>Crisis epil\u00e8ptiques (20-25% de la poblaci\u00f3 total)<\/li><\/ul>\n\n\n\n<p>Amb la finalitat de millorar el pron\u00f2stic de les persones afectades per TEA, \u00e9s molt important realitzar un diagn\u00f2stic preco\u00e7 que \u00e9s la clau per a accedir com m\u00e9s aviat millor a una atenci\u00f3 preco\u00e7 espec\u00edfica i especialitzada, que resulta essencial per a afavorir el desenvolupament i la qualitat de vida dels nens i nenes amb autisme, al mateix temps que afavoreix el benestar emocional de les fam\u00edlies.<\/p>\n\n\n\n<p>Per a aix\u00f2, \u00e9s fonamental realitzar una valoraci\u00f3 diagn\u00f2stica exhaustiva com m\u00e9s aviat millor, amb l&#8217;objectiu de descartar o confirmar el diagn\u00f2stic.<\/p>\n\n\n\n<h3>Com ha de ser el programa d&#8217;intervenci\u00f3?<\/h3>\n\n\n\n<p>Els programes d&#8217;intervenci\u00f3 han de ser integrals (dirigits a totes les \u00e0rees evolutives i als diferents contextos) i tenir molt en compte les caracter\u00edstiques individuals de cada persona. La coordinaci\u00f3 entre els diferents professionals (pediatra, neur\u00f2leg, psic\u00f2leg, logopeda, fisioterapeuta&#8230;) i els serveis que atenen el nen\/nena afectat, ha de ser molt efectiva i \u00e9s recomanable que un dels professionals implicats actu\u00ef com a referent, amb la clara missi\u00f3 de coordinar les diferents actuacions i convertir-se en l&#8217;interlocutor preferent de la fam\u00edlia.<\/p>\n\n\n\n<div class=\"wp-block-image\"><figure class=\"aligncenter size-large is-resized\"><a href=\"https:\/\/www.activasalut.com\/wp-content\/uploads\/2022\/03\/front-view-person-holding-in-hands-cute-paper-family-1-scaled.jpg\"><img decoding=\"async\" loading=\"lazy\" src=\"https:\/\/www.activasalut.com\/wp-content\/uploads\/2022\/03\/front-view-person-holding-in-hands-cute-paper-family-1-1024x768.jpg\" alt=\"\" class=\"wp-image-8676\" width=\"512\" height=\"384\" srcset=\"https:\/\/www.activasalut.com\/wp-content\/uploads\/2022\/03\/front-view-person-holding-in-hands-cute-paper-family-1-1024x768.jpg 1024w, https:\/\/www.activasalut.com\/wp-content\/uploads\/2022\/03\/front-view-person-holding-in-hands-cute-paper-family-1-300x225.jpg 300w, https:\/\/www.activasalut.com\/wp-content\/uploads\/2022\/03\/front-view-person-holding-in-hands-cute-paper-family-1-768x576.jpg 768w, https:\/\/www.activasalut.com\/wp-content\/uploads\/2022\/03\/front-view-person-holding-in-hands-cute-paper-family-1-1536x1152.jpg 1536w, https:\/\/www.activasalut.com\/wp-content\/uploads\/2022\/03\/front-view-person-holding-in-hands-cute-paper-family-1-2048x1536.jpg 2048w\" sizes=\"(max-width: 512px) 100vw, 512px\" \/><\/a><\/figure><\/div>\n\n\n\n<p>Pel que fa a la fam\u00edlia, \u00e9s molt important que els pares rebin assessorament i el suport adequat, i que s&#8217;elabori un programa per a la llar, en el qual es descriguin els objectius espec\u00edfics i la metodologia de treball.<\/p>\n\n\n\n<h3>El treball de logop\u00e8dia en aquests casos \u00e9s fonamental, si necessites assessorament o ajuda en aquest \u00e0mbit, no dubtis a contactar amb nosaltres!<\/h3>\n\n\n\n<h2>Pots consultar els nostres serveis de <a href=\"http:\/\/logopedia\">logop\u00e8dia<\/a> en la nostra xarxa de <a href=\"http:\/\/centres\">centres<\/a> o emplenar aquest formulari i et contactarem.<\/h2>\n\n\n\n<div style=\"height:60px\" aria-hidden=\"true\" class=\"wp-block-spacer\"><\/div>\n\n\n\n<div class=\"wp-block-contact-form-7-contact-form-selector\">\n<div class=\"wpcf7 no-js\" id=\"wpcf7-f5253-o1\" lang=\"es-ES\" dir=\"ltr\">\n<div class=\"screen-reader-response\"><p role=\"status\" aria-live=\"polite\" aria-atomic=\"true\"><\/p> <ul><\/ul><\/div>\n<form action=\"\/ca\/wp-json\/wp\/v2\/posts\/8665#wpcf7-f5253-o1\" method=\"post\" class=\"wpcf7-form init\" aria-label=\"Formulario de contacto\" novalidate=\"novalidate\" data-status=\"init\">\n<div style=\"display: none;\">\n<input type=\"hidden\" name=\"_wpcf7\" value=\"5253\" \/>\n<input type=\"hidden\" name=\"_wpcf7_version\" value=\"5.7.3\" \/>\n<input type=\"hidden\" name=\"_wpcf7_locale\" value=\"es_ES\" \/>\n<input type=\"hidden\" name=\"_wpcf7_unit_tag\" value=\"wpcf7-f5253-o1\" \/>\n<input type=\"hidden\" name=\"_wpcf7_container_post\" value=\"0\" \/>\n<input type=\"hidden\" name=\"_wpcf7_posted_data_hash\" value=\"\" \/>\n<input type=\"hidden\" name=\"_wpcf7_recaptcha_response\" value=\"\" \/>\n<\/div>\n<div class=\"wpcf7-response-output\" aria-hidden=\"true\"><\/div>\n<div class='comment-form'>\n\t<div class=\"comment-form-inputs\">\n\t\t<p><span class=\"wpcf7-form-control-wrap\" data-name=\"nombre\"><input size=\"40\" class=\"wpcf7-form-control wpcf7-text wpcf7-validates-as-required\" id=\"nombre\" aria-required=\"true\" aria-invalid=\"false\" placeholder=\"Nom (requerit)\" value=\"\" type=\"text\" name=\"nombre\" \/><\/span>\n\t\t<\/p>\n\t\t<p><span class=\"wpcf7-form-control-wrap\" data-name=\"apellidos\"><input size=\"40\" class=\"wpcf7-form-control wpcf7-text wpcf7-validates-as-required\" id=\"apellidos\" aria-required=\"true\" aria-invalid=\"false\" placeholder=\"Cognoms (requerit)\" value=\"\" type=\"text\" name=\"apellidos\" \/><\/span>\n\t\t<\/p>\n\t\t<p><span class=\"wpcf7-form-control-wrap\" data-name=\"email\"><input size=\"40\" class=\"wpcf7-form-control wpcf7-text wpcf7-email wpcf7-validates-as-required wpcf7-validates-as-email\" id=\"email\" aria-required=\"true\" aria-invalid=\"false\" placeholder=\"Email (requerit)\" value=\"\" type=\"email\" name=\"email\" \/><\/span>\n\t\t<\/p>\n\t\t<p><span class=\"wpcf7-form-control-wrap\" data-name=\"telefono\"><input size=\"40\" class=\"wpcf7-form-control wpcf7-text wpcf7-tel wpcf7-validates-as-required wpcf7-validates-as-tel\" id=\"telefono\" aria-required=\"true\" aria-invalid=\"false\" placeholder=\"Tel\u00e8fon (requerit)\" value=\"\" type=\"tel\" name=\"telefono\" \/><\/span>\n\t\t<\/p>\n\t<\/div>\n\t<p><span class=\"wpcf7-form-control-wrap\" data-name=\"mensaje\"><textarea cols=\"39\" rows=\"10\" class=\"wpcf7-form-control wpcf7-textarea wpcf7-validates-as-required\" id=\"mensaje\" aria-required=\"true\" aria-invalid=\"false\" placeholder=\"Missatge (requerit)\" name=\"mensaje\"><\/textarea><\/span>\n\t<\/p>\n\t<p class=\"form-submit\"><input class=\"wpcf7-form-control has-spinner wpcf7-submit\" type=\"submit\" value=\"Enviar\" \/>\n\t<\/p>\n<\/div>\n<p style=\"text-align:justify; color:#383838;\"><br \/>\n<em>L\u2019informem que les dades recollides al present formulari, seran tractades per Corporaci\u00f3 d'Administraci\u00f3 Sanit\u00e0ria A.I.E., per poder atendre i donar resposta a la seva sol\u00b7licitud d\u2018informaci\u00f3. Si necessita m\u00e9s informaci\u00f3 o vol exercir els seus drets sobre aquestes dades consulti la nostra <a href=\"https:\/\/www.fisiogestion.com\/ca\/politica-privacidad\/\">Pol\u00edtica de Privacitat<\/a>.<\/em>\n<\/p>\n<\/form>\n<\/div>\n<\/div>\n","protected":false},"excerpt":{"rendered":"<p>El Trastorn de l&#8217;Espectre Autista (TEA) \u00e9s un trastorn neurobiol\u00f2gic del desenvolupament que es manifesta durant els tres primers anys de vida i que<a class=\"moretag\" href=\"https:\/\/www.activasalut.com\/ca\/signes-dalerta-en-el-trastorn-de-lespectre-autista\/\">Llegeix m\u00e9s&#8230;<\/a><\/p>\n","protected":false},"author":131,"featured_media":8699,"comment_status":"open","ping_status":"closed","sticky":false,"template":"","format":"standard","meta":[],"categories":[581,611,446],"tags":[348,930,96,106,2140],"yoast_head":"<!-- This site is optimized with the Yoast SEO plugin v20.0 - https:\/\/yoast.com\/wordpress\/plugins\/seo\/ -->\n<title>Signes d&#039;alerta en el Trastorn de l&#039;Espectre Autista<\/title>\n<meta name=\"robots\" content=\"index, follow, max-snippet:-1, max-image-preview:large, max-video-preview:-1\" \/>\n<link rel=\"canonical\" href=\"https:\/\/www.activasalut.com\/ca\/signes-dalerta-en-el-trastorn-de-lespectre-autista\/\" \/>\n<meta property=\"og:locale\" content=\"ca_ES\" \/>\n<meta property=\"og:type\" content=\"article\" \/>\n<meta property=\"og:title\" content=\"Signes d&#039;alerta en el Trastorn de l&#039;Espectre Autista\" \/>\n<meta property=\"og:description\" content=\"El Trastorn de l&#8217;Espectre Autista (TEA) \u00e9s un trastorn neurobiol\u00f2gic del desenvolupament que es manifesta durant els tres primers anys de vida i queLlegeix m\u00e9s...\" \/>\n<meta property=\"og:url\" content=\"https:\/\/www.activasalut.com\/ca\/signes-dalerta-en-el-trastorn-de-lespectre-autista\/\" \/>\n<meta property=\"og:site_name\" content=\"Corporaci\u00f3 Fisiogesti\u00f3\" \/>\n<meta property=\"article:published_time\" content=\"2022-04-01T13:01:00+00:00\" \/>\n<meta property=\"article:modified_time\" content=\"2022-04-01T13:01:01+00:00\" \/>\n<meta property=\"og:image\" content=\"https:\/\/www.activasalut.com\/wp-content\/uploads\/2022\/03\/Autismo-1.png\" \/>\n\t<meta property=\"og:image:width\" content=\"2000\" \/>\n\t<meta property=\"og:image:height\" content=\"2000\" \/>\n\t<meta property=\"og:image:type\" content=\"image\/png\" \/>\n<meta name=\"author\" content=\"Laia Escobar\" \/>\n<meta name=\"twitter:label1\" content=\"Escrit per\" \/>\n\t<meta name=\"twitter:data1\" content=\"Laia Escobar\" \/>\n\t<meta name=\"twitter:label2\" content=\"Temps estimat de lectura\" \/>\n\t<meta name=\"twitter:data2\" content=\"6 minuts\" \/>\n<script type=\"application\/ld+json\" class=\"yoast-schema-graph\">{\"@context\":\"https:\/\/schema.org\",\"@graph\":[{\"@type\":\"WebPage\",\"@id\":\"https:\/\/www.activasalut.com\/ca\/signes-dalerta-en-el-trastorn-de-lespectre-autista\/\",\"url\":\"https:\/\/www.activasalut.com\/ca\/signes-dalerta-en-el-trastorn-de-lespectre-autista\/\",\"name\":\"Signes d'alerta en el Trastorn de l'Espectre Autista\",\"isPartOf\":{\"@id\":\"https:\/\/www.activasalut.com\/ca\/#website\"},\"datePublished\":\"2022-04-01T13:01:00+00:00\",\"dateModified\":\"2022-04-01T13:01:01+00:00\",\"author\":{\"@id\":\"https:\/\/www.activasalut.com\/ca\/#\/schema\/person\/9c5f060452df4a0c43d806e6521a3ab1\"},\"breadcrumb\":{\"@id\":\"https:\/\/www.activasalut.com\/ca\/signes-dalerta-en-el-trastorn-de-lespectre-autista\/#breadcrumb\"},\"inLanguage\":\"ca\",\"potentialAction\":[{\"@type\":\"ReadAction\",\"target\":[\"https:\/\/www.activasalut.com\/ca\/signes-dalerta-en-el-trastorn-de-lespectre-autista\/\"]}]},{\"@type\":\"BreadcrumbList\",\"@id\":\"https:\/\/www.activasalut.com\/ca\/signes-dalerta-en-el-trastorn-de-lespectre-autista\/#breadcrumb\",\"itemListElement\":[{\"@type\":\"ListItem\",\"position\":1,\"name\":\"Portada\",\"item\":\"https:\/\/www.activasalut.com\/ca\/\"},{\"@type\":\"ListItem\",\"position\":2,\"name\":\"Signes d&#8217;alerta en el Trastorn de l&#8217;Espectre Autista\"}]},{\"@type\":\"WebSite\",\"@id\":\"https:\/\/www.activasalut.com\/ca\/#website\",\"url\":\"https:\/\/www.activasalut.com\/ca\/\",\"name\":\"Corporaci\u00f3n fisiogesti\u00f3n\",\"description\":\"Activa la teva salut\",\"potentialAction\":[{\"@type\":\"SearchAction\",\"target\":{\"@type\":\"EntryPoint\",\"urlTemplate\":\"https:\/\/www.activasalut.com\/ca\/?s={search_term_string}\"},\"query-input\":\"required name=search_term_string\"}],\"inLanguage\":\"ca\"},{\"@type\":\"Person\",\"@id\":\"https:\/\/www.activasalut.com\/ca\/#\/schema\/person\/9c5f060452df4a0c43d806e6521a3ab1\",\"name\":\"Laia Escobar\",\"image\":{\"@type\":\"ImageObject\",\"inLanguage\":\"ca\",\"@id\":\"https:\/\/www.activasalut.com\/ca\/#\/schema\/person\/image\/\",\"url\":\"https:\/\/secure.gravatar.com\/avatar\/ee18f8691b41148e476898adfef34547?s=96&d=mm&r=g\",\"contentUrl\":\"https:\/\/secure.gravatar.com\/avatar\/ee18f8691b41148e476898adfef34547?s=96&d=mm&r=g\",\"caption\":\"Laia Escobar\"},\"description\":\"Logopeda de la Corporaci\u00f3n Fisiogesti\u00f3n CF- Sant Boi\",\"url\":\"https:\/\/www.activasalut.com\/ca\/author\/laia-escobar\/\"}]}<\/script>\n<!-- \/ Yoast SEO plugin. -->","yoast_head_json":{"title":"Signes d'alerta en el Trastorn de l'Espectre Autista","robots":{"index":"index","follow":"follow","max-snippet":"max-snippet:-1","max-image-preview":"max-image-preview:large","max-video-preview":"max-video-preview:-1"},"canonical":"https:\/\/www.activasalut.com\/ca\/signes-dalerta-en-el-trastorn-de-lespectre-autista\/","og_locale":"ca_ES","og_type":"article","og_title":"Signes d'alerta en el Trastorn de l'Espectre Autista","og_description":"El Trastorn de l&#8217;Espectre Autista (TEA) \u00e9s un trastorn neurobiol\u00f2gic del desenvolupament que es manifesta durant els tres primers anys de vida i queLlegeix m\u00e9s...","og_url":"https:\/\/www.activasalut.com\/ca\/signes-dalerta-en-el-trastorn-de-lespectre-autista\/","og_site_name":"Corporaci\u00f3 Fisiogesti\u00f3","article_published_time":"2022-04-01T13:01:00+00:00","article_modified_time":"2022-04-01T13:01:01+00:00","og_image":[{"width":2000,"height":2000,"url":"https:\/\/www.activasalut.com\/wp-content\/uploads\/2022\/03\/Autismo-1.png","type":"image\/png"}],"author":"Laia Escobar","twitter_misc":{"Escrit per":"Laia Escobar","Temps estimat de lectura":"6 minuts"},"schema":{"@context":"https:\/\/schema.org","@graph":[{"@type":"WebPage","@id":"https:\/\/www.activasalut.com\/ca\/signes-dalerta-en-el-trastorn-de-lespectre-autista\/","url":"https:\/\/www.activasalut.com\/ca\/signes-dalerta-en-el-trastorn-de-lespectre-autista\/","name":"Signes d'alerta en el Trastorn de l'Espectre Autista","isPartOf":{"@id":"https:\/\/www.activasalut.com\/ca\/#website"},"datePublished":"2022-04-01T13:01:00+00:00","dateModified":"2022-04-01T13:01:01+00:00","author":{"@id":"https:\/\/www.activasalut.com\/ca\/#\/schema\/person\/9c5f060452df4a0c43d806e6521a3ab1"},"breadcrumb":{"@id":"https:\/\/www.activasalut.com\/ca\/signes-dalerta-en-el-trastorn-de-lespectre-autista\/#breadcrumb"},"inLanguage":"ca","potentialAction":[{"@type":"ReadAction","target":["https:\/\/www.activasalut.com\/ca\/signes-dalerta-en-el-trastorn-de-lespectre-autista\/"]}]},{"@type":"BreadcrumbList","@id":"https:\/\/www.activasalut.com\/ca\/signes-dalerta-en-el-trastorn-de-lespectre-autista\/#breadcrumb","itemListElement":[{"@type":"ListItem","position":1,"name":"Portada","item":"https:\/\/www.activasalut.com\/ca\/"},{"@type":"ListItem","position":2,"name":"Signes d&#8217;alerta en el Trastorn de l&#8217;Espectre Autista"}]},{"@type":"WebSite","@id":"https:\/\/www.activasalut.com\/ca\/#website","url":"https:\/\/www.activasalut.com\/ca\/","name":"Corporaci\u00f3n fisiogesti\u00f3n","description":"Activa la teva salut","potentialAction":[{"@type":"SearchAction","target":{"@type":"EntryPoint","urlTemplate":"https:\/\/www.activasalut.com\/ca\/?s={search_term_string}"},"query-input":"required name=search_term_string"}],"inLanguage":"ca"},{"@type":"Person","@id":"https:\/\/www.activasalut.com\/ca\/#\/schema\/person\/9c5f060452df4a0c43d806e6521a3ab1","name":"Laia Escobar","image":{"@type":"ImageObject","inLanguage":"ca","@id":"https:\/\/www.activasalut.com\/ca\/#\/schema\/person\/image\/","url":"https:\/\/secure.gravatar.com\/avatar\/ee18f8691b41148e476898adfef34547?s=96&d=mm&r=g","contentUrl":"https:\/\/secure.gravatar.com\/avatar\/ee18f8691b41148e476898adfef34547?s=96&d=mm&r=g","caption":"Laia Escobar"},"description":"Logopeda de la Corporaci\u00f3n Fisiogesti\u00f3n CF- Sant Boi","url":"https:\/\/www.activasalut.com\/ca\/author\/laia-escobar\/"}]}},"_links":{"self":[{"href":"https:\/\/www.activasalut.com\/ca\/wp-json\/wp\/v2\/posts\/8665"}],"collection":[{"href":"https:\/\/www.activasalut.com\/ca\/wp-json\/wp\/v2\/posts"}],"about":[{"href":"https:\/\/www.activasalut.com\/ca\/wp-json\/wp\/v2\/types\/post"}],"author":[{"embeddable":true,"href":"https:\/\/www.activasalut.com\/ca\/wp-json\/wp\/v2\/users\/131"}],"replies":[{"embeddable":true,"href":"https:\/\/www.activasalut.com\/ca\/wp-json\/wp\/v2\/comments?post=8665"}],"version-history":[{"count":2,"href":"https:\/\/www.activasalut.com\/ca\/wp-json\/wp\/v2\/posts\/8665\/revisions"}],"predecessor-version":[{"id":8694,"href":"https:\/\/www.activasalut.com\/ca\/wp-json\/wp\/v2\/posts\/8665\/revisions\/8694"}],"wp:featuredmedia":[{"embeddable":true,"href":"https:\/\/www.activasalut.com\/ca\/wp-json\/wp\/v2\/media\/8699"}],"wp:attachment":[{"href":"https:\/\/www.activasalut.com\/ca\/wp-json\/wp\/v2\/media?parent=8665"}],"wp:term":[{"taxonomy":"category","embeddable":true,"href":"https:\/\/www.activasalut.com\/ca\/wp-json\/wp\/v2\/categories?post=8665"},{"taxonomy":"post_tag","embeddable":true,"href":"https:\/\/www.activasalut.com\/ca\/wp-json\/wp\/v2\/tags?post=8665"}],"curies":[{"name":"wp","href":"https:\/\/api.w.org\/{rel}","templated":true}]}}