{"id":8811,"date":"2022-07-08T14:28:10","date_gmt":"2022-07-08T12:28:10","guid":{"rendered":"https:\/\/www.activasalut.com\/?p=8811"},"modified":"2022-07-08T14:28:11","modified_gmt":"2022-07-08T12:28:11","slug":"tractament-de-lesions-de-la-ma-canell-i-dits-amb-rehand","status":"publish","type":"post","link":"https:\/\/www.activasalut.com\/ca\/tractament-de-lesions-de-la-ma-canell-i-dits-amb-rehand\/","title":{"rendered":"Tractament de lesions de la m\u00e0, canell i dits amb ReHand\u00a0"},"content":{"rendered":"\n<h3>Telerehabilitaci\u00f3 a trav\u00e9s d&#8217;una Tablet<\/h3>\n\n\n\n<p>A ter\u00e0pia ocupacional utilitzem la tecnologia com a complement dels tractaments, la qual cosa ens aporta excel\u00b7lents resultats. Aix\u00ed, amb l&#8217;objectiu d&#8217;aplicar aquestes millores en la rehabilitaci\u00f3 al segment m\u00e9s funcional del cos (m\u00e0-canell-dits), hem incl\u00f2s als nostres centres ambulatoris la tecnologia ReHand, una soluci\u00f3 digital innovadora per a la rehabilitaci\u00f3 de la m\u00e0, el canell i els dits a trav\u00e9s de la Tablet.<\/p>\n\n\n\n<h3><strong>Qu\u00e8 ens aporta ReHand?<\/strong><\/h3>\n\n\n\n<p>El sistema digital ReHand ens aporta una metodologia nova i basada en l\u2019evid\u00e8ncia cient\u00edfica m\u00e9s actual. D&#8217;aquesta manera, ReHand permet prescriure un pla personalitzat d&#8217;exercicis funcionals, tractar amb tecnologia innovadora a trav\u00e9s d&#8217;una Tablet i monitorar els resultats i l\u2019evoluci\u00f3 del pacient durant el tractament.<\/p>\n\n\n\n<div class=\"wp-block-image\"><figure class=\"aligncenter size-large\"><a href=\"https:\/\/www.activasalut.com\/wp-content\/uploads\/2022\/07\/1-1.png\"><img decoding=\"async\" loading=\"lazy\" width=\"1024\" height=\"282\" src=\"https:\/\/www.activasalut.com\/wp-content\/uploads\/2022\/07\/1-1-1024x282.png\" alt=\"\" class=\"wp-image-8812\" srcset=\"https:\/\/www.activasalut.com\/wp-content\/uploads\/2022\/07\/1-1-1024x282.png 1024w, https:\/\/www.activasalut.com\/wp-content\/uploads\/2022\/07\/1-1-300x83.png 300w, https:\/\/www.activasalut.com\/wp-content\/uploads\/2022\/07\/1-1-768x211.png 768w, https:\/\/www.activasalut.com\/wp-content\/uploads\/2022\/07\/1-1.png 1482w\" sizes=\"(max-width: 1024px) 100vw, 1024px\" \/><\/a><figcaption><strong><u>Coneix m\u00e9s en profunditat ReHand:<\/u><\/strong><\/figcaption><\/figure><\/div>\n\n\n\n<figure class=\"wp-block-embed is-type-video is-provider-youtube wp-block-embed-youtube wp-embed-aspect-16-9 wp-has-aspect-ratio\"><div class=\"wp-block-embed__wrapper\">\n<iframe loading=\"lazy\" title=\"ReHand. Rehabilitaci\u00f3n de Mu\u00f1eca, Mano y Dedos a trav\u00e9s de la Tablet\" width=\"604\" height=\"340\" src=\"https:\/\/www.youtube.com\/embed\/PJuwoXeBs-o?feature=oembed\" frameborder=\"0\" allow=\"accelerometer; autoplay; clipboard-write; encrypted-media; gyroscope; picture-in-picture\" allowfullscreen><\/iframe>\n<\/div><\/figure>\n\n\n\n<p><\/p>\n\n\n\n<h3><strong>7 avantatges que aporta aplicar ReHand al teu tractament<\/strong><\/h3>\n\n\n\n<ul><li><strong>Mobilitzaci\u00f3 preco\u00e7<\/strong>,<strong> <\/strong>el pacient realitza un calibratge previ de la m\u00e0 a trav\u00e9s de la Tablet per adaptar cada exercici al seu rang de moviment sense dolor.<\/li><li><strong>Adaptaci\u00f3 i progressi\u00f3 <\/strong>autom\u00e0tica de la dificultat del pla d\u2019exercicis personalitzats.<\/li><li><strong>Reentrenament sensoriomotor<\/strong><sup>1,2,3 <\/sup>\u00f2ptim del control de moviments i la funcionalitat<sup> <\/sup>de la m\u00e0, canell i dits.<\/li><li>Promoci\u00f3 de l\u2019<strong>autonomia <\/strong>i empoderament del pacient per practicar i aplicar el seu propi tractament<strong>, feedback <\/strong>aportat per l&#8217;app per seguir els \u00e8xits i el seu acompliment.<\/li><li><strong>Recuperaci\u00f3 m\u00e9s r\u00e0pida <\/strong>de la m\u00e0 i, per tant, un retorn preco\u00e7 a les activitats de la vida di\u00e0ria i el treball<sup>4,5<\/sup>.<\/li><li>Facilitaci\u00f3 de la <strong>comunicaci\u00f3 i intercanvi d&#8217;informaci\u00f3 <\/strong>entre pacient i terapeuta amb dades objectives.<\/li><li><strong>Seguiment <\/strong>global de l&#8217;evoluci\u00f3 de la patologia amb escales i q\u00fcestionaris validats i de la progressi\u00f3 de cada exercici funcional prescrit.<\/li><\/ul>\n\n\n\n<figure class=\"wp-block-image size-full\"><a href=\"https:\/\/www.activasalut.com\/wp-content\/uploads\/2022\/07\/2-1.png\"><img decoding=\"async\" loading=\"lazy\" width=\"951\" height=\"433\" src=\"https:\/\/www.activasalut.com\/wp-content\/uploads\/2022\/07\/2-1.png\" alt=\"\" class=\"wp-image-8814\" srcset=\"https:\/\/www.activasalut.com\/wp-content\/uploads\/2022\/07\/2-1.png 951w, https:\/\/www.activasalut.com\/wp-content\/uploads\/2022\/07\/2-1-300x137.png 300w, https:\/\/www.activasalut.com\/wp-content\/uploads\/2022\/07\/2-1-768x350.png 768w\" sizes=\"(max-width: 951px) 100vw, 951px\" \/><\/a><\/figure>\n\n\n\n<h4><strong><em>La telerehabilitaci\u00f3 permet continuar el treball de recuperaci\u00f3 a casa, cosa que millora notablement els resultats de la rehabilitaci\u00f3<\/em><\/strong><sup>6<\/sup><\/h4>\n\n\n\n<h3><strong>Com hem innovat a Corporaci\u00f3 Fisiogesti\u00f3n?<\/strong><\/h3>\n\n\n\n<p>Amb la <strong>sincronitzaci\u00f3 <\/strong>de la <strong>plataforma virtual ReHand i el portal del pacient iCF<\/strong>. Una aposta innovadora per integrar l&#8217;eina als nostres sistemes d&#8217;informaci\u00f3 i tractament del pacient.<\/p>\n\n\n\n<p class=\"has-text-align-right\"><strong><em>&#8220;La innovaci\u00f3 no \u00e9s q\u00fcesti\u00f3 de diners, \u00e9s q\u00fcesti\u00f3 de persones&#8221;<\/em><\/strong><\/p>\n\n\n\n<p class=\"has-text-align-right\"><strong><em>Steve Jobs<\/em><\/strong><\/p>\n\n\n\n<p>El <strong>professional <\/strong>del servei ambulatori des de la Hist\u00f2ria Cl\u00ednica Informatitzada del pacient accedeix a iCF, on podr\u00e0 trobar la Plataforma ReHand per a la <strong>prescripci\u00f3 i seguiment <\/strong>de resultats.<\/p>\n\n\n\n<figure class=\"wp-block-image size-large\"><a href=\"https:\/\/www.activasalut.com\/wp-content\/uploads\/2022\/07\/3-1.png\"><img decoding=\"async\" loading=\"lazy\" width=\"1024\" height=\"366\" src=\"https:\/\/www.activasalut.com\/wp-content\/uploads\/2022\/07\/3-1-1024x366.png\" alt=\"\" class=\"wp-image-8816\" srcset=\"https:\/\/www.activasalut.com\/wp-content\/uploads\/2022\/07\/3-1-1024x366.png 1024w, https:\/\/www.activasalut.com\/wp-content\/uploads\/2022\/07\/3-1-300x107.png 300w, https:\/\/www.activasalut.com\/wp-content\/uploads\/2022\/07\/3-1-768x274.png 768w, https:\/\/www.activasalut.com\/wp-content\/uploads\/2022\/07\/3-1-1536x549.png 1536w, https:\/\/www.activasalut.com\/wp-content\/uploads\/2022\/07\/3-1.png 1869w\" sizes=\"(max-width: 1024px) 100vw, 1024px\" \/><\/a><\/figure>\n\n\n\n<p>Un cop prescrit el programa d&#8217;exercicis pel professional, el <strong>pacient <\/strong>podr\u00e0 trobar el seu <strong>tractament personalitzat ReHand<\/strong> a trav\u00e9s del portal iCF i a la secci\u00f3 de Contingut Essencial. Aquest programa d&#8217;exercicis personalitzat es podr\u00e0 fer des d&#8217;una Tablet. D&#8217;aquesta manera, des de casa pot continuar practicant tots els continguts que el professional li hagi prescrit al portal iCF del pacient.<\/p>\n\n\n\n<figure class=\"wp-block-image size-large\"><a href=\"https:\/\/www.activasalut.com\/wp-content\/uploads\/2022\/07\/4-1.png\"><img decoding=\"async\" loading=\"lazy\" width=\"1024\" height=\"576\" src=\"https:\/\/www.activasalut.com\/wp-content\/uploads\/2022\/07\/4-1-1024x576.png\" alt=\"\" class=\"wp-image-8818\" srcset=\"https:\/\/www.activasalut.com\/wp-content\/uploads\/2022\/07\/4-1-1024x576.png 1024w, https:\/\/www.activasalut.com\/wp-content\/uploads\/2022\/07\/4-1-300x169.png 300w, https:\/\/www.activasalut.com\/wp-content\/uploads\/2022\/07\/4-1-768x432.png 768w, https:\/\/www.activasalut.com\/wp-content\/uploads\/2022\/07\/4-1.png 1397w\" sizes=\"(max-width: 1024px) 100vw, 1024px\" \/><\/a><\/figure>\n\n\n\n<h4>El treball del terapeuta ocupacional a la recuperaci\u00f3 de la funcionalitat de la m\u00e0, el canell i els dits \u00e9s essencial.<\/h4>\n\n\n\n<h4> <\/h4>\n\n\n\n<h5><strong>Refer\u00e8ncies bibliogr\u00e0fiques<\/strong><\/h5>\n\n\n\n<ul><li>https:\/\/rehand.net<\/li><\/ul>\n\n\n\n<p>1. De Jong BM, Coert JH, Stenekes MW, Leenders KL, Paans AMJ, Nicolai JPA. Cerebral reorganisation of human hand movement following dynamic immobilisation. Neuroreport. 2003;14(13):1693-1696. doi:10.1097\/00001756-200309150-00007<\/p>\n\n\n\n<p>2. Stenekes MW, Geertzen JH, Nicolai JPA, De Jong BM, Mulder T. Effects of Motor Imagery on Hand Function During Immobilization After Flexor Tendon Repair. Arch Phys Med Rehabil. 2009;90(4):553-559. doi: 10.1016\/j.apmr.2008.10.029<\/p>\n\n\n\n<p>3. Perez MA, Lundbye-Jensen J, Nielsen JB. Changes in corticospinal drive to spinal motoneurones following visuo-motor skill learning in humans. J Physiol. 2006;573(Pt 3):843-855. doi:10.1113\/jphysiol.2006.105361<\/p>\n\n\n\n<p>4. Cook AC, Szabo RM, Birkholz SW, King EF. Early mobilization following carpal tunnel release. A prospective randomized study. J Hand Surg Br. 1995;20(2):228-230. http:\/\/www.ncbi.nlm.nih.gov\/pubmed\/7797977. Accessed August 9, 2018.<\/p>\n\n\n\n<p>5. Bury TF, Akelman E, Weiss AP. Prospective, randomized trial of splinting after carpal tunnel release. Ann Plast Surg. 1995;35(1):19-22. http:\/\/www.ncbi.nlm.nih.gov\/pubmed\/7574280. Accessed August 9, 2018.<\/p>\n\n\n\n<p>6. Kairy D, Lehoux P, Vincent C, Visintin M. A systematic review of clinical outcomes, clinical process, healthcare utilization and costs associated with telerehabilitation. Disabil Rehabil. 2009;31(6):427-447. doi:10.1080\/09638280802062553<\/p>\n\n\n\n<h4>Pots consultar els nostres serveis de ter\u00e0pia ocupacional a la nostra xarxa de centres, o pots emplenar aquest formulari i et contactarem.<\/h4>\n\n\n\n<div style=\"height:60px\" aria-hidden=\"true\" class=\"wp-block-spacer\"><\/div>\n\n\n\n<div class=\"wp-block-contact-form-7-contact-form-selector\">\n<div class=\"wpcf7 no-js\" id=\"wpcf7-f5253-o1\" lang=\"es-ES\" dir=\"ltr\">\n<div class=\"screen-reader-response\"><p role=\"status\" aria-live=\"polite\" aria-atomic=\"true\"><\/p> <ul><\/ul><\/div>\n<form action=\"\/ca\/wp-json\/wp\/v2\/posts\/8811#wpcf7-f5253-o1\" method=\"post\" class=\"wpcf7-form init\" aria-label=\"Formulario de contacto\" novalidate=\"novalidate\" data-status=\"init\">\n<div style=\"display: none;\">\n<input type=\"hidden\" name=\"_wpcf7\" value=\"5253\" \/>\n<input type=\"hidden\" name=\"_wpcf7_version\" value=\"5.7.3\" \/>\n<input type=\"hidden\" name=\"_wpcf7_locale\" value=\"es_ES\" \/>\n<input type=\"hidden\" name=\"_wpcf7_unit_tag\" value=\"wpcf7-f5253-o1\" \/>\n<input type=\"hidden\" name=\"_wpcf7_container_post\" value=\"0\" \/>\n<input type=\"hidden\" name=\"_wpcf7_posted_data_hash\" value=\"\" \/>\n<input type=\"hidden\" name=\"_wpcf7_recaptcha_response\" value=\"\" \/>\n<\/div>\n<div class=\"wpcf7-response-output\" aria-hidden=\"true\"><\/div>\n<div class='comment-form'>\n\t<div class=\"comment-form-inputs\">\n\t\t<p><span class=\"wpcf7-form-control-wrap\" data-name=\"nombre\"><input size=\"40\" class=\"wpcf7-form-control wpcf7-text wpcf7-validates-as-required\" id=\"nombre\" aria-required=\"true\" aria-invalid=\"false\" placeholder=\"Nom (requerit)\" value=\"\" type=\"text\" name=\"nombre\" \/><\/span>\n\t\t<\/p>\n\t\t<p><span class=\"wpcf7-form-control-wrap\" data-name=\"apellidos\"><input size=\"40\" class=\"wpcf7-form-control wpcf7-text wpcf7-validates-as-required\" id=\"apellidos\" aria-required=\"true\" aria-invalid=\"false\" placeholder=\"Cognoms (requerit)\" value=\"\" type=\"text\" name=\"apellidos\" \/><\/span>\n\t\t<\/p>\n\t\t<p><span class=\"wpcf7-form-control-wrap\" data-name=\"email\"><input size=\"40\" class=\"wpcf7-form-control wpcf7-text wpcf7-email wpcf7-validates-as-required wpcf7-validates-as-email\" id=\"email\" aria-required=\"true\" aria-invalid=\"false\" placeholder=\"Email (requerit)\" value=\"\" type=\"email\" name=\"email\" \/><\/span>\n\t\t<\/p>\n\t\t<p><span class=\"wpcf7-form-control-wrap\" data-name=\"telefono\"><input size=\"40\" class=\"wpcf7-form-control wpcf7-text wpcf7-tel wpcf7-validates-as-required wpcf7-validates-as-tel\" id=\"telefono\" aria-required=\"true\" aria-invalid=\"false\" placeholder=\"Tel\u00e8fon (requerit)\" value=\"\" type=\"tel\" name=\"telefono\" \/><\/span>\n\t\t<\/p>\n\t<\/div>\n\t<p><span class=\"wpcf7-form-control-wrap\" data-name=\"mensaje\"><textarea cols=\"39\" rows=\"10\" class=\"wpcf7-form-control wpcf7-textarea wpcf7-validates-as-required\" id=\"mensaje\" aria-required=\"true\" aria-invalid=\"false\" placeholder=\"Missatge (requerit)\" name=\"mensaje\"><\/textarea><\/span>\n\t<\/p>\n\t<p class=\"form-submit\"><input class=\"wpcf7-form-control has-spinner wpcf7-submit\" type=\"submit\" value=\"Enviar\" \/>\n\t<\/p>\n<\/div>\n<p style=\"text-align:justify; color:#383838;\"><br \/>\n<em>L\u2019informem que les dades recollides al present formulari, seran tractades per Corporaci\u00f3 d'Administraci\u00f3 Sanit\u00e0ria A.I.E., per poder atendre i donar resposta a la seva sol\u00b7licitud d\u2018informaci\u00f3. Si necessita m\u00e9s informaci\u00f3 o vol exercir els seus drets sobre aquestes dades consulti la nostra <a href=\"https:\/\/www.fisiogestion.com\/ca\/politica-privacidad\/\">Pol\u00edtica de Privacitat<\/a>.<\/em>\n<\/p>\n<\/form>\n<\/div>\n<\/div>\n","protected":false},"excerpt":{"rendered":"<p>Telerehabilitaci\u00f3 a trav\u00e9s d&#8217;una Tablet A ter\u00e0pia ocupacional utilitzem la tecnologia com a complement dels tractaments, la qual cosa ens aporta excel\u00b7lents resultats. Aix\u00ed,<a class=\"moretag\" href=\"https:\/\/www.activasalut.com\/ca\/tractament-de-lesions-de-la-ma-canell-i-dits-amb-rehand\/\">Llegeix m\u00e9s&#8230;<\/a><\/p>\n","protected":false},"author":71,"featured_media":8810,"comment_status":"open","ping_status":"closed","sticky":false,"template":"","format":"standard","meta":[],"categories":[599,446],"tags":[1470,1471,3366,1349],"yoast_head":"<!-- This site is optimized with the Yoast SEO plugin v20.0 - https:\/\/yoast.com\/wordpress\/plugins\/seo\/ -->\n<title>Tractament de lesions de la m\u00e0, canell i dits amb ReHand\u00a0<\/title>\n<meta name=\"robots\" content=\"index, follow, max-snippet:-1, max-image-preview:large, max-video-preview:-1\" \/>\n<link rel=\"canonical\" href=\"https:\/\/www.activasalut.com\/ca\/tractament-de-lesions-de-la-ma-canell-i-dits-amb-rehand\/\" \/>\n<meta property=\"og:locale\" content=\"ca_ES\" \/>\n<meta property=\"og:type\" content=\"article\" \/>\n<meta property=\"og:title\" content=\"Tractament de lesions de la m\u00e0, canell i dits amb ReHand\u00a0\" \/>\n<meta property=\"og:description\" content=\"Telerehabilitaci\u00f3 a trav\u00e9s d&#8217;una Tablet A ter\u00e0pia ocupacional utilitzem la tecnologia com a complement dels tractaments, la qual cosa ens aporta excel\u00b7lents resultats. Aix\u00ed,Llegeix m\u00e9s...\" \/>\n<meta property=\"og:url\" content=\"https:\/\/www.activasalut.com\/ca\/tractament-de-lesions-de-la-ma-canell-i-dits-amb-rehand\/\" \/>\n<meta property=\"og:site_name\" content=\"Corporaci\u00f3 Fisiogesti\u00f3\" \/>\n<meta property=\"article:published_time\" content=\"2022-07-08T12:28:10+00:00\" \/>\n<meta property=\"article:modified_time\" content=\"2022-07-08T12:28:11+00:00\" \/>\n<meta property=\"og:image\" content=\"https:\/\/www.activasalut.com\/wp-content\/uploads\/2022\/07\/woman-hand-isolated-on-white-background-2-scaled.jpg\" \/>\n\t<meta property=\"og:image:width\" content=\"2560\" \/>\n\t<meta property=\"og:image:height\" content=\"1709\" \/>\n\t<meta property=\"og:image:type\" content=\"image\/jpeg\" \/>\n<meta name=\"author\" content=\"Carme Olivera\" \/>\n<meta name=\"twitter:label1\" content=\"Escrit per\" \/>\n\t<meta name=\"twitter:data1\" content=\"Carme Olivera\" \/>\n\t<meta name=\"twitter:label2\" content=\"Temps estimat de lectura\" \/>\n\t<meta name=\"twitter:data2\" content=\"4 minuts\" \/>\n<script type=\"application\/ld+json\" class=\"yoast-schema-graph\">{\"@context\":\"https:\/\/schema.org\",\"@graph\":[{\"@type\":\"WebPage\",\"@id\":\"https:\/\/www.activasalut.com\/ca\/tractament-de-lesions-de-la-ma-canell-i-dits-amb-rehand\/\",\"url\":\"https:\/\/www.activasalut.com\/ca\/tractament-de-lesions-de-la-ma-canell-i-dits-amb-rehand\/\",\"name\":\"Tractament de lesions de la m\u00e0, canell i dits amb ReHand\u00a0\",\"isPartOf\":{\"@id\":\"https:\/\/www.activasalut.com\/ca\/#website\"},\"datePublished\":\"2022-07-08T12:28:10+00:00\",\"dateModified\":\"2022-07-08T12:28:11+00:00\",\"author\":{\"@id\":\"https:\/\/www.activasalut.com\/ca\/#\/schema\/person\/f5be747d1a4f543c3bbfc0c22de2f01d\"},\"breadcrumb\":{\"@id\":\"https:\/\/www.activasalut.com\/ca\/tractament-de-lesions-de-la-ma-canell-i-dits-amb-rehand\/#breadcrumb\"},\"inLanguage\":\"ca\",\"potentialAction\":[{\"@type\":\"ReadAction\",\"target\":[\"https:\/\/www.activasalut.com\/ca\/tractament-de-lesions-de-la-ma-canell-i-dits-amb-rehand\/\"]}]},{\"@type\":\"BreadcrumbList\",\"@id\":\"https:\/\/www.activasalut.com\/ca\/tractament-de-lesions-de-la-ma-canell-i-dits-amb-rehand\/#breadcrumb\",\"itemListElement\":[{\"@type\":\"ListItem\",\"position\":1,\"name\":\"Portada\",\"item\":\"https:\/\/www.activasalut.com\/ca\/\"},{\"@type\":\"ListItem\",\"position\":2,\"name\":\"Tractament de lesions de la m\u00e0, canell i dits amb ReHand\u00a0\"}]},{\"@type\":\"WebSite\",\"@id\":\"https:\/\/www.activasalut.com\/ca\/#website\",\"url\":\"https:\/\/www.activasalut.com\/ca\/\",\"name\":\"Corporaci\u00f3n fisiogesti\u00f3n\",\"description\":\"Activa la teva salut\",\"potentialAction\":[{\"@type\":\"SearchAction\",\"target\":{\"@type\":\"EntryPoint\",\"urlTemplate\":\"https:\/\/www.activasalut.com\/ca\/?s={search_term_string}\"},\"query-input\":\"required name=search_term_string\"}],\"inLanguage\":\"ca\"},{\"@type\":\"Person\",\"@id\":\"https:\/\/www.activasalut.com\/ca\/#\/schema\/person\/f5be747d1a4f543c3bbfc0c22de2f01d\",\"name\":\"Carme Olivera\",\"image\":{\"@type\":\"ImageObject\",\"inLanguage\":\"ca\",\"@id\":\"https:\/\/www.activasalut.com\/ca\/#\/schema\/person\/image\/\",\"url\":\"https:\/\/secure.gravatar.com\/avatar\/43ce2bffcd26dd98a65df31e6196e8f4?s=96&d=mm&r=g\",\"contentUrl\":\"https:\/\/secure.gravatar.com\/avatar\/43ce2bffcd26dd98a65df31e6196e8f4?s=96&d=mm&r=g\",\"caption\":\"Carme Olivera\"},\"url\":\"https:\/\/www.activasalut.com\/ca\/author\/carme-olivera\/\"}]}<\/script>\n<!-- \/ Yoast SEO plugin. -->","yoast_head_json":{"title":"Tractament de lesions de la m\u00e0, canell i dits amb ReHand\u00a0","robots":{"index":"index","follow":"follow","max-snippet":"max-snippet:-1","max-image-preview":"max-image-preview:large","max-video-preview":"max-video-preview:-1"},"canonical":"https:\/\/www.activasalut.com\/ca\/tractament-de-lesions-de-la-ma-canell-i-dits-amb-rehand\/","og_locale":"ca_ES","og_type":"article","og_title":"Tractament de lesions de la m\u00e0, canell i dits amb ReHand\u00a0","og_description":"Telerehabilitaci\u00f3 a trav\u00e9s d&#8217;una Tablet A ter\u00e0pia ocupacional utilitzem la tecnologia com a complement dels tractaments, la qual cosa ens aporta excel\u00b7lents resultats. Aix\u00ed,Llegeix m\u00e9s...","og_url":"https:\/\/www.activasalut.com\/ca\/tractament-de-lesions-de-la-ma-canell-i-dits-amb-rehand\/","og_site_name":"Corporaci\u00f3 Fisiogesti\u00f3","article_published_time":"2022-07-08T12:28:10+00:00","article_modified_time":"2022-07-08T12:28:11+00:00","og_image":[{"width":2560,"height":1709,"url":"https:\/\/www.activasalut.com\/wp-content\/uploads\/2022\/07\/woman-hand-isolated-on-white-background-2-scaled.jpg","type":"image\/jpeg"}],"author":"Carme Olivera","twitter_misc":{"Escrit per":"Carme Olivera","Temps estimat de lectura":"4 minuts"},"schema":{"@context":"https:\/\/schema.org","@graph":[{"@type":"WebPage","@id":"https:\/\/www.activasalut.com\/ca\/tractament-de-lesions-de-la-ma-canell-i-dits-amb-rehand\/","url":"https:\/\/www.activasalut.com\/ca\/tractament-de-lesions-de-la-ma-canell-i-dits-amb-rehand\/","name":"Tractament de lesions de la m\u00e0, canell i dits amb ReHand\u00a0","isPartOf":{"@id":"https:\/\/www.activasalut.com\/ca\/#website"},"datePublished":"2022-07-08T12:28:10+00:00","dateModified":"2022-07-08T12:28:11+00:00","author":{"@id":"https:\/\/www.activasalut.com\/ca\/#\/schema\/person\/f5be747d1a4f543c3bbfc0c22de2f01d"},"breadcrumb":{"@id":"https:\/\/www.activasalut.com\/ca\/tractament-de-lesions-de-la-ma-canell-i-dits-amb-rehand\/#breadcrumb"},"inLanguage":"ca","potentialAction":[{"@type":"ReadAction","target":["https:\/\/www.activasalut.com\/ca\/tractament-de-lesions-de-la-ma-canell-i-dits-amb-rehand\/"]}]},{"@type":"BreadcrumbList","@id":"https:\/\/www.activasalut.com\/ca\/tractament-de-lesions-de-la-ma-canell-i-dits-amb-rehand\/#breadcrumb","itemListElement":[{"@type":"ListItem","position":1,"name":"Portada","item":"https:\/\/www.activasalut.com\/ca\/"},{"@type":"ListItem","position":2,"name":"Tractament de lesions de la m\u00e0, canell i dits amb ReHand\u00a0"}]},{"@type":"WebSite","@id":"https:\/\/www.activasalut.com\/ca\/#website","url":"https:\/\/www.activasalut.com\/ca\/","name":"Corporaci\u00f3n fisiogesti\u00f3n","description":"Activa la teva salut","potentialAction":[{"@type":"SearchAction","target":{"@type":"EntryPoint","urlTemplate":"https:\/\/www.activasalut.com\/ca\/?s={search_term_string}"},"query-input":"required name=search_term_string"}],"inLanguage":"ca"},{"@type":"Person","@id":"https:\/\/www.activasalut.com\/ca\/#\/schema\/person\/f5be747d1a4f543c3bbfc0c22de2f01d","name":"Carme Olivera","image":{"@type":"ImageObject","inLanguage":"ca","@id":"https:\/\/www.activasalut.com\/ca\/#\/schema\/person\/image\/","url":"https:\/\/secure.gravatar.com\/avatar\/43ce2bffcd26dd98a65df31e6196e8f4?s=96&d=mm&r=g","contentUrl":"https:\/\/secure.gravatar.com\/avatar\/43ce2bffcd26dd98a65df31e6196e8f4?s=96&d=mm&r=g","caption":"Carme Olivera"},"url":"https:\/\/www.activasalut.com\/ca\/author\/carme-olivera\/"}]}},"_links":{"self":[{"href":"https:\/\/www.activasalut.com\/ca\/wp-json\/wp\/v2\/posts\/8811"}],"collection":[{"href":"https:\/\/www.activasalut.com\/ca\/wp-json\/wp\/v2\/posts"}],"about":[{"href":"https:\/\/www.activasalut.com\/ca\/wp-json\/wp\/v2\/types\/post"}],"author":[{"embeddable":true,"href":"https:\/\/www.activasalut.com\/ca\/wp-json\/wp\/v2\/users\/71"}],"replies":[{"embeddable":true,"href":"https:\/\/www.activasalut.com\/ca\/wp-json\/wp\/v2\/comments?post=8811"}],"version-history":[{"count":1,"href":"https:\/\/www.activasalut.com\/ca\/wp-json\/wp\/v2\/posts\/8811\/revisions"}],"predecessor-version":[{"id":8820,"href":"https:\/\/www.activasalut.com\/ca\/wp-json\/wp\/v2\/posts\/8811\/revisions\/8820"}],"wp:featuredmedia":[{"embeddable":true,"href":"https:\/\/www.activasalut.com\/ca\/wp-json\/wp\/v2\/media\/8810"}],"wp:attachment":[{"href":"https:\/\/www.activasalut.com\/ca\/wp-json\/wp\/v2\/media?parent=8811"}],"wp:term":[{"taxonomy":"category","embeddable":true,"href":"https:\/\/www.activasalut.com\/ca\/wp-json\/wp\/v2\/categories?post=8811"},{"taxonomy":"post_tag","embeddable":true,"href":"https:\/\/www.activasalut.com\/ca\/wp-json\/wp\/v2\/tags?post=8811"}],"curies":[{"name":"wp","href":"https:\/\/api.w.org\/{rel}","templated":true}]}}