{"id":9451,"date":"2023-12-07T11:07:39","date_gmt":"2023-12-07T10:07:39","guid":{"rendered":"https:\/\/www.activasalut.com\/?p=9451"},"modified":"2023-12-07T11:07:41","modified_gmt":"2023-12-07T10:07:41","slug":"com-curar-un-esquinc-de-turmell","status":"publish","type":"post","link":"https:\/\/www.activasalut.com\/ca\/com-curar-un-esquinc-de-turmell\/","title":{"rendered":"Com curar un Esquin\u00e7 de Turmell?"},"content":{"rendered":"\n<p>L&#8217;esquin\u00e7 de turmell \u00e9s una lesi\u00f3 comuna que pot afectar qualsevol, des d&#8217;atletes d&#8217;alt rendiment fins a persones que simplement fan un mal pas. Encara que pot ser dolor\u00f3s i limitant, amb l&#8217;enfocament adequat, pots accelerar el proc\u00e9s de curaci\u00f3 i tornar a les teves activitats normals el m\u00e9s r\u00e0pid possible.<\/p>\n\n\n\n<!--more-->\n\n\n\n<h2>Qu\u00e8 \u00e9s un esquin\u00e7 de turmell?<\/h2>\n\n\n\n<p>Un esquin\u00e7 de turmell \u00e9s una lesi\u00f3 que es produeix quan els lligaments que sostenen el turmell s&#8217;estiren o es trenquen. Els lligaments s\u00f3n bandes de teixit connectiu que connecten els ossos i proporcionen estabilitat a l\u2019articulaci\u00f3.<\/p>\n\n\n<div class=\"wp-block-image\">\n<figure class=\"aligncenter size-full\"><a href=\"https:\/\/www.activasalut.com\/wp-content\/uploads\/2023\/12\/ligamentos-1.jpg\"><img decoding=\"async\" loading=\"lazy\" width=\"243\" height=\"207\" src=\"https:\/\/www.activasalut.com\/wp-content\/uploads\/2023\/12\/ligamentos-1.jpg\" alt=\"\" class=\"wp-image-9452\"\/><\/a><figcaption class=\"wp-element-caption\"><em>Lligaments de l&#8217;articulaci\u00f3 del turmell.<\/em><\/figcaption><\/figure><\/div>\n\n\n<p>Els esquin\u00e7os de turmell es <strong>classifiquen en tres graus<\/strong> segons la gravetat:<\/p>\n\n\n\n<ul>\n<li><strong>1. Esquin\u00e7 de primer grau: <\/strong>En aquest nivell, els lligaments s&#8217;estiren, per\u00f2 no es trenquen. La inflor i el dolor solen ser lleus, i la capacitat de moviment del turmell es veu afectada m\u00ednimament.<\/li>\n\n\n\n<li><strong>2. Esquin\u00e7 de segon grau:<\/strong> En aquest cas, els lligaments s&#8217;estiren i es trenquen parcialment. La inflor i el dolor s\u00f3n m\u00e9s pronunciats, i la mobilitat del turmell es veu significativament afectada.<\/li>\n\n\n\n<li><strong>3. Esquin\u00e7 de tercer grau: <\/strong>Aquest \u00e9s l&#8217;esquin\u00e7 m\u00e9s greu, en qu\u00e8 els lligaments es trenquen completament. La inflor, el dolor i la manca de mobilitat s\u00f3n intensos, i pot requerir atenci\u00f3 m\u00e8dica immediata.<\/li>\n<\/ul>\n\n\n\n<h2>S\u00edmptomes d&#8217;un esquin\u00e7 de turmell<\/h2>\n\n\n\n<p>La intensitat dels s\u00edmptomes dependr\u00e0 del grau de l&#8217;esquin\u00e7:<\/p>\n\n\n\n<ul>\n<li>Inflor<\/li>\n\n\n\n<li>Dolor a la zona del turmell en moure&#8217;l o en recolzar-lo.<\/li>\n\n\n\n<li>Disminuci\u00f3 del moviment.<\/li>\n\n\n\n<li>Hematoma (en els casos en qu\u00e8 hi hagi trencament)<\/li>\n<\/ul>\n\n\n<div class=\"wp-block-image\">\n<figure class=\"aligncenter size-large is-resized\"><a href=\"https:\/\/www.activasalut.com\/wp-content\/uploads\/2023\/12\/inflamacion-tobillo-oseo-humanos-inflamacion-1-scaled.jpg\"><img decoding=\"async\" loading=\"lazy\" src=\"https:\/\/www.activasalut.com\/wp-content\/uploads\/2023\/12\/inflamacion-tobillo-oseo-humanos-inflamacion-1-1024x575.jpg\" alt=\"\" class=\"wp-image-9454\" width=\"512\" height=\"288\" srcset=\"https:\/\/www.activasalut.com\/wp-content\/uploads\/2023\/12\/inflamacion-tobillo-oseo-humanos-inflamacion-1-1024x575.jpg 1024w, https:\/\/www.activasalut.com\/wp-content\/uploads\/2023\/12\/inflamacion-tobillo-oseo-humanos-inflamacion-1-300x168.jpg 300w, https:\/\/www.activasalut.com\/wp-content\/uploads\/2023\/12\/inflamacion-tobillo-oseo-humanos-inflamacion-1-768x431.jpg 768w, https:\/\/www.activasalut.com\/wp-content\/uploads\/2023\/12\/inflamacion-tobillo-oseo-humanos-inflamacion-1-1536x862.jpg 1536w, https:\/\/www.activasalut.com\/wp-content\/uploads\/2023\/12\/inflamacion-tobillo-oseo-humanos-inflamacion-1-2048x1150.jpg 2048w\" sizes=\"(max-width: 512px) 100vw, 512px\" \/><\/a><figcaption class=\"wp-element-caption\"><em>Varietat de s\u00edmptomes segons la gravetat de la lesi\u00f3.<\/em><\/figcaption><\/figure><\/div>\n\n\n<h2>Com es produeix un esquin\u00e7 de turmell?:<\/h2>\n\n\n\n<p>L&#8217;esquin\u00e7 de turmell pot passar en una varietat de situacions, i \u00e9s important entendre les causes comunes per a poder prevenir-les en la mesura del possible. Algunes de les causes m\u00e9s habituals inclouen:<\/p>\n\n\n\n<ul>\n<li><strong>1. Ensopegar o caure:<\/strong> Una simple ensopegada o caiguda pot portar a un esquin\u00e7 de turmell si el peu gira de manera inusual.<\/li>\n\n\n\n<li><strong>2. Esports i activitats f\u00edsiques:<\/strong> Els esports que impliquen canvis de direcci\u00f3 sobtats, com ara el b\u00e0squet, el futbol o el tenis, augmenten el risc d&#8217;esquin\u00e7os de turmell.<\/li>\n\n\n\n<li><strong>3. Terreny irregular:<\/strong> Caminar o c\u00f3rrer en terrenys irregulars, com gespa o camins plens de sots, pot augmentar el risc de tor\u00e7ades al turmell.<\/li>\n\n\n\n<li><strong>4. Cal\u00e7at inadequat: <\/strong>L&#8217;\u00fas de sabates inadequades o mal ajustades pot augmentar la probabilitat de patir un esquin\u00e7 de turmell.<\/li>\n<\/ul>\n\n\n<div class=\"wp-block-image\">\n<figure class=\"aligncenter size-large is-resized\"><a href=\"https:\/\/www.activasalut.com\/wp-content\/uploads\/2023\/12\/DOLOR-1-1-scaled.jpg\"><img decoding=\"async\" loading=\"lazy\" src=\"https:\/\/www.activasalut.com\/wp-content\/uploads\/2023\/12\/DOLOR-1-1-1024x683.jpg\" alt=\"\" class=\"wp-image-9456\" width=\"512\" height=\"342\" srcset=\"https:\/\/www.activasalut.com\/wp-content\/uploads\/2023\/12\/DOLOR-1-1-1024x683.jpg 1024w, https:\/\/www.activasalut.com\/wp-content\/uploads\/2023\/12\/DOLOR-1-1-300x200.jpg 300w, https:\/\/www.activasalut.com\/wp-content\/uploads\/2023\/12\/DOLOR-1-1-768x512.jpg 768w, https:\/\/www.activasalut.com\/wp-content\/uploads\/2023\/12\/DOLOR-1-1-1536x1025.jpg 1536w, https:\/\/www.activasalut.com\/wp-content\/uploads\/2023\/12\/DOLOR-1-1-2048x1366.jpg 2048w, https:\/\/www.activasalut.com\/wp-content\/uploads\/2023\/12\/DOLOR-1-1-604x402.jpg 604w\" sizes=\"(max-width: 512px) 100vw, 512px\" \/><\/a><\/figure><\/div>\n\n\n<h2>Com es cura l&#8217;esquin\u00e7 al turmell?:<\/h2>\n\n\n\n<p>El m\u00e9s important \u00e9s anar al fisioterapeuta perqu\u00e8 valori el grau i enfocar el tractament i doni pautes de recomanaci\u00f3. Tot dependr\u00e0 de la gravetat de l&#8217;esquin\u00e7:<\/p>\n\n\n\n<ul>\n<li><strong>1. Descans:<\/strong> El primer pas \u00e9s descansar el turmell lesionat. En funci\u00f3 dels s\u00edmptomes segons el grau, cal evitar des de nom\u00e9s l&#8217;activitat esportiva, fins a recolzar el pes sobre el turmell. El rep\u00f2s relatiu \u00e9s essencial perqu\u00e8 els lligaments danyats sanin adequadament.<\/li>\n\n\n\n<li><strong>2. Fred: <\/strong>Aplicar gel nom\u00e9s en casos de molta inflor a la zona lesionada durant 15 minuts cada 2-3 hores les primeres 24 h. Assegura\u2019t d&#8217;embolicar el gel en un drap o tovallola per tal d\u2019evitar cremades a la pell.<\/li>\n<\/ul>\n\n\n<div class=\"wp-block-image\">\n<figure class=\"aligncenter size-large is-resized\"><a href=\"https:\/\/www.activasalut.com\/wp-content\/uploads\/2023\/12\/dolor-articulacion-tobillo-1-scaled.jpg\"><img decoding=\"async\" loading=\"lazy\" src=\"https:\/\/www.activasalut.com\/wp-content\/uploads\/2023\/12\/dolor-articulacion-tobillo-1-1024x683.jpg\" alt=\"\" class=\"wp-image-9460\" width=\"512\" height=\"342\" srcset=\"https:\/\/www.activasalut.com\/wp-content\/uploads\/2023\/12\/dolor-articulacion-tobillo-1-1024x683.jpg 1024w, https:\/\/www.activasalut.com\/wp-content\/uploads\/2023\/12\/dolor-articulacion-tobillo-1-300x200.jpg 300w, https:\/\/www.activasalut.com\/wp-content\/uploads\/2023\/12\/dolor-articulacion-tobillo-1-768x513.jpg 768w, https:\/\/www.activasalut.com\/wp-content\/uploads\/2023\/12\/dolor-articulacion-tobillo-1-1536x1025.jpg 1536w, https:\/\/www.activasalut.com\/wp-content\/uploads\/2023\/12\/dolor-articulacion-tobillo-1-2048x1367.jpg 2048w, https:\/\/www.activasalut.com\/wp-content\/uploads\/2023\/12\/dolor-articulacion-tobillo-1-604x402.jpg 604w\" sizes=\"(max-width: 512px) 100vw, 512px\" \/><\/a><figcaption class=\"wp-element-caption\"><em>Aplicaci\u00f3 de cold-pack<\/em><\/figcaption><\/figure><\/div>\n\n\n<ul>\n<li><strong>3. Medicaments: <\/strong>No sempre s\u00f3n necessaris, encara que els analg\u00e8sics o antiinflamatoris, com l&#8217;ibuprof\u00e8n o el paracetamol, poden ajudar a controlar el dolor i la inflamaci\u00f3. Segueix les indicacions de l&#8217;env\u00e0s i consulta sempre un professional de la salut.<\/li>\n\n\n\n<li><strong>4. Fisioter\u00e0pia:<\/strong> Hi ha dues fases de tractament, una on es treballa per tal de regenerar el teixit danyat i la mobilitat amb tecarter\u00e0pia o radiofreq\u00fc\u00e8ncia, i una altra fase, la m\u00e9s important, on es realitza una pauta d&#8217;exercicis de propiocepci\u00f3 i enfortiment muscular per a refor\u00e7ar i recuperar el sistema de defensa del turmell. Els exercicis s&#8217;adaptaran sempre a cada cas i aniran en progressi\u00f3 segons l\u2019evoluci\u00f3.<\/li>\n<\/ul>\n\n\n<div class=\"wp-block-image\">\n<figure class=\"alignright size-large is-resized\"><a href=\"https:\/\/www.activasalut.com\/wp-content\/uploads\/2023\/12\/masaje-medico-al-pie-centro-fisioterapia-1-scaled.jpg\"><img decoding=\"async\" loading=\"lazy\" src=\"https:\/\/www.activasalut.com\/wp-content\/uploads\/2023\/12\/masaje-medico-al-pie-centro-fisioterapia-1-1024x683.jpg\" alt=\"\" class=\"wp-image-9462\" width=\"390\" height=\"261\" srcset=\"https:\/\/www.activasalut.com\/wp-content\/uploads\/2023\/12\/masaje-medico-al-pie-centro-fisioterapia-1-1024x683.jpg 1024w, https:\/\/www.activasalut.com\/wp-content\/uploads\/2023\/12\/masaje-medico-al-pie-centro-fisioterapia-1-300x200.jpg 300w, https:\/\/www.activasalut.com\/wp-content\/uploads\/2023\/12\/masaje-medico-al-pie-centro-fisioterapia-1-768x513.jpg 768w, https:\/\/www.activasalut.com\/wp-content\/uploads\/2023\/12\/masaje-medico-al-pie-centro-fisioterapia-1-1536x1025.jpg 1536w, https:\/\/www.activasalut.com\/wp-content\/uploads\/2023\/12\/masaje-medico-al-pie-centro-fisioterapia-1-2048x1367.jpg 2048w, https:\/\/www.activasalut.com\/wp-content\/uploads\/2023\/12\/masaje-medico-al-pie-centro-fisioterapia-1-604x402.jpg 604w\" sizes=\"(max-width: 390px) 100vw, 390px\" \/><\/a><figcaption class=\"wp-element-caption\"><em>Tractaments de fisioter\u00e0pia<\/em><\/figcaption><\/figure><\/div>\n\n\n<figure class=\"wp-block-image size-large is-resized\"><a href=\"https:\/\/www.activasalut.com\/wp-content\/uploads\/2023\/12\/paciente-haciendo-rehabilitacion-fisica-ayudado-terapeutas-1.jpg\"><img decoding=\"async\" loading=\"lazy\" src=\"https:\/\/www.activasalut.com\/wp-content\/uploads\/2023\/12\/paciente-haciendo-rehabilitacion-fisica-ayudado-terapeutas-1-1024x683.jpg\" alt=\"\" class=\"wp-image-9464\" width=\"404\" height=\"270\" srcset=\"https:\/\/www.activasalut.com\/wp-content\/uploads\/2023\/12\/paciente-haciendo-rehabilitacion-fisica-ayudado-terapeutas-1-1024x683.jpg 1024w, https:\/\/www.activasalut.com\/wp-content\/uploads\/2023\/12\/paciente-haciendo-rehabilitacion-fisica-ayudado-terapeutas-1-300x200.jpg 300w, https:\/\/www.activasalut.com\/wp-content\/uploads\/2023\/12\/paciente-haciendo-rehabilitacion-fisica-ayudado-terapeutas-1-768x512.jpg 768w, https:\/\/www.activasalut.com\/wp-content\/uploads\/2023\/12\/paciente-haciendo-rehabilitacion-fisica-ayudado-terapeutas-1-1536x1024.jpg 1536w, https:\/\/www.activasalut.com\/wp-content\/uploads\/2023\/12\/paciente-haciendo-rehabilitacion-fisica-ayudado-terapeutas-1-604x402.jpg 604w\" sizes=\"(max-width: 404px) 100vw, 404px\" \/><\/a><\/figure>\n\n\n\n<div style=\"height:23px\" aria-hidden=\"true\" class=\"wp-block-spacer\"><\/div>\n\n\n\n<h2>Quants dies dura un esquin\u00e7 de turmell?<\/h2>\n\n\n\n<p>Depenent del grau pot durar des de pocs dies fins a diverses setmanes, aix\u00f2 quan parlem pr\u00f2piament de la fase de curaci\u00f3. I a la fase de refor\u00e7, que est\u00e0 basada a prevenir que es torni a repetir l&#8217;esquin\u00e7, mitjan\u00e7ant exercicis es perllonga algunes setmanes m\u00e9s.<\/p>\n\n\n\n<h2>Com es pot prevenir un esquin\u00e7?<\/h2>\n\n\n\n<p>\u00c9s fonamental prendre mesures per a prevenir futurs esquin\u00e7os de turmell. Aix\u00f2 inclou enfortir els m\u00fasculs que envolten el turmell i exercicis de propiocepci\u00f3, \u00e9s a dir, d&#8217;equilibri per a restablir el sistema de defensa davant de qualsevol moviment lesiu.<\/p>\n\n\n<div class=\"wp-block-image\">\n<figure class=\"aligncenter size-large is-resized\"><a href=\"https:\/\/www.activasalut.com\/wp-content\/uploads\/2023\/12\/20230425_183601-1-scaled.jpg\"><img decoding=\"async\" loading=\"lazy\" src=\"https:\/\/www.activasalut.com\/wp-content\/uploads\/2023\/12\/20230425_183601-1-576x1024.jpg\" alt=\"\" class=\"wp-image-9466\" width=\"288\" height=\"512\" srcset=\"https:\/\/www.activasalut.com\/wp-content\/uploads\/2023\/12\/20230425_183601-1-576x1024.jpg 576w, https:\/\/www.activasalut.com\/wp-content\/uploads\/2023\/12\/20230425_183601-1-169x300.jpg 169w, https:\/\/www.activasalut.com\/wp-content\/uploads\/2023\/12\/20230425_183601-1-768x1365.jpg 768w, https:\/\/www.activasalut.com\/wp-content\/uploads\/2023\/12\/20230425_183601-1-864x1536.jpg 864w, https:\/\/www.activasalut.com\/wp-content\/uploads\/2023\/12\/20230425_183601-1-1152x2048.jpg 1152w, https:\/\/www.activasalut.com\/wp-content\/uploads\/2023\/12\/20230425_183601-1-scaled.jpg 1440w\" sizes=\"(max-width: 288px) 100vw, 288px\" \/><\/a><figcaption class=\"wp-element-caption\"><em>Rehabilitaci\u00f3 esquin\u00e7 de turmell amb la tecnologia Imoove, en el centre Roger de Ll\u00faria, Barcelona.<\/em><\/figcaption><\/figure><\/div>\n\n\n<h2>Qu\u00e8 passa si no es tracta b\u00e9 un esquin\u00e7?<\/h2>\n\n\n\n<p>Quan el turmell es lesiona, la seva funci\u00f3 s&#8217;altera, la musculatura s&#8217;afebleix i el seu sistema de propiocepci\u00f3 defensiu queda afectat donant lloc a un <strong>turmell inestable <\/strong>i amb m\u00e9s predisposici\u00f3 a lesionar-se, el que s&#8217;anomena esquin\u00e7os de recidives o de repetici\u00f3.<\/p>\n\n\n\n<p>Per aix\u00f2 \u00e9s molt important, en qualsevol cas, comptar amb fisioterapeutes per a la recuperaci\u00f3 adaptant el tractament de forma personalitzada.<\/p>\n\n\n\n<p>Si necessites tractament de fisicoter\u00e0pia, pots consultar la nostra xarxa de centres entrant a <a href=\"http:\/\/www.fisiogestion.com\">http:\/\/www.fisiogestion.com<\/a> o emplenant el seg\u00fcent formulari, i contactarem amb tu! \ud83d\ude42<\/p>\n\n\n\n<div style=\"height:24px\" aria-hidden=\"true\" class=\"wp-block-spacer\"><\/div>\n\n\n\n<div class=\"wp-block-contact-form-7-contact-form-selector\">\n<div class=\"wpcf7 no-js\" id=\"wpcf7-f5253-o1\" lang=\"es-ES\" dir=\"ltr\">\n<div class=\"screen-reader-response\"><p role=\"status\" aria-live=\"polite\" aria-atomic=\"true\"><\/p> <ul><\/ul><\/div>\n<form action=\"\/ca\/wp-json\/wp\/v2\/posts\/9451#wpcf7-f5253-o1\" method=\"post\" class=\"wpcf7-form init\" aria-label=\"Formulario de contacto\" novalidate=\"novalidate\" data-status=\"init\">\n<div style=\"display: none;\">\n<input type=\"hidden\" name=\"_wpcf7\" value=\"5253\" \/>\n<input type=\"hidden\" name=\"_wpcf7_version\" value=\"5.7.3\" \/>\n<input type=\"hidden\" name=\"_wpcf7_locale\" value=\"es_ES\" \/>\n<input type=\"hidden\" name=\"_wpcf7_unit_tag\" value=\"wpcf7-f5253-o1\" \/>\n<input type=\"hidden\" name=\"_wpcf7_container_post\" value=\"0\" \/>\n<input type=\"hidden\" name=\"_wpcf7_posted_data_hash\" value=\"\" \/>\n<input type=\"hidden\" name=\"_wpcf7_recaptcha_response\" value=\"\" \/>\n<\/div>\n<div class=\"wpcf7-response-output\" aria-hidden=\"true\"><\/div>\n<div class='comment-form'>\n\t<div class=\"comment-form-inputs\">\n\t\t<p><span class=\"wpcf7-form-control-wrap\" data-name=\"nombre\"><input size=\"40\" class=\"wpcf7-form-control wpcf7-text wpcf7-validates-as-required\" id=\"nombre\" aria-required=\"true\" aria-invalid=\"false\" placeholder=\"Nom (requerit)\" value=\"\" type=\"text\" name=\"nombre\" \/><\/span>\n\t\t<\/p>\n\t\t<p><span class=\"wpcf7-form-control-wrap\" data-name=\"apellidos\"><input size=\"40\" class=\"wpcf7-form-control wpcf7-text wpcf7-validates-as-required\" id=\"apellidos\" aria-required=\"true\" aria-invalid=\"false\" placeholder=\"Cognoms (requerit)\" value=\"\" type=\"text\" name=\"apellidos\" \/><\/span>\n\t\t<\/p>\n\t\t<p><span class=\"wpcf7-form-control-wrap\" data-name=\"email\"><input size=\"40\" class=\"wpcf7-form-control wpcf7-text wpcf7-email wpcf7-validates-as-required wpcf7-validates-as-email\" id=\"email\" aria-required=\"true\" aria-invalid=\"false\" placeholder=\"Email (requerit)\" value=\"\" type=\"email\" name=\"email\" \/><\/span>\n\t\t<\/p>\n\t\t<p><span class=\"wpcf7-form-control-wrap\" data-name=\"telefono\"><input size=\"40\" class=\"wpcf7-form-control wpcf7-text wpcf7-tel wpcf7-validates-as-required wpcf7-validates-as-tel\" id=\"telefono\" aria-required=\"true\" aria-invalid=\"false\" placeholder=\"Tel\u00e8fon (requerit)\" value=\"\" type=\"tel\" name=\"telefono\" \/><\/span>\n\t\t<\/p>\n\t<\/div>\n\t<p><span class=\"wpcf7-form-control-wrap\" data-name=\"mensaje\"><textarea cols=\"39\" rows=\"10\" class=\"wpcf7-form-control wpcf7-textarea wpcf7-validates-as-required\" id=\"mensaje\" aria-required=\"true\" aria-invalid=\"false\" placeholder=\"Missatge (requerit)\" name=\"mensaje\"><\/textarea><\/span>\n\t<\/p>\n\t<p class=\"form-submit\"><input class=\"wpcf7-form-control has-spinner wpcf7-submit\" type=\"submit\" value=\"Enviar\" \/>\n\t<\/p>\n<\/div>\n<p style=\"text-align:justify; color:#383838;\"><br \/>\n<em>L\u2019informem que les dades recollides al present formulari, seran tractades per Corporaci\u00f3 d'Administraci\u00f3 Sanit\u00e0ria A.I.E., per poder atendre i donar resposta a la seva sol\u00b7licitud d\u2018informaci\u00f3. Si necessita m\u00e9s informaci\u00f3 o vol exercir els seus drets sobre aquestes dades consulti la nostra <a href=\"https:\/\/www.fisiogestion.com\/ca\/politica-privacidad\/\">Pol\u00edtica de Privacitat<\/a>.<\/em>\n<\/p>\n<\/form>\n<\/div>\n<\/div>\n","protected":false},"excerpt":{"rendered":"<p>L&#8217;esquin\u00e7 de turmell \u00e9s una lesi\u00f3 comuna que pot afectar qualsevol, des d&#8217;atletes d&#8217;alt rendiment fins a persones que simplement fan un mal pas.<a class=\"moretag\" href=\"https:\/\/www.activasalut.com\/ca\/com-curar-un-esquinc-de-turmell\/\">Llegeix m\u00e9s&#8230;<\/a><\/p>\n","protected":false},"author":135,"featured_media":9449,"comment_status":"open","ping_status":"closed","sticky":false,"template":"","format":"standard","meta":[],"categories":[551,446],"tags":[1184,2993,854],"yoast_head":"<!-- This site is optimized with the Yoast SEO plugin v20.0 - https:\/\/yoast.com\/wordpress\/plugins\/seo\/ -->\n<title>Com curar un Esquin\u00e7 de Turmell?<\/title>\n<meta name=\"description\" content=\"L&#039;esquin\u00e7 de turmell \u00e9s una lesi\u00f3 comuna que pot afectar qualsevol, des d&#039;atletes d&#039;alt rendiment fins a persones que simplement fan un mal pas. Encara que pot ser dolor\u00f3s i limitant, amb l&#039;enfocament adequat, pots accelerar el proc\u00e9s de curaci\u00f3 i tornar a les teves activitats normals el m\u00e9s r\u00e0pid possible.\" \/>\n<meta name=\"robots\" content=\"index, follow, max-snippet:-1, max-image-preview:large, max-video-preview:-1\" \/>\n<link rel=\"canonical\" href=\"https:\/\/www.activasalut.com\/ca\/com-curar-un-esquinc-de-turmell\/\" \/>\n<meta property=\"og:locale\" content=\"ca_ES\" \/>\n<meta property=\"og:type\" content=\"article\" \/>\n<meta property=\"og:title\" content=\"Com curar un Esquin\u00e7 de Turmell?\" \/>\n<meta property=\"og:description\" content=\"L&#039;esquin\u00e7 de turmell \u00e9s una lesi\u00f3 comuna que pot afectar qualsevol, des d&#039;atletes d&#039;alt rendiment fins a persones que simplement fan un mal pas. Encara que pot ser dolor\u00f3s i limitant, amb l&#039;enfocament adequat, pots accelerar el proc\u00e9s de curaci\u00f3 i tornar a les teves activitats normals el m\u00e9s r\u00e0pid possible.\" \/>\n<meta property=\"og:url\" content=\"https:\/\/www.activasalut.com\/ca\/com-curar-un-esquinc-de-turmell\/\" \/>\n<meta property=\"og:site_name\" content=\"Corporaci\u00f3 Fisiogesti\u00f3\" \/>\n<meta property=\"article:published_time\" content=\"2023-12-07T10:07:39+00:00\" \/>\n<meta property=\"article:modified_time\" content=\"2023-12-07T10:07:41+00:00\" \/>\n<meta property=\"og:image\" content=\"https:\/\/www.activasalut.com\/wp-content\/uploads\/2023\/12\/mujer-joven-haciendo-ejercicio-al-aire-libre-lesiones-pueden-ocurrirle-cualquier-momento-scaled.jpg\" \/>\n\t<meta property=\"og:image:width\" content=\"1707\" \/>\n\t<meta property=\"og:image:height\" content=\"2560\" \/>\n\t<meta property=\"og:image:type\" content=\"image\/jpeg\" \/>\n<meta name=\"author\" content=\"Sara L\u00f3pez\" \/>\n<meta name=\"twitter:label1\" content=\"Escrit per\" \/>\n\t<meta name=\"twitter:data1\" content=\"Sara L\u00f3pez\" \/>\n\t<meta name=\"twitter:label2\" content=\"Temps estimat de lectura\" \/>\n\t<meta name=\"twitter:data2\" content=\"6 minuts\" \/>\n<script type=\"application\/ld+json\" class=\"yoast-schema-graph\">{\"@context\":\"https:\/\/schema.org\",\"@graph\":[{\"@type\":\"WebPage\",\"@id\":\"https:\/\/www.activasalut.com\/ca\/com-curar-un-esquinc-de-turmell\/\",\"url\":\"https:\/\/www.activasalut.com\/ca\/com-curar-un-esquinc-de-turmell\/\",\"name\":\"Com curar un Esquin\u00e7 de Turmell?\",\"isPartOf\":{\"@id\":\"https:\/\/www.activasalut.com\/ca\/#website\"},\"datePublished\":\"2023-12-07T10:07:39+00:00\",\"dateModified\":\"2023-12-07T10:07:41+00:00\",\"author\":{\"@id\":\"https:\/\/www.activasalut.com\/ca\/#\/schema\/person\/75c7bf65ea1f172344fb485ec3250d76\"},\"description\":\"L'esquin\u00e7 de turmell \u00e9s una lesi\u00f3 comuna que pot afectar qualsevol, des d'atletes d'alt rendiment fins a persones que simplement fan un mal pas. Encara que pot ser dolor\u00f3s i limitant, amb l'enfocament adequat, pots accelerar el proc\u00e9s de curaci\u00f3 i tornar a les teves activitats normals el m\u00e9s r\u00e0pid possible.\",\"breadcrumb\":{\"@id\":\"https:\/\/www.activasalut.com\/ca\/com-curar-un-esquinc-de-turmell\/#breadcrumb\"},\"inLanguage\":\"ca\",\"potentialAction\":[{\"@type\":\"ReadAction\",\"target\":[\"https:\/\/www.activasalut.com\/ca\/com-curar-un-esquinc-de-turmell\/\"]}]},{\"@type\":\"BreadcrumbList\",\"@id\":\"https:\/\/www.activasalut.com\/ca\/com-curar-un-esquinc-de-turmell\/#breadcrumb\",\"itemListElement\":[{\"@type\":\"ListItem\",\"position\":1,\"name\":\"Portada\",\"item\":\"https:\/\/www.activasalut.com\/ca\/\"},{\"@type\":\"ListItem\",\"position\":2,\"name\":\"Com curar un Esquin\u00e7 de Turmell?\"}]},{\"@type\":\"WebSite\",\"@id\":\"https:\/\/www.activasalut.com\/ca\/#website\",\"url\":\"https:\/\/www.activasalut.com\/ca\/\",\"name\":\"Corporaci\u00f3n fisiogesti\u00f3n\",\"description\":\"Activa la teva salut\",\"potentialAction\":[{\"@type\":\"SearchAction\",\"target\":{\"@type\":\"EntryPoint\",\"urlTemplate\":\"https:\/\/www.activasalut.com\/ca\/?s={search_term_string}\"},\"query-input\":\"required name=search_term_string\"}],\"inLanguage\":\"ca\"},{\"@type\":\"Person\",\"@id\":\"https:\/\/www.activasalut.com\/ca\/#\/schema\/person\/75c7bf65ea1f172344fb485ec3250d76\",\"name\":\"Sara L\u00f3pez\",\"image\":{\"@type\":\"ImageObject\",\"inLanguage\":\"ca\",\"@id\":\"https:\/\/www.activasalut.com\/ca\/#\/schema\/person\/image\/\",\"url\":\"https:\/\/secure.gravatar.com\/avatar\/5d44cccabf9c230f03a619f58ee53f8f?s=96&d=mm&r=g\",\"contentUrl\":\"https:\/\/secure.gravatar.com\/avatar\/5d44cccabf9c230f03a619f58ee53f8f?s=96&d=mm&r=g\",\"caption\":\"Sara L\u00f3pez\"},\"description\":\"Fisioterapeuta y Coordinadora del Centro Corporaci\u00f3n Fisiogesti\u00f3n Getafe.\",\"url\":\"https:\/\/www.activasalut.com\/ca\/author\/sara-lopez\/\"}]}<\/script>\n<!-- \/ Yoast SEO plugin. -->","yoast_head_json":{"title":"Com curar un Esquin\u00e7 de Turmell?","description":"L'esquin\u00e7 de turmell \u00e9s una lesi\u00f3 comuna que pot afectar qualsevol, des d'atletes d'alt rendiment fins a persones que simplement fan un mal pas. Encara que pot ser dolor\u00f3s i limitant, amb l'enfocament adequat, pots accelerar el proc\u00e9s de curaci\u00f3 i tornar a les teves activitats normals el m\u00e9s r\u00e0pid possible.","robots":{"index":"index","follow":"follow","max-snippet":"max-snippet:-1","max-image-preview":"max-image-preview:large","max-video-preview":"max-video-preview:-1"},"canonical":"https:\/\/www.activasalut.com\/ca\/com-curar-un-esquinc-de-turmell\/","og_locale":"ca_ES","og_type":"article","og_title":"Com curar un Esquin\u00e7 de Turmell?","og_description":"L'esquin\u00e7 de turmell \u00e9s una lesi\u00f3 comuna que pot afectar qualsevol, des d'atletes d'alt rendiment fins a persones que simplement fan un mal pas. Encara que pot ser dolor\u00f3s i limitant, amb l'enfocament adequat, pots accelerar el proc\u00e9s de curaci\u00f3 i tornar a les teves activitats normals el m\u00e9s r\u00e0pid possible.","og_url":"https:\/\/www.activasalut.com\/ca\/com-curar-un-esquinc-de-turmell\/","og_site_name":"Corporaci\u00f3 Fisiogesti\u00f3","article_published_time":"2023-12-07T10:07:39+00:00","article_modified_time":"2023-12-07T10:07:41+00:00","og_image":[{"width":1707,"height":2560,"url":"https:\/\/www.activasalut.com\/wp-content\/uploads\/2023\/12\/mujer-joven-haciendo-ejercicio-al-aire-libre-lesiones-pueden-ocurrirle-cualquier-momento-scaled.jpg","type":"image\/jpeg"}],"author":"Sara L\u00f3pez","twitter_misc":{"Escrit per":"Sara L\u00f3pez","Temps estimat de lectura":"6 minuts"},"schema":{"@context":"https:\/\/schema.org","@graph":[{"@type":"WebPage","@id":"https:\/\/www.activasalut.com\/ca\/com-curar-un-esquinc-de-turmell\/","url":"https:\/\/www.activasalut.com\/ca\/com-curar-un-esquinc-de-turmell\/","name":"Com curar un Esquin\u00e7 de Turmell?","isPartOf":{"@id":"https:\/\/www.activasalut.com\/ca\/#website"},"datePublished":"2023-12-07T10:07:39+00:00","dateModified":"2023-12-07T10:07:41+00:00","author":{"@id":"https:\/\/www.activasalut.com\/ca\/#\/schema\/person\/75c7bf65ea1f172344fb485ec3250d76"},"description":"L'esquin\u00e7 de turmell \u00e9s una lesi\u00f3 comuna que pot afectar qualsevol, des d'atletes d'alt rendiment fins a persones que simplement fan un mal pas. Encara que pot ser dolor\u00f3s i limitant, amb l'enfocament adequat, pots accelerar el proc\u00e9s de curaci\u00f3 i tornar a les teves activitats normals el m\u00e9s r\u00e0pid possible.","breadcrumb":{"@id":"https:\/\/www.activasalut.com\/ca\/com-curar-un-esquinc-de-turmell\/#breadcrumb"},"inLanguage":"ca","potentialAction":[{"@type":"ReadAction","target":["https:\/\/www.activasalut.com\/ca\/com-curar-un-esquinc-de-turmell\/"]}]},{"@type":"BreadcrumbList","@id":"https:\/\/www.activasalut.com\/ca\/com-curar-un-esquinc-de-turmell\/#breadcrumb","itemListElement":[{"@type":"ListItem","position":1,"name":"Portada","item":"https:\/\/www.activasalut.com\/ca\/"},{"@type":"ListItem","position":2,"name":"Com curar un Esquin\u00e7 de Turmell?"}]},{"@type":"WebSite","@id":"https:\/\/www.activasalut.com\/ca\/#website","url":"https:\/\/www.activasalut.com\/ca\/","name":"Corporaci\u00f3n fisiogesti\u00f3n","description":"Activa la teva salut","potentialAction":[{"@type":"SearchAction","target":{"@type":"EntryPoint","urlTemplate":"https:\/\/www.activasalut.com\/ca\/?s={search_term_string}"},"query-input":"required name=search_term_string"}],"inLanguage":"ca"},{"@type":"Person","@id":"https:\/\/www.activasalut.com\/ca\/#\/schema\/person\/75c7bf65ea1f172344fb485ec3250d76","name":"Sara L\u00f3pez","image":{"@type":"ImageObject","inLanguage":"ca","@id":"https:\/\/www.activasalut.com\/ca\/#\/schema\/person\/image\/","url":"https:\/\/secure.gravatar.com\/avatar\/5d44cccabf9c230f03a619f58ee53f8f?s=96&d=mm&r=g","contentUrl":"https:\/\/secure.gravatar.com\/avatar\/5d44cccabf9c230f03a619f58ee53f8f?s=96&d=mm&r=g","caption":"Sara L\u00f3pez"},"description":"Fisioterapeuta y Coordinadora del Centro Corporaci\u00f3n Fisiogesti\u00f3n Getafe.","url":"https:\/\/www.activasalut.com\/ca\/author\/sara-lopez\/"}]}},"_links":{"self":[{"href":"https:\/\/www.activasalut.com\/ca\/wp-json\/wp\/v2\/posts\/9451"}],"collection":[{"href":"https:\/\/www.activasalut.com\/ca\/wp-json\/wp\/v2\/posts"}],"about":[{"href":"https:\/\/www.activasalut.com\/ca\/wp-json\/wp\/v2\/types\/post"}],"author":[{"embeddable":true,"href":"https:\/\/www.activasalut.com\/ca\/wp-json\/wp\/v2\/users\/135"}],"replies":[{"embeddable":true,"href":"https:\/\/www.activasalut.com\/ca\/wp-json\/wp\/v2\/comments?post=9451"}],"version-history":[{"count":3,"href":"https:\/\/www.activasalut.com\/ca\/wp-json\/wp\/v2\/posts\/9451\/revisions"}],"predecessor-version":[{"id":9468,"href":"https:\/\/www.activasalut.com\/ca\/wp-json\/wp\/v2\/posts\/9451\/revisions\/9468"}],"wp:featuredmedia":[{"embeddable":true,"href":"https:\/\/www.activasalut.com\/ca\/wp-json\/wp\/v2\/media\/9449"}],"wp:attachment":[{"href":"https:\/\/www.activasalut.com\/ca\/wp-json\/wp\/v2\/media?parent=9451"}],"wp:term":[{"taxonomy":"category","embeddable":true,"href":"https:\/\/www.activasalut.com\/ca\/wp-json\/wp\/v2\/categories?post=9451"},{"taxonomy":"post_tag","embeddable":true,"href":"https:\/\/www.activasalut.com\/ca\/wp-json\/wp\/v2\/tags?post=9451"}],"curies":[{"name":"wp","href":"https:\/\/api.w.org\/{rel}","templated":true}]}}