{"id":9744,"date":"2024-03-13T17:20:57","date_gmt":"2024-03-13T16:20:57","guid":{"rendered":"https:\/\/www.activasalut.com\/?p=9744"},"modified":"2024-03-13T17:20:59","modified_gmt":"2024-03-13T16:20:59","slug":"dia-internacional-de-la-incontinencia-urinaria-abordant-un-tabu-silencios","status":"publish","type":"post","link":"https:\/\/www.activasalut.com\/ca\/dia-internacional-de-la-incontinencia-urinaria-abordant-un-tabu-silencios\/","title":{"rendered":"Dia internacional de la Incontin\u00e8ncia Urin\u00e0ria: Abordant un tab\u00fa silenci\u00f3s"},"content":{"rendered":"\n<p>Cada 14 de mar\u00e7, el m\u00f3n commemora el <strong>Dia Internacional de la Incontin\u00e8ncia Urin\u00e0ria<\/strong>, una jornada dedicada a augmentar la consci\u00e8ncia sobre aquest problema de salut que afecta al voltant de 400 milions de persones a tot el m\u00f3n. Aquest dia no busca nom\u00e9s conscienciar sobre la incontin\u00e8ncia urin\u00e0ria, sin\u00f3 tamb\u00e9 desterrar mites i tab\u00fas que envolten aquesta condici\u00f3 que impacta a la qualitat de vida de moltes persones.<\/p>\n\n\n\n<!--more-->\n\n\n\n<p>La <strong>incontin\u00e8ncia d&#8217;orina <\/strong>es descriu com qualsevol p\u00e8rdua d&#8217;orina involunt\u00e0ria. Est\u00e0 associada principalment a esfor\u00e7os com tossir, esternudar o agafar pes. Una altra causa est\u00e0 relacionada amb el desig urgent d\u2019orinar, coneguda per incontin\u00e8ncia d\u2019urg\u00e8ncia.<\/p>\n\n\n\n<p><\/p>\n\n\n<div class=\"wp-block-image\">\n<figure class=\"aligncenter size-large is-resized\"><a href=\"https:\/\/www.activasalut.com\/wp-content\/uploads\/2024\/03\/female-hands-legs-jeans-1.jpg\"><img decoding=\"async\" loading=\"lazy\" src=\"https:\/\/www.activasalut.com\/wp-content\/uploads\/2024\/03\/female-hands-legs-jeans-1-1024x683.jpg\" alt=\"\" class=\"wp-image-9745\" width=\"512\" height=\"342\" srcset=\"https:\/\/www.activasalut.com\/wp-content\/uploads\/2024\/03\/female-hands-legs-jeans-1-1024x683.jpg 1024w, https:\/\/www.activasalut.com\/wp-content\/uploads\/2024\/03\/female-hands-legs-jeans-1-300x200.jpg 300w, https:\/\/www.activasalut.com\/wp-content\/uploads\/2024\/03\/female-hands-legs-jeans-1-768x512.jpg 768w, https:\/\/www.activasalut.com\/wp-content\/uploads\/2024\/03\/female-hands-legs-jeans-1-1536x1025.jpg 1536w, https:\/\/www.activasalut.com\/wp-content\/uploads\/2024\/03\/female-hands-legs-jeans-1-604x402.jpg 604w\" sizes=\"(max-width: 512px) 100vw, 512px\" \/><\/a><\/figure><\/div>\n\n\n<div style=\"height:26px\" aria-hidden=\"true\" class=\"wp-block-spacer\"><\/div>\n\n\n\n<h4><strong>Prevalen\u00e7a i incid\u00e8ncia a la poblaci\u00f3 espanyola<\/strong><\/h4>\n\n\n\n<p>Segons els resultats d&#8217;una revisi\u00f3 realitzada per l&#8217;Observatori Nacional d&#8217;Incontin\u00e8ncia l&#8217;any 2010, es mostrava que al voltant de <strong>6,5 milions de persones<\/strong> patien Incontin\u00e8ncia Urin\u00e0ria (IU) al nostre pa\u00eds. Aproximadament el 24% de les dones de totes les edats patien p\u00e8rdues d&#8217;orina, un percentatge que augmenta fins al 45% entre dones de mitjana i edat avan\u00e7ada. En el cas dels homes, la incontin\u00e8ncia urin\u00e0ria afecta a 1 de cada 4 a partir dels 40 anys.<\/p>\n\n\n\n<p>Es creu que les xifres podrien ser m\u00e9s elevades, ja que moltes persones no consulten ni busquen ajuda i conviuen amb aquest problema en silenci, per desconeixement, vergonya o altres motius.<\/p>\n\n\n\n<p><\/p>\n\n\n\n<h4><strong>Fisioter\u00e0pia: una aliada essencial al tractament<\/strong><\/h4>\n\n\n\n<p>Afortunadament, la <strong>fisioter\u00e0pia uro ginecol\u00f2gica<\/strong> \u00e9s una de les primeres opcions terap\u00e8utiques i emergeix com una eina efectiva en el tractament de la incontin\u00e8ncia urin\u00e0ria.<\/p>\n\n\n\n<p>A m\u00e9s dels exercicis convencionals, la fisioter\u00e0pia ofereix t\u00e8cniques avan\u00e7ades, dissenyades per a millorar la consci\u00e8ncia i el control dels m\u00fasculs implicats a la contin\u00e8ncia urin\u00e0ria. Programes de tractament personalitzats s&#8217;adapten a les necessitats individuals, abordant les causes subjacents i proporcionant estrat\u00e8gies efectives per a millorar la funci\u00f3 del s\u00f2l pelvi\u00e0.<\/p>\n\n\n<div class=\"wp-block-image\">\n<figure class=\"aligncenter size-large is-resized\"><a href=\"https:\/\/www.activasalut.com\/wp-content\/uploads\/2024\/03\/close-up-patient-exercising-with-ball-1-scaled.jpg\"><img decoding=\"async\" loading=\"lazy\" src=\"https:\/\/www.activasalut.com\/wp-content\/uploads\/2024\/03\/close-up-patient-exercising-with-ball-1-1024x683.jpg\" alt=\"\" class=\"wp-image-9747\" width=\"512\" height=\"342\" srcset=\"https:\/\/www.activasalut.com\/wp-content\/uploads\/2024\/03\/close-up-patient-exercising-with-ball-1-1024x683.jpg 1024w, https:\/\/www.activasalut.com\/wp-content\/uploads\/2024\/03\/close-up-patient-exercising-with-ball-1-300x200.jpg 300w, https:\/\/www.activasalut.com\/wp-content\/uploads\/2024\/03\/close-up-patient-exercising-with-ball-1-768x512.jpg 768w, https:\/\/www.activasalut.com\/wp-content\/uploads\/2024\/03\/close-up-patient-exercising-with-ball-1-1536x1024.jpg 1536w, https:\/\/www.activasalut.com\/wp-content\/uploads\/2024\/03\/close-up-patient-exercising-with-ball-1-2048x1365.jpg 2048w, https:\/\/www.activasalut.com\/wp-content\/uploads\/2024\/03\/close-up-patient-exercising-with-ball-1-604x402.jpg 604w\" sizes=\"(max-width: 512px) 100vw, 512px\" \/><\/a><\/figure><\/div>\n\n\n<div style=\"height:25px\" aria-hidden=\"true\" class=\"wp-block-spacer\"><\/div>\n\n\n<div class=\"wp-block-image\">\n<figure class=\"aligncenter size-large is-resized\"><a href=\"https:\/\/www.activasalut.com\/wp-content\/uploads\/2024\/03\/HIGH-A1-1-scaled.jpg\"><img decoding=\"async\" loading=\"lazy\" src=\"https:\/\/www.activasalut.com\/wp-content\/uploads\/2024\/03\/HIGH-A1-1-1024x1024.jpg\" alt=\"\" class=\"wp-image-9749\" width=\"398\" height=\"398\" srcset=\"https:\/\/www.activasalut.com\/wp-content\/uploads\/2024\/03\/HIGH-A1-1-1024x1024.jpg 1024w, https:\/\/www.activasalut.com\/wp-content\/uploads\/2024\/03\/HIGH-A1-1-300x300.jpg 300w, https:\/\/www.activasalut.com\/wp-content\/uploads\/2024\/03\/HIGH-A1-1-150x150.jpg 150w, https:\/\/www.activasalut.com\/wp-content\/uploads\/2024\/03\/HIGH-A1-1-768x768.jpg 768w, https:\/\/www.activasalut.com\/wp-content\/uploads\/2024\/03\/HIGH-A1-1-1536x1536.jpg 1536w, https:\/\/www.activasalut.com\/wp-content\/uploads\/2024\/03\/HIGH-A1-1-2048x2048.jpg 2048w, https:\/\/www.activasalut.com\/wp-content\/uploads\/2024\/03\/HIGH-A1-1-220x220.jpg 220w\" sizes=\"(max-width: 398px) 100vw, 398px\" \/><\/a><\/figure><\/div>\n\n\n<div style=\"height:26px\" aria-hidden=\"true\" class=\"wp-block-spacer\"><\/div>\n\n\n\n<p>A la <strong>corporaci\u00f3 Fisiogesti\u00f3n<\/strong> disposem de tractaments efica\u00e7os per tractar les diferents disfuncions del s\u00f2l pelvi\u00e0.<\/p>\n\n\n\n<p>El Dia Internacional de la Incontin\u00e8ncia Urin\u00e0ria \u00e9s una bona oportunitat per enderrocar barreres, fomentar l&#8217;educaci\u00f3 i bandejar l&#8217;estigma associat amb aquesta condici\u00f3. La <strong>fisioter\u00e0pia,<\/strong> amb el seu <strong>enfocament integral i personalitzat<\/strong> ajuda a recuperar la confian\u00e7a i a millorar la qualitat de vida dels pacients.<\/p>\n\n\n\n<h3>No dubtis a escriure&#8217;ns o trucar-nos si necessites m\u00e9s informaci\u00f3 sobre aquest servei, tamb\u00e9 pots emplenar el seg\u00fcent formulari i contactarem amb tu \ud83d\ude42 <\/h3>\n\n\n\n<div style=\"height:25px\" aria-hidden=\"true\" class=\"wp-block-spacer\"><\/div>\n\n\n\n<div class=\"wp-block-contact-form-7-contact-form-selector\">\n<div class=\"wpcf7 no-js\" id=\"wpcf7-f5253-o1\" lang=\"es-ES\" dir=\"ltr\">\n<div class=\"screen-reader-response\"><p role=\"status\" aria-live=\"polite\" aria-atomic=\"true\"><\/p> <ul><\/ul><\/div>\n<form action=\"\/ca\/wp-json\/wp\/v2\/posts\/9744#wpcf7-f5253-o1\" method=\"post\" class=\"wpcf7-form init\" aria-label=\"Formulario de contacto\" novalidate=\"novalidate\" data-status=\"init\">\n<div style=\"display: none;\">\n<input type=\"hidden\" name=\"_wpcf7\" value=\"5253\" \/>\n<input type=\"hidden\" name=\"_wpcf7_version\" value=\"5.7.3\" \/>\n<input type=\"hidden\" name=\"_wpcf7_locale\" value=\"es_ES\" \/>\n<input type=\"hidden\" name=\"_wpcf7_unit_tag\" value=\"wpcf7-f5253-o1\" \/>\n<input type=\"hidden\" name=\"_wpcf7_container_post\" value=\"0\" \/>\n<input type=\"hidden\" name=\"_wpcf7_posted_data_hash\" value=\"\" \/>\n<input type=\"hidden\" name=\"_wpcf7_recaptcha_response\" value=\"\" \/>\n<\/div>\n<div class=\"wpcf7-response-output\" aria-hidden=\"true\"><\/div>\n<div class='comment-form'>\n\t<div class=\"comment-form-inputs\">\n\t\t<p><span class=\"wpcf7-form-control-wrap\" data-name=\"nombre\"><input size=\"40\" class=\"wpcf7-form-control wpcf7-text wpcf7-validates-as-required\" id=\"nombre\" aria-required=\"true\" aria-invalid=\"false\" placeholder=\"Nom (requerit)\" value=\"\" type=\"text\" name=\"nombre\" \/><\/span>\n\t\t<\/p>\n\t\t<p><span class=\"wpcf7-form-control-wrap\" data-name=\"apellidos\"><input size=\"40\" class=\"wpcf7-form-control wpcf7-text wpcf7-validates-as-required\" id=\"apellidos\" aria-required=\"true\" aria-invalid=\"false\" placeholder=\"Cognoms (requerit)\" value=\"\" type=\"text\" name=\"apellidos\" \/><\/span>\n\t\t<\/p>\n\t\t<p><span class=\"wpcf7-form-control-wrap\" data-name=\"email\"><input size=\"40\" class=\"wpcf7-form-control wpcf7-text wpcf7-email wpcf7-validates-as-required wpcf7-validates-as-email\" id=\"email\" aria-required=\"true\" aria-invalid=\"false\" placeholder=\"Email (requerit)\" value=\"\" type=\"email\" name=\"email\" \/><\/span>\n\t\t<\/p>\n\t\t<p><span class=\"wpcf7-form-control-wrap\" data-name=\"telefono\"><input size=\"40\" class=\"wpcf7-form-control wpcf7-text wpcf7-tel wpcf7-validates-as-required wpcf7-validates-as-tel\" id=\"telefono\" aria-required=\"true\" aria-invalid=\"false\" placeholder=\"Tel\u00e8fon (requerit)\" value=\"\" type=\"tel\" name=\"telefono\" \/><\/span>\n\t\t<\/p>\n\t<\/div>\n\t<p><span class=\"wpcf7-form-control-wrap\" data-name=\"mensaje\"><textarea cols=\"39\" rows=\"10\" class=\"wpcf7-form-control wpcf7-textarea wpcf7-validates-as-required\" id=\"mensaje\" aria-required=\"true\" aria-invalid=\"false\" placeholder=\"Missatge (requerit)\" name=\"mensaje\"><\/textarea><\/span>\n\t<\/p>\n\t<p class=\"form-submit\"><input class=\"wpcf7-form-control has-spinner wpcf7-submit\" type=\"submit\" value=\"Enviar\" \/>\n\t<\/p>\n<\/div>\n<p style=\"text-align:justify; color:#383838;\"><br \/>\n<em>L\u2019informem que les dades recollides al present formulari, seran tractades per Corporaci\u00f3 d'Administraci\u00f3 Sanit\u00e0ria A.I.E., per poder atendre i donar resposta a la seva sol\u00b7licitud d\u2018informaci\u00f3. Si necessita m\u00e9s informaci\u00f3 o vol exercir els seus drets sobre aquestes dades consulti la nostra <a href=\"https:\/\/www.fisiogestion.com\/ca\/politica-privacidad\/\">Pol\u00edtica de Privacitat<\/a>.<\/em>\n<\/p>\n<\/form>\n<\/div>\n<\/div>\n","protected":false},"excerpt":{"rendered":"<p>Cada 14 de mar\u00e7, el m\u00f3n commemora el Dia Internacional de la Incontin\u00e8ncia Urin\u00e0ria, una jornada dedicada a augmentar la consci\u00e8ncia sobre aquest problema<a class=\"moretag\" href=\"https:\/\/www.activasalut.com\/ca\/dia-internacional-de-la-incontinencia-urinaria-abordant-un-tabu-silencios\/\">Llegeix m\u00e9s&#8230;<\/a><\/p>\n","protected":false},"author":61,"featured_media":9752,"comment_status":"open","ping_status":"closed","sticky":false,"template":"","format":"standard","meta":[],"categories":[621,446],"tags":[],"yoast_head":"<!-- This site is optimized with the Yoast SEO plugin v20.0 - https:\/\/yoast.com\/wordpress\/plugins\/seo\/ -->\n<title>Dia internacional de la Incontin\u00e8ncia Urin\u00e0ria: Abordant un tab\u00fa silenci\u00f3s<\/title>\n<meta name=\"description\" content=\"Cada 14 de mar\u00e7, el m\u00f3n commemora el Dia Internacional de la Incontin\u00e8ncia Urin\u00e0ria, una jornada dedicada a augmentar la consci\u00e8ncia sobre aquest problema de salut que afecta al voltant de 400 milions de persones a tot el m\u00f3n. Aquest dia no busca nom\u00e9s conscienciar sobre la incontin\u00e8ncia urin\u00e0ria, sin\u00f3 tamb\u00e9 desterrar mites i tab\u00fas que envolten aquesta condici\u00f3 que impacta a la qualitat de vida de moltes persones.\" \/>\n<meta name=\"robots\" content=\"index, follow, max-snippet:-1, max-image-preview:large, max-video-preview:-1\" \/>\n<link rel=\"canonical\" href=\"https:\/\/www.activasalut.com\/ca\/dia-internacional-de-la-incontinencia-urinaria-abordant-un-tabu-silencios\/\" \/>\n<meta property=\"og:locale\" content=\"ca_ES\" \/>\n<meta property=\"og:type\" content=\"article\" \/>\n<meta property=\"og:title\" content=\"Dia internacional de la Incontin\u00e8ncia Urin\u00e0ria: Abordant un tab\u00fa silenci\u00f3s\" \/>\n<meta property=\"og:description\" content=\"Cada 14 de mar\u00e7, el m\u00f3n commemora el Dia Internacional de la Incontin\u00e8ncia Urin\u00e0ria, una jornada dedicada a augmentar la consci\u00e8ncia sobre aquest problema de salut que afecta al voltant de 400 milions de persones a tot el m\u00f3n. Aquest dia no busca nom\u00e9s conscienciar sobre la incontin\u00e8ncia urin\u00e0ria, sin\u00f3 tamb\u00e9 desterrar mites i tab\u00fas que envolten aquesta condici\u00f3 que impacta a la qualitat de vida de moltes persones.\" \/>\n<meta property=\"og:url\" content=\"https:\/\/www.activasalut.com\/ca\/dia-internacional-de-la-incontinencia-urinaria-abordant-un-tabu-silencios\/\" \/>\n<meta property=\"og:site_name\" content=\"Corporaci\u00f3 Fisiogesti\u00f3\" \/>\n<meta property=\"article:published_time\" content=\"2024-03-13T16:20:57+00:00\" \/>\n<meta property=\"article:modified_time\" content=\"2024-03-13T16:20:59+00:00\" \/>\n<meta property=\"og:image\" content=\"https:\/\/www.activasalut.com\/wp-content\/uploads\/2024\/03\/WOMAN-1-scaled.jpg\" \/>\n\t<meta property=\"og:image:width\" content=\"2560\" \/>\n\t<meta property=\"og:image:height\" content=\"1709\" \/>\n\t<meta property=\"og:image:type\" content=\"image\/jpeg\" \/>\n<meta name=\"author\" content=\"S\u00edlvia D\u00edaz\" \/>\n<meta name=\"twitter:label1\" content=\"Escrit per\" \/>\n\t<meta name=\"twitter:data1\" content=\"S\u00edlvia D\u00edaz\" \/>\n\t<meta name=\"twitter:label2\" content=\"Temps estimat de lectura\" \/>\n\t<meta name=\"twitter:data2\" content=\"3 minuts\" \/>\n<script type=\"application\/ld+json\" class=\"yoast-schema-graph\">{\"@context\":\"https:\/\/schema.org\",\"@graph\":[{\"@type\":\"WebPage\",\"@id\":\"https:\/\/www.activasalut.com\/ca\/dia-internacional-de-la-incontinencia-urinaria-abordant-un-tabu-silencios\/\",\"url\":\"https:\/\/www.activasalut.com\/ca\/dia-internacional-de-la-incontinencia-urinaria-abordant-un-tabu-silencios\/\",\"name\":\"Dia internacional de la Incontin\u00e8ncia Urin\u00e0ria: Abordant un tab\u00fa silenci\u00f3s\",\"isPartOf\":{\"@id\":\"https:\/\/www.activasalut.com\/ca\/#website\"},\"datePublished\":\"2024-03-13T16:20:57+00:00\",\"dateModified\":\"2024-03-13T16:20:59+00:00\",\"author\":{\"@id\":\"https:\/\/www.activasalut.com\/ca\/#\/schema\/person\/95d459a006e19e0074ae8d3e9f6a7bc7\"},\"description\":\"Cada 14 de mar\u00e7, el m\u00f3n commemora el Dia Internacional de la Incontin\u00e8ncia Urin\u00e0ria, una jornada dedicada a augmentar la consci\u00e8ncia sobre aquest problema de salut que afecta al voltant de 400 milions de persones a tot el m\u00f3n. Aquest dia no busca nom\u00e9s conscienciar sobre la incontin\u00e8ncia urin\u00e0ria, sin\u00f3 tamb\u00e9 desterrar mites i tab\u00fas que envolten aquesta condici\u00f3 que impacta a la qualitat de vida de moltes persones.\",\"breadcrumb\":{\"@id\":\"https:\/\/www.activasalut.com\/ca\/dia-internacional-de-la-incontinencia-urinaria-abordant-un-tabu-silencios\/#breadcrumb\"},\"inLanguage\":\"ca\",\"potentialAction\":[{\"@type\":\"ReadAction\",\"target\":[\"https:\/\/www.activasalut.com\/ca\/dia-internacional-de-la-incontinencia-urinaria-abordant-un-tabu-silencios\/\"]}]},{\"@type\":\"BreadcrumbList\",\"@id\":\"https:\/\/www.activasalut.com\/ca\/dia-internacional-de-la-incontinencia-urinaria-abordant-un-tabu-silencios\/#breadcrumb\",\"itemListElement\":[{\"@type\":\"ListItem\",\"position\":1,\"name\":\"Portada\",\"item\":\"https:\/\/www.activasalut.com\/ca\/\"},{\"@type\":\"ListItem\",\"position\":2,\"name\":\"Dia internacional de la Incontin\u00e8ncia Urin\u00e0ria: Abordant un tab\u00fa silenci\u00f3s\"}]},{\"@type\":\"WebSite\",\"@id\":\"https:\/\/www.activasalut.com\/ca\/#website\",\"url\":\"https:\/\/www.activasalut.com\/ca\/\",\"name\":\"Corporaci\u00f3n fisiogesti\u00f3n\",\"description\":\"Activa la teva salut\",\"potentialAction\":[{\"@type\":\"SearchAction\",\"target\":{\"@type\":\"EntryPoint\",\"urlTemplate\":\"https:\/\/www.activasalut.com\/ca\/?s={search_term_string}\"},\"query-input\":\"required name=search_term_string\"}],\"inLanguage\":\"ca\"},{\"@type\":\"Person\",\"@id\":\"https:\/\/www.activasalut.com\/ca\/#\/schema\/person\/95d459a006e19e0074ae8d3e9f6a7bc7\",\"name\":\"S\u00edlvia D\u00edaz\",\"image\":{\"@type\":\"ImageObject\",\"inLanguage\":\"ca\",\"@id\":\"https:\/\/www.activasalut.com\/ca\/#\/schema\/person\/image\/\",\"url\":\"https:\/\/secure.gravatar.com\/avatar\/2ed81e7fa1c376be2c57d6eddfc8af85?s=96&d=mm&r=g\",\"contentUrl\":\"https:\/\/secure.gravatar.com\/avatar\/2ed81e7fa1c376be2c57d6eddfc8af85?s=96&d=mm&r=g\",\"caption\":\"S\u00edlvia D\u00edaz\"},\"url\":\"https:\/\/www.activasalut.com\/ca\/author\/silvia-diaz\/\"}]}<\/script>\n<!-- \/ Yoast SEO plugin. -->","yoast_head_json":{"title":"Dia internacional de la Incontin\u00e8ncia Urin\u00e0ria: Abordant un tab\u00fa silenci\u00f3s","description":"Cada 14 de mar\u00e7, el m\u00f3n commemora el Dia Internacional de la Incontin\u00e8ncia Urin\u00e0ria, una jornada dedicada a augmentar la consci\u00e8ncia sobre aquest problema de salut que afecta al voltant de 400 milions de persones a tot el m\u00f3n. Aquest dia no busca nom\u00e9s conscienciar sobre la incontin\u00e8ncia urin\u00e0ria, sin\u00f3 tamb\u00e9 desterrar mites i tab\u00fas que envolten aquesta condici\u00f3 que impacta a la qualitat de vida de moltes persones.","robots":{"index":"index","follow":"follow","max-snippet":"max-snippet:-1","max-image-preview":"max-image-preview:large","max-video-preview":"max-video-preview:-1"},"canonical":"https:\/\/www.activasalut.com\/ca\/dia-internacional-de-la-incontinencia-urinaria-abordant-un-tabu-silencios\/","og_locale":"ca_ES","og_type":"article","og_title":"Dia internacional de la Incontin\u00e8ncia Urin\u00e0ria: Abordant un tab\u00fa silenci\u00f3s","og_description":"Cada 14 de mar\u00e7, el m\u00f3n commemora el Dia Internacional de la Incontin\u00e8ncia Urin\u00e0ria, una jornada dedicada a augmentar la consci\u00e8ncia sobre aquest problema de salut que afecta al voltant de 400 milions de persones a tot el m\u00f3n. Aquest dia no busca nom\u00e9s conscienciar sobre la incontin\u00e8ncia urin\u00e0ria, sin\u00f3 tamb\u00e9 desterrar mites i tab\u00fas que envolten aquesta condici\u00f3 que impacta a la qualitat de vida de moltes persones.","og_url":"https:\/\/www.activasalut.com\/ca\/dia-internacional-de-la-incontinencia-urinaria-abordant-un-tabu-silencios\/","og_site_name":"Corporaci\u00f3 Fisiogesti\u00f3","article_published_time":"2024-03-13T16:20:57+00:00","article_modified_time":"2024-03-13T16:20:59+00:00","og_image":[{"width":2560,"height":1709,"url":"https:\/\/www.activasalut.com\/wp-content\/uploads\/2024\/03\/WOMAN-1-scaled.jpg","type":"image\/jpeg"}],"author":"S\u00edlvia D\u00edaz","twitter_misc":{"Escrit per":"S\u00edlvia D\u00edaz","Temps estimat de lectura":"3 minuts"},"schema":{"@context":"https:\/\/schema.org","@graph":[{"@type":"WebPage","@id":"https:\/\/www.activasalut.com\/ca\/dia-internacional-de-la-incontinencia-urinaria-abordant-un-tabu-silencios\/","url":"https:\/\/www.activasalut.com\/ca\/dia-internacional-de-la-incontinencia-urinaria-abordant-un-tabu-silencios\/","name":"Dia internacional de la Incontin\u00e8ncia Urin\u00e0ria: Abordant un tab\u00fa silenci\u00f3s","isPartOf":{"@id":"https:\/\/www.activasalut.com\/ca\/#website"},"datePublished":"2024-03-13T16:20:57+00:00","dateModified":"2024-03-13T16:20:59+00:00","author":{"@id":"https:\/\/www.activasalut.com\/ca\/#\/schema\/person\/95d459a006e19e0074ae8d3e9f6a7bc7"},"description":"Cada 14 de mar\u00e7, el m\u00f3n commemora el Dia Internacional de la Incontin\u00e8ncia Urin\u00e0ria, una jornada dedicada a augmentar la consci\u00e8ncia sobre aquest problema de salut que afecta al voltant de 400 milions de persones a tot el m\u00f3n. Aquest dia no busca nom\u00e9s conscienciar sobre la incontin\u00e8ncia urin\u00e0ria, sin\u00f3 tamb\u00e9 desterrar mites i tab\u00fas que envolten aquesta condici\u00f3 que impacta a la qualitat de vida de moltes persones.","breadcrumb":{"@id":"https:\/\/www.activasalut.com\/ca\/dia-internacional-de-la-incontinencia-urinaria-abordant-un-tabu-silencios\/#breadcrumb"},"inLanguage":"ca","potentialAction":[{"@type":"ReadAction","target":["https:\/\/www.activasalut.com\/ca\/dia-internacional-de-la-incontinencia-urinaria-abordant-un-tabu-silencios\/"]}]},{"@type":"BreadcrumbList","@id":"https:\/\/www.activasalut.com\/ca\/dia-internacional-de-la-incontinencia-urinaria-abordant-un-tabu-silencios\/#breadcrumb","itemListElement":[{"@type":"ListItem","position":1,"name":"Portada","item":"https:\/\/www.activasalut.com\/ca\/"},{"@type":"ListItem","position":2,"name":"Dia internacional de la Incontin\u00e8ncia Urin\u00e0ria: Abordant un tab\u00fa silenci\u00f3s"}]},{"@type":"WebSite","@id":"https:\/\/www.activasalut.com\/ca\/#website","url":"https:\/\/www.activasalut.com\/ca\/","name":"Corporaci\u00f3n fisiogesti\u00f3n","description":"Activa la teva salut","potentialAction":[{"@type":"SearchAction","target":{"@type":"EntryPoint","urlTemplate":"https:\/\/www.activasalut.com\/ca\/?s={search_term_string}"},"query-input":"required name=search_term_string"}],"inLanguage":"ca"},{"@type":"Person","@id":"https:\/\/www.activasalut.com\/ca\/#\/schema\/person\/95d459a006e19e0074ae8d3e9f6a7bc7","name":"S\u00edlvia D\u00edaz","image":{"@type":"ImageObject","inLanguage":"ca","@id":"https:\/\/www.activasalut.com\/ca\/#\/schema\/person\/image\/","url":"https:\/\/secure.gravatar.com\/avatar\/2ed81e7fa1c376be2c57d6eddfc8af85?s=96&d=mm&r=g","contentUrl":"https:\/\/secure.gravatar.com\/avatar\/2ed81e7fa1c376be2c57d6eddfc8af85?s=96&d=mm&r=g","caption":"S\u00edlvia D\u00edaz"},"url":"https:\/\/www.activasalut.com\/ca\/author\/silvia-diaz\/"}]}},"_links":{"self":[{"href":"https:\/\/www.activasalut.com\/ca\/wp-json\/wp\/v2\/posts\/9744"}],"collection":[{"href":"https:\/\/www.activasalut.com\/ca\/wp-json\/wp\/v2\/posts"}],"about":[{"href":"https:\/\/www.activasalut.com\/ca\/wp-json\/wp\/v2\/types\/post"}],"author":[{"embeddable":true,"href":"https:\/\/www.activasalut.com\/ca\/wp-json\/wp\/v2\/users\/61"}],"replies":[{"embeddable":true,"href":"https:\/\/www.activasalut.com\/ca\/wp-json\/wp\/v2\/comments?post=9744"}],"version-history":[{"count":2,"href":"https:\/\/www.activasalut.com\/ca\/wp-json\/wp\/v2\/posts\/9744\/revisions"}],"predecessor-version":[{"id":9756,"href":"https:\/\/www.activasalut.com\/ca\/wp-json\/wp\/v2\/posts\/9744\/revisions\/9756"}],"wp:featuredmedia":[{"embeddable":true,"href":"https:\/\/www.activasalut.com\/ca\/wp-json\/wp\/v2\/media\/9752"}],"wp:attachment":[{"href":"https:\/\/www.activasalut.com\/ca\/wp-json\/wp\/v2\/media?parent=9744"}],"wp:term":[{"taxonomy":"category","embeddable":true,"href":"https:\/\/www.activasalut.com\/ca\/wp-json\/wp\/v2\/categories?post=9744"},{"taxonomy":"post_tag","embeddable":true,"href":"https:\/\/www.activasalut.com\/ca\/wp-json\/wp\/v2\/tags?post=9744"}],"curies":[{"name":"wp","href":"https:\/\/api.w.org\/{rel}","templated":true}]}}